{"id":104144,"date":"2026-05-16T08:21:08","date_gmt":"2026-05-16T08:21:08","guid":{"rendered":"https:\/\/www.europesays.com\/afrique\/104144\/"},"modified":"2026-05-16T08:21:08","modified_gmt":"2026-05-16T08:21:08","slug":"tunisie-lile-de-djerba-voit-ses-reservations-chuter-en-debut-de-saison-estivale","status":"publish","type":"post","link":"https:\/\/www.europesays.com\/afrique\/104144\/","title":{"rendered":"Tunisie : l\u2019\u00eele de Djerba voit ses r\u00e9servations chuter en d\u00e9but de saison estivale"},"content":{"rendered":"<p style=\"font-weight: 400;\">L\u2019\u00eele de Djerba, destination phare de Tunisie, commence d\u00e9j\u00e0 \u00e0 subir les r\u00e9percussions de la\u00a0guerre au Moyen-Orient. Les r\u00e9servations en ce d\u00e9but de la saison estivale\u00a0<a href=\"https:\/\/www.visa-algerie.com\/reservations-touristiques-en-france-le-maroc-degringole-la-tunisie-resiste-un-peu-mieux\/\" rel=\"nofollow noopener\" target=\"_blank\">tournent d\u00e9j\u00e0 au ralenti<\/a>, suscitant l\u2019inqui\u00e9tude des professionnels du secteur.<\/p>\n<p style=\"font-weight: 400;\">Depuis le d\u00e9but du conflit au Moyen-Orient fin f\u00e9vrier dernier, les r\u00e9servations de touristes \u00e9trangers pour la Tunisie sont en nette baisse.<\/p>\n<p>NOS VIDEOS\u00a0<\/p>\n<p style=\"font-weight: 400;\">En\u00a0France\u00a0par exemple, l\u2019un des plus grands\u00a0march\u00e9s \u00e9metteurs, les r\u00e9servations pour la Tunisie ont chut\u00e9 de\u00a025,7 % en mars dernier, par rapport au m\u00eame mois de l\u2019ann\u00e9e d\u2019avant, selon le Barom\u00e8tre Orchestra\/L\u2019\u00c9cho Touristique. En avril, <a href=\"https:\/\/www.visa-algerie.com\/reservations-touristiques-en-france-le-maroc-degringole-la-tunisie-resiste-un-peu-mieux\/\" rel=\"nofollow noopener\" target=\"_blank\">la chute s\u2019est poursuivie (-10,10%)<\/a>. <\/p>\n<p>Les r\u00e9servations pour Djerba tournent au ralenti en ce d\u00e9but de saison<\/p>\n<p style=\"font-weight: 400;\">Cette tendance \u00e0 la baisse se confirme au\u00a0d\u00e9but de la saison estivale, selon des professionnels du secteur touristique en Tunisie, rencontr\u00e9s par l\u2019AFP. La saison touristique\u00a0sur l\u2019\u00eele de Djerba\u00a0a d\u00e9marr\u00e9 d\u00e9but mai mais le secteur d\u00e9j\u00e0\u00a0tourne au ralenti, rapporte le journaliste de l\u2019agence fran\u00e7aise.<\/p>\n<p style=\"font-weight: 400;\">En f\u00e9vrier dernier, soit avant le d\u00e9clenchement des hostilit\u00e9s au Moyen-Orient, \u00ab\u00a0nous recevions par exemple 100 nouvelles r\u00e9servations par jour. Maintenant c\u2019est seulement 50\u00a0\u00bb, indique le directeur d\u2019un h\u00f4tel 5 \u00e9toiles situ\u00e9 dans le nord-est de l\u2019\u00eele, tout pr\u00e8s d\u2019une longue plage.<\/p>\n<p style=\"font-weight: 400;\">Le directeur de l\u2019\u00e9tablissement souligne\u00a0qu\u2019il n\u2019y a pas eu d\u2019annulations, mais il affirme que les r\u00e9servations des touristes \u00e9trangers pour cette destination de premier plan\u00a0tournent moins vite qu\u2019avant\u00a0les perturbations provoqu\u00e9es par le conflit.<\/p>\n<p>\u00ab\u00a0Quand les billets d\u2019avion co\u00fbtent en moyenne 70 \u00e0 80 euros de plus, ce n\u2019est pas rien\u00a0\u00bb<\/p>\n<p style=\"font-weight: 400;\">De son point de vue,\u00a0<a href=\"https:\/\/www.visa-algerie.com\/france-les-ventes-de-voyages-vers-le-maroc-et-la-tunisie-en-chute-libre\/\" rel=\"nofollow noopener\" target=\"_blank\">ce ralentissement<\/a>\u00a0est directement li\u00e9 \u00e0 la\u00a0flamb\u00e9e des prix\u00a0du p\u00e9trole et du carburant a\u00e9rien. \u00ab\u00a0Quand les billets d\u2019avion co\u00fbtent en moyenne 70 \u00e0 80 euros de plus, ce n\u2019est pas rien\u00a0\u00bb, dit-il, pr\u00e9cisant que les touristes commencent \u00e0\u00a0chercher d\u2019autres alternatives.<\/p>\n<p style=\"font-weight: 400;\">Ce ralentissement ressenti \u00e0 Djerba au tout d\u00e9but de la saison est plut\u00f4t\u00a0inqui\u00e9tant, d\u2019autant que l\u2019\u00eele avait accueilli\u00a01,23 million de touristes en 2025, en\u00a0hausse de 5 %\u00a0par rapport \u00e0 l\u2019ann\u00e9e pr\u00e9c\u00e9dente et\u00a0de 1,1 %\u00a0par rapport au record de 2019.<\/p>\n<p style=\"font-weight: 400;\">Pour l\u2019ann\u00e9e en cours pourtant, la destination esp\u00e9rait avoir une\u00a0hausse de 7 \u00e0 8 %, des pr\u00e9visions formul\u00e9es\u00a0avant que les tensions\u00a0au Moyen-Orient, selon Hichem Mahouachi, d\u00e9l\u00e9gu\u00e9 r\u00e9gional de l\u2019Office de tourisme ONTT.<\/p>\n<p style=\"font-weight: 400;\">L\u2019\u00eele de Djerba ne pourra \u00e9galement pas compter sur\u00a0les march\u00e9s de proximit\u00e9, notamment\u00a0l\u2019Alg\u00e9rie, car les\u00a0touristes alg\u00e9riens\u00a0ne sont pas tr\u00e8s nombreux \u00e0 se rendre dans cette destination. Une saison qui s\u2019annonce d\u00e9j\u00e0 assez\u00a0compliqu\u00e9e.\u00a0<\/p>\n","protected":false},"excerpt":{"rendered":"L\u2019\u00eele de Djerba, destination phare de Tunisie, commence d\u00e9j\u00e0 \u00e0 subir les r\u00e9percussions de la\u00a0guerre au Moyen-Orient. Les&hellip;\n","protected":false},"author":2,"featured_media":104145,"comment_status":"","ping_status":"","sticky":false,"template":"","format":"standard","meta":{"footnotes":"","_share_on_mastodon":"0"},"categories":[120],"tags":[36838,4708,124],"class_list":["post-104144","post","type-post","status-publish","format-standard","has-post-thumbnail","category-tunisie","tag-baisse-reservations-touristiques","tag-djerba","tag-tunisie"],"share_on_mastodon":{"url":"https:\/\/pubeurope.com\/@afrique\/116583287040462749","error":""},"_links":{"self":[{"href":"https:\/\/www.europesays.com\/afrique\/wp-json\/wp\/v2\/posts\/104144","targetHints":{"allow":["GET"]}}],"collection":[{"href":"https:\/\/www.europesays.com\/afrique\/wp-json\/wp\/v2\/posts"}],"about":[{"href":"https:\/\/www.europesays.com\/afrique\/wp-json\/wp\/v2\/types\/post"}],"author":[{"embeddable":true,"href":"https:\/\/www.europesays.com\/afrique\/wp-json\/wp\/v2\/users\/2"}],"replies":[{"embeddable":true,"href":"https:\/\/www.europesays.com\/afrique\/wp-json\/wp\/v2\/comments?post=104144"}],"version-history":[{"count":0,"href":"https:\/\/www.europesays.com\/afrique\/wp-json\/wp\/v2\/posts\/104144\/revisions"}],"wp:featuredmedia":[{"embeddable":true,"href":"https:\/\/www.europesays.com\/afrique\/wp-json\/wp\/v2\/media\/104145"}],"wp:attachment":[{"href":"https:\/\/www.europesays.com\/afrique\/wp-json\/wp\/v2\/media?parent=104144"}],"wp:term":[{"taxonomy":"category","embeddable":true,"href":"https:\/\/www.europesays.com\/afrique\/wp-json\/wp\/v2\/categories?post=104144"},{"taxonomy":"post_tag","embeddable":true,"href":"https:\/\/www.europesays.com\/afrique\/wp-json\/wp\/v2\/tags?post=104144"}],"curies":[{"name":"wp","href":"https:\/\/api.w.org\/{rel}","templated":true}]}}