{"id":104822,"date":"2026-05-17T02:09:19","date_gmt":"2026-05-17T02:09:19","guid":{"rendered":"https:\/\/www.europesays.com\/afrique\/104822\/"},"modified":"2026-05-17T02:09:19","modified_gmt":"2026-05-17T02:09:19","slug":"nigeria-17-policiers-tues-dans-une-attaque-terroriste-contre-un-centre-dentrainement-2","status":"publish","type":"post","link":"https:\/\/www.europesays.com\/afrique\/104822\/","title":{"rendered":"Nigeria : 17 policiers tu\u00e9s dans une attaque terroriste contre un centre d\u2019entra\u00eenement"},"content":{"rendered":"<p>\t\t\t\t\t<a class=\"post-thumbnail open-lightbox\" href=\"https:\/\/atlasinfo.fr\/wp-content\/uploads\/2026\/05\/Capture-decran-2026-05-17-005115-e1778971994717.png\" rel=\"nofollow noopener\" target=\"_blank\"><img decoding=\"async\" src=\"https:\/\/www.europesays.com\/afrique\/wp-content\/uploads\/2026\/05\/Capture-decran-2026-05-17-005115-750x430.png\" alt=\"\"\/>\t\t\t\t\t\t<\/a><\/p>\n<p>La police locale a annonc\u00e9 samedi que 17 policiers avaient \u00e9t\u00e9 tu\u00e9s la semaine derni\u00e8re lors d\u2019une attaque terroriste visant un centre d\u2019entra\u00eenement dans le nord-est du Nigeria.<\/p>\n<p>Les victimes, qui suivaient une formation sp\u00e9cialis\u00e9e \u00e0 l\u2019\u00c9cole des forces sp\u00e9ciales de l\u2019arm\u00e9e nig\u00e9riane, situ\u00e9e dans l\u2019\u00c9tat de Yobe, ont perdu la vie suite \u00e0 une attaque nocturne coordonn\u00e9e survenue le 8 mai, selon un communiqu\u00e9 de la police.<\/p>\n<p>Plusieurs soldats nig\u00e9rians ont \u00e9galement \u00e9t\u00e9 tu\u00e9s alors qu\u2019ils tentaient de d\u00e9fendre l\u2019installation militaire contre les assaillants, a pr\u00e9cis\u00e9 la m\u00eame source.<\/p>\n<p><a itemprop=\"url\" class=\"tscikr-link\" href=\"https:\/\/www.ntla9awfbladna.ma\/tabi3at-bladna\/?source=campagne-mp\" target=\"_blank\" rel=\"nofollow noopener\"><img decoding=\"async\" class=\"tscikr-image\" src=\"https:\/\/www.europesays.com\/afrique\/wp-content\/uploads\/2026\/04\/CAMPING-300x250-100.jpg\" alt=\"onmt-midpost-042026\"\/><\/a> <\/p>\n<p>L\u2019inspecteur g\u00e9n\u00e9ral de la police a d\u00e9clar\u00e9 que les forces de l\u2019ordre, en \u00e9troite collaboration avec les forces arm\u00e9es et d\u2019autres agences de s\u00e9curit\u00e9, d\u00e9ploient des efforts concert\u00e9s pour traduire les responsables de cette attaque en justice.<\/p>\n<p>Ces derniers mois, plusieurs \u00c9tats du nord du Nigeria ont connu une recrudescence des violences terroristes, principalement attribu\u00e9es \u00e0 Boko Haram et \u00e0 l\u2019\u00c9tat islamique en Afrique de l\u2019Ouest. Ces attaques ont entra\u00een\u00e9 de lourdes pertes en vies humaines, tant parmi les civils que les militaires, et ont provoqu\u00e9 le d\u00e9placement de milliers de personnes.<\/p>\n","protected":false},"excerpt":{"rendered":"La police locale a annonc\u00e9 samedi que 17 policiers avaient \u00e9t\u00e9 tu\u00e9s la semaine derni\u00e8re lors d\u2019une attaque&hellip;\n","protected":false},"author":2,"featured_media":104823,"comment_status":"","ping_status":"","sticky":false,"template":"","format":"standard","meta":{"footnotes":"","_share_on_mastodon":"0"},"categories":[176],"tags":[16786,6,103,1157,701,3044,37036,228,105,127,192,37034,37035,2059,9337,697,225],"class_list":["post-104822","post","type-post","status-publish","format-standard","has-post-thumbnail","category-nigeria","tag-16786","tag-afrique","tag-atlasinfo","tag-attaque","tag-centre","tag-contre","tag-dentrainement","tag-dans","tag-en-direct","tag-international","tag-nigeria","tag-nigeria-17-policiers-tues-dans-une-attaque-terroriste-contre-un-centre-dentrainement","tag-policiers","tag-terroriste","tag-tues","tag-un","tag-une"],"share_on_mastodon":{"url":"https:\/\/pubeurope.com\/@afrique\/116587486568355320","error":""},"_links":{"self":[{"href":"https:\/\/www.europesays.com\/afrique\/wp-json\/wp\/v2\/posts\/104822","targetHints":{"allow":["GET"]}}],"collection":[{"href":"https:\/\/www.europesays.com\/afrique\/wp-json\/wp\/v2\/posts"}],"about":[{"href":"https:\/\/www.europesays.com\/afrique\/wp-json\/wp\/v2\/types\/post"}],"author":[{"embeddable":true,"href":"https:\/\/www.europesays.com\/afrique\/wp-json\/wp\/v2\/users\/2"}],"replies":[{"embeddable":true,"href":"https:\/\/www.europesays.com\/afrique\/wp-json\/wp\/v2\/comments?post=104822"}],"version-history":[{"count":0,"href":"https:\/\/www.europesays.com\/afrique\/wp-json\/wp\/v2\/posts\/104822\/revisions"}],"wp:featuredmedia":[{"embeddable":true,"href":"https:\/\/www.europesays.com\/afrique\/wp-json\/wp\/v2\/media\/104823"}],"wp:attachment":[{"href":"https:\/\/www.europesays.com\/afrique\/wp-json\/wp\/v2\/media?parent=104822"}],"wp:term":[{"taxonomy":"category","embeddable":true,"href":"https:\/\/www.europesays.com\/afrique\/wp-json\/wp\/v2\/categories?post=104822"},{"taxonomy":"post_tag","embeddable":true,"href":"https:\/\/www.europesays.com\/afrique\/wp-json\/wp\/v2\/tags?post=104822"}],"curies":[{"name":"wp","href":"https:\/\/api.w.org\/{rel}","templated":true}]}}