{"id":106001,"date":"2026-05-18T12:49:08","date_gmt":"2026-05-18T12:49:08","guid":{"rendered":"https:\/\/www.europesays.com\/afrique\/106001\/"},"modified":"2026-05-18T12:49:08","modified_gmt":"2026-05-18T12:49:08","slug":"ouganda-museveni-signe-la-loi-limitant-linfluence-etrangere","status":"publish","type":"post","link":"https:\/\/www.europesays.com\/afrique\/106001\/","title":{"rendered":"Ouganda : Museveni signe la loi limitant l&rsquo;influence \u00e9trang\u00e8re"},"content":{"rendered":"<p class=\"mb-4 text-lg md:leading-8 break-words\">Le pr\u00e9sident ougandais Yoweri Museveni a promulgu\u00e9 une mesure controvers\u00e9e visant \u00e0 limiter l&rsquo;influence \u00e9trang\u00e8re, apr\u00e8s que le Parlement eut assoupli certaines dispositions qui avaient suscit\u00e9 des critiques de la part des institutions financi\u00e8res, celles-ci craignant qu&rsquo;elles n&rsquo;entravent les transferts de fonds et les activit\u00e9s de d\u00e9veloppement.<\/p>\n<p class=\"mb-4 text-lg md:leading-8 break-words\">La loi \u00e9rige en infraction p\u00e9nale la promotion des \u00ab int\u00e9r\u00eats d&rsquo;un \u00e9tranger au d\u00e9triment des int\u00e9r\u00eats de l&rsquo;Ouganda \u00bb et interdit \u00e0 toute personne agissant pour le compte d&rsquo;int\u00e9r\u00eats \u00e9trangers d&rsquo;\u00e9laborer ou de mettre en \u0153uvre des politiques sans l&rsquo;accord du gouvernement.<\/p>\n<p class=\"mb-4 text-lg md:leading-8 break-words\">Les organisations de d\u00e9fense des droits de l&rsquo;homme ont d\u00e9clar\u00e9 qu&rsquo;une formulation aussi vague permettrait au gouvernement de criminaliser pratiquement toute forme d&rsquo;opposition politique. Le gouvernement a accus\u00e9 ses d\u00e9tracteurs d&rsquo;exag\u00e9rer l&rsquo;impact du projet de loi.<\/p>\n<p class=\"mb-4 text-lg md:leading-8 break-words\">Museveni, au pouvoir depuis 1986, d\u00e9nonce r\u00e9guli\u00e8rement l&rsquo;influence \u00e9trang\u00e8re en Ouganda, accusant ses rivaux politiques nationaux de recevoir des fonds de l&rsquo;\u00e9tranger.<\/p>\n<p class=\"mb-4 text-lg md:leading-8 break-words\">Son bureau a annonc\u00e9 dimanche soir qu&rsquo;il avait sign\u00e9 le projet de loi sur la \u00ab protection de la souverainet\u00e9 \u00bb, que le Parlement avait adopt\u00e9 le 5 mai. Les sanctions en cas d&rsquo;infraction vont jusqu&rsquo;\u00e0 10 ans de prison et de lourdes amendes.<\/p>\n<p class=\"mb-4 text-lg md:leading-8 break-words\">La version finale de la loi a assoupli plusieurs dispositions ant\u00e9rieures qui avaient \u00e9t\u00e9 critiqu\u00e9es par les institutions \u00e9conomiques.<\/p>\n<p class=\"mb-4 text-lg md:leading-8 break-words\">Une loi qui obligeait tout Ougandais recevant de l&rsquo;argent de l&rsquo;\u00e9tranger \u00e0 s&rsquo;enregistrer en tant qu&rsquo;agent \u00e9tranger et \u00e0 d\u00e9clarer les fonds re\u00e7us a \u00e9t\u00e9 modifi\u00e9e pour ne s&rsquo;appliquer qu&rsquo;aux personnes recevant des fonds \u00e0 des fins politiques servant des int\u00e9r\u00eats \u00e9trangers.<\/p>\n<p class=\"mb-4 text-lg md:leading-8 break-words\">Les transferts de fonds effectu\u00e9s par les Ougandais vivant \u00e0 l&rsquo;\u00e9tranger constituent une source importante de devises \u00e9trang\u00e8res pour ce pays d&rsquo;Afrique de l&rsquo;Est.<\/p>\n<p class=\"mb-4 text-lg md:leading-8 break-words\">Le gouverneur de la Banque centrale, Michael Atingi-Ego, avait averti le mois dernier que cette loi risquait de r\u00e9duire les flux financiers vers l\u2019Ouganda et d\u2019\u00e9puiser les r\u00e9serves de devises \u00e9trang\u00e8res, une situation qu\u2019il a qualifi\u00e9e de \u00ab catastrophe \u00e9conomique pour notre pays \u00bb.<\/p>\n<p class=\"mb-4 text-lg md:leading-8 break-words\">La Banque mondiale a \u00e9galement critiqu\u00e9 la proposition initiale, estimant qu\u2019elle pourrait exposer \u00e0 une responsabilit\u00e9 p\u00e9nale un large \u00e9ventail d\u2019\u00ab activit\u00e9s de d\u00e9veloppement courantes \u00bb.<\/p>\n<p class=\"mb-4 text-lg md:leading-8 break-words\">Ni la Banque centrale ni la Banque mondiale n\u2019ont comment\u00e9 les modifications apport\u00e9es au projet de loi initial.<\/p>\n","protected":false},"excerpt":{"rendered":"Le pr\u00e9sident ougandais Yoweri Museveni a promulgu\u00e9 une mesure controvers\u00e9e visant \u00e0 limiter l&rsquo;influence \u00e9trang\u00e8re, apr\u00e8s que le&hellip;\n","protected":false},"author":2,"featured_media":106002,"comment_status":"","ping_status":"","sticky":false,"template":"","format":"standard","meta":{"footnotes":"","_share_on_mastodon":"0"},"categories":[177],"tags":[4978,37476,37477,314,10194,973],"class_list":["post-106001","post","type-post","status-publish","format-standard","has-post-thumbnail","category-ouganda","tag-defense-des-droits-de-l39homme","tag-devises-etrangeres","tag-institutions-financieres","tag-ouganda","tag-projet-de-loi","tag-yoweri-museveni"],"share_on_mastodon":{"url":"https:\/\/pubeurope.com\/@afrique\/116595665309420765","error":""},"_links":{"self":[{"href":"https:\/\/www.europesays.com\/afrique\/wp-json\/wp\/v2\/posts\/106001","targetHints":{"allow":["GET"]}}],"collection":[{"href":"https:\/\/www.europesays.com\/afrique\/wp-json\/wp\/v2\/posts"}],"about":[{"href":"https:\/\/www.europesays.com\/afrique\/wp-json\/wp\/v2\/types\/post"}],"author":[{"embeddable":true,"href":"https:\/\/www.europesays.com\/afrique\/wp-json\/wp\/v2\/users\/2"}],"replies":[{"embeddable":true,"href":"https:\/\/www.europesays.com\/afrique\/wp-json\/wp\/v2\/comments?post=106001"}],"version-history":[{"count":0,"href":"https:\/\/www.europesays.com\/afrique\/wp-json\/wp\/v2\/posts\/106001\/revisions"}],"wp:featuredmedia":[{"embeddable":true,"href":"https:\/\/www.europesays.com\/afrique\/wp-json\/wp\/v2\/media\/106002"}],"wp:attachment":[{"href":"https:\/\/www.europesays.com\/afrique\/wp-json\/wp\/v2\/media?parent=106001"}],"wp:term":[{"taxonomy":"category","embeddable":true,"href":"https:\/\/www.europesays.com\/afrique\/wp-json\/wp\/v2\/categories?post=106001"},{"taxonomy":"post_tag","embeddable":true,"href":"https:\/\/www.europesays.com\/afrique\/wp-json\/wp\/v2\/tags?post=106001"}],"curies":[{"name":"wp","href":"https:\/\/api.w.org\/{rel}","templated":true}]}}