{"id":108310,"date":"2026-05-20T19:32:10","date_gmt":"2026-05-20T19:32:10","guid":{"rendered":"https:\/\/www.europesays.com\/afrique\/108310\/"},"modified":"2026-05-20T19:32:10","modified_gmt":"2026-05-20T19:32:10","slug":"lutte-contre-la-cybercriminalite-et-la-drogue-la-police-privilegie-la-prevention-dans-les-ecoles","status":"publish","type":"post","link":"https:\/\/www.europesays.com\/afrique\/108310\/","title":{"rendered":"Lutte contre la cybercriminalit\u00e9 et la drogue : la police privil\u00e9gie la pr\u00e9vention dans les \u00e9coles\u00a0\u00a0"},"content":{"rendered":"<p>Le projet \u00c9ducation polici\u00e8re s\u00e9n\u00e9galaise (Edupolsen) a sensibilis\u00e9 les \u00e9l\u00e8ves du lyc\u00e9e d\u2019enseignement g\u00e9n\u00e9ral de Diourbel au respect des symboles de la nation, \u00e0 la s\u00e9curit\u00e9 routi\u00e8re, \u00e0 la pr\u00e9vention des violences et addictions, aux dangers d\u2019internet, entre autres.<\/p>\n<p>La direction g\u00e9n\u00e9rale de la police nationale a pris l\u2019option de privil\u00e9gier la pr\u00e9vention dans le cadre de la lutte contre l\u2019ins\u00e9curit\u00e9 routi\u00e8re, la drogue et la cybercriminalit\u00e9 dans les \u00e9coles s\u00e9n\u00e9galaises. L\u2019information a \u00e9t\u00e9 donn\u00e9e par le chef du service r\u00e9gional de la s\u00e9curit\u00e9 publique de Diourbel, Ousmane Di\u00e9dhiou.<\/p>\n<p>Il s\u2019exprimait, mercredi, \u00e0 l\u2019occasion de la c\u00e9r\u00e9monie du lancement officiel du projet Edupolsen, au lyc\u00e9e d\u2019enseignement g\u00e9n\u00e9ral de Diourbel. Selon le commissaire de police principal, leur autorit\u00e9 de tutelle a d\u00e9cid\u00e9 avec ce nouveau concept de la police de proximit\u00e9 d\u2019inverser la tendance, en cr\u00e9ant les conditions permettant un dialogue permanent avec les populations d\u2019une mani\u00e8re g\u00e9n\u00e9rale et les \u00e9coles en particulier.<\/p>\n<p>A lire aussi : <a href=\"https:\/\/lesoleil.sn\/actualites\/societe-fait-divers\/projet-education-policiere-senegalaise-mame-seydou-ndour-mise-sur-le-rapprochement-citoyen\/\" rel=\"nofollow noopener\" target=\"_blank\">Projet \u00ab \u00e9ducation polici\u00e8re s\u00e9n\u00e9galaise \u00bb : Mame Seydou Ndour mise sur le rapprochement citoyen<\/a><\/p>\n<p>\u00ab La Police s\u00e9n\u00e9galaise ne se limite pas \u00e0 des interventions dans les \u00e9coles ou universit\u00e9s pour faire cesser un trouble \u00e0 l\u2019ordre public, mais elle a choisi aujourd\u2019hui d\u2019inverser la tendance en agissant en amont, par la pr\u00e9vention, l\u2019\u00e9ducation, en instaurant un dialogue permanent avec la communaut\u00e9 \u00e9ducative \u00bb, a-t-il dit.<\/p>\n<p>Le chef du commissariat central de la police de Diourbel a \u00e9galement pr\u00e9cis\u00e9 que le projet Edupolsen est au-del\u00e0 d\u2019une simple op\u00e9ration de communication intentionnelle, un d\u00e9sir fort d\u2019agir en amont dans l\u2019\u00e9ducation et la sensibilisation, plut\u00f4t qu\u2019en aval dans le contr\u00f4le et l\u2019interpellation.<\/p>\n<p>L\u2019inspecteur d\u2019acad\u00e9mie de Diourbel, Aboubacry Sadikh Niang, a salu\u00e9 cette nouvelle initiative de la police nationale. Il a indiqu\u00e9 que ce projet constitue une d\u00e9marche inclusive contribuant \u00e0 rapprocher les fonctionnaires de la police des \u00e9l\u00e8ves.<\/p>\n<p>Oumar Bayo Ba<\/p>\n","protected":false},"excerpt":{"rendered":"Le projet \u00c9ducation polici\u00e8re s\u00e9n\u00e9galaise (Edupolsen) a sensibilis\u00e9 les \u00e9l\u00e8ves du lyc\u00e9e d\u2019enseignement g\u00e9n\u00e9ral de Diourbel au respect&hellip;\n","protected":false},"author":2,"featured_media":108311,"comment_status":"","ping_status":"","sticky":false,"template":"","format":"standard","meta":{"footnotes":"","_share_on_mastodon":"0"},"categories":[84],"tags":[38108,38109,38110,38111,38112,38113,6565,11],"class_list":["post-108310","post","type-post","status-publish","format-standard","has-post-thumbnail","category-senegal","tag-aboubacry-sadikh-niang","tag-edupolsen","tag-linspecteur-dacademie-de-diourbel","tag-le-chef-du-service-regional-de-la-securite-publique-de-diourbel","tag-lycee-denseignement-general-de-diourbel","tag-ousmane-diedhiou","tag-police-nationale","tag-senegal"],"share_on_mastodon":{"url":"https:\/\/pubeurope.com\/@afrique\/116608574715873359","error":""},"_links":{"self":[{"href":"https:\/\/www.europesays.com\/afrique\/wp-json\/wp\/v2\/posts\/108310","targetHints":{"allow":["GET"]}}],"collection":[{"href":"https:\/\/www.europesays.com\/afrique\/wp-json\/wp\/v2\/posts"}],"about":[{"href":"https:\/\/www.europesays.com\/afrique\/wp-json\/wp\/v2\/types\/post"}],"author":[{"embeddable":true,"href":"https:\/\/www.europesays.com\/afrique\/wp-json\/wp\/v2\/users\/2"}],"replies":[{"embeddable":true,"href":"https:\/\/www.europesays.com\/afrique\/wp-json\/wp\/v2\/comments?post=108310"}],"version-history":[{"count":0,"href":"https:\/\/www.europesays.com\/afrique\/wp-json\/wp\/v2\/posts\/108310\/revisions"}],"wp:featuredmedia":[{"embeddable":true,"href":"https:\/\/www.europesays.com\/afrique\/wp-json\/wp\/v2\/media\/108311"}],"wp:attachment":[{"href":"https:\/\/www.europesays.com\/afrique\/wp-json\/wp\/v2\/media?parent=108310"}],"wp:term":[{"taxonomy":"category","embeddable":true,"href":"https:\/\/www.europesays.com\/afrique\/wp-json\/wp\/v2\/categories?post=108310"},{"taxonomy":"post_tag","embeddable":true,"href":"https:\/\/www.europesays.com\/afrique\/wp-json\/wp\/v2\/tags?post=108310"}],"curies":[{"name":"wp","href":"https:\/\/api.w.org\/{rel}","templated":true}]}}