{"id":108938,"date":"2026-05-21T11:40:10","date_gmt":"2026-05-21T11:40:10","guid":{"rendered":"https:\/\/www.europesays.com\/afrique\/108938\/"},"modified":"2026-05-21T11:40:10","modified_gmt":"2026-05-21T11:40:10","slug":"souverainete-numerique-tchadix-et-lavenir-dinternet","status":"publish","type":"post","link":"https:\/\/www.europesays.com\/afrique\/108938\/","title":{"rendered":"Souverainet\u00e9 num\u00e9rique : TCHADIX et l&rsquo;avenir d&rsquo;Internet"},"content":{"rendered":"<p>[DIGITAL Business Africa] \u2013 Le Tchad acc\u00e9l\u00e8re la structuration de son \u00e9cosyst\u00e8me Internet national. R\u00e9unis ce mai 2026 \u00e0 l\u2019h\u00f4tel Radisson Blu Hotel <a href=\"https:\/\/www.digitalbusiness.africa\/tchad-laeroport-international-hassan-djamous-de-ndjamena-en-mode-smart\/\" target=\"_blank\" rel=\"noopener nofollow\">N\u2019Djamena<\/a>, les membres de <a href=\"https:\/\/www.alwihdainfo.com\/tchadix-un-an-apres-cap-sur-la-consolidation-numerique\/\" target=\"_blank\" rel=\"noopener nofollow\">TCHADIX<\/a> ont ouvert leur Assembl\u00e9e g\u00e9n\u00e9rale autour du th\u00e8me : \u00ab Pour un internet tchadien plus performant et souverain \u00bb. Cette rencontre strat\u00e9gique rassemble fournisseurs d\u2019acc\u00e8s Internet, op\u00e9rateurs de t\u00e9l\u00e9phonie mobile et acteurs cl\u00e9s du num\u00e9rique tchadien.<\/p>\n<p>Pr\u00e9sidant les travaux, Adoum Djimet Saboun a pr\u00e9sent\u00e9 cette Assembl\u00e9e g\u00e9n\u00e9rale comme une \u00e9tape majeure dans la consolidation d\u2019un \u00e9cosyst\u00e8me num\u00e9rique national plus accessible, s\u00e9curis\u00e9 et performant. Selon lui, TCHADIX est le fruit d\u2019une d\u00e9marche collective port\u00e9e par Agence de D\u00e9veloppement des Technologies de l\u2019Information et de la Communication, avec l\u2019implication des principaux acteurs des TIC du pays afin de mettre en place une gouvernance collaborative du point d\u2019\u00e9change Internet national.<\/p>\n<p>Le responsable souligne que TCHADIX repr\u00e9sente aujourd\u2019hui un levier strat\u00e9gique pour am\u00e9liorer la qualit\u00e9 de l\u2019Internet au Tchad, tout en r\u00e9duisant les co\u00fbts de connectivit\u00e9 gr\u00e2ce \u00e0 l\u2019\u00e9change local du trafic Internet entre op\u00e9rateurs et fournisseurs d\u2019acc\u00e8s.<\/p>\n<p>Structur\u00e9 sous la forme d\u2019un groupement d\u2019int\u00e9r\u00eat \u00e9conomique, TCHADIX ambitionne \u00e9galement de renforcer la souverainet\u00e9 num\u00e9rique du pays. L\u2019infrastructure vise notamment \u00e0 encourager l\u2019h\u00e9bergement local des donn\u00e9es et \u00e0 limiter la d\u00e9pendance du Tchad vis-\u00e0-vis des infrastructures \u00e9trang\u00e8res, dans un contexte mondial marqu\u00e9 par l\u2019acc\u00e9l\u00e9ration de la transformation num\u00e9rique.<\/p>\n<p>Pour Adoum Djimet Saboun, cette dynamique s\u2019inscrit dans les orientations strat\u00e9giques de Haliki Choua Mahamat, dont la vision place les infrastructures num\u00e9riques et la transformation digitale parmi les priorit\u00e9s nationales. Il a \u00e9galement rappel\u00e9 que cette ambition rejoint la politique impuls\u00e9e par Mahamat Idriss D\u00e9by Itno en faveur d\u2019un Tchad connect\u00e9, moderne et souverain sur le plan num\u00e9rique.<\/p>\n<p>Afin de renforcer sa gouvernance, TCHADIX s\u2019appuie sur trois organes majeurs : l\u2019Assembl\u00e9e g\u00e9n\u00e9rale, le Conseil d\u2019administration et le Comit\u00e9 ex\u00e9cutif. Les travaux en cours devraient permettre de finaliser la d\u00e9signation du Comit\u00e9 ex\u00e9cutif, consid\u00e9r\u00e9 comme une \u00e9tape essentielle pour acc\u00e9l\u00e9rer la mise en \u0153uvre des projets li\u00e9s \u00e0 l\u2019interconnexion nationale.<\/p>\n<p>Au cours de cette Assembl\u00e9e g\u00e9n\u00e9rale, Zahra Ahmed Sidik a \u00e9t\u00e9 d\u00e9sign\u00e9e Pr\u00e9sidente de l\u2019Assembl\u00e9e g\u00e9n\u00e9rale pour un mandat de deux ans, marquant une nouvelle phase dans la structuration institutionnelle de TCHADIX.<\/p>\n<p>\u00c0 travers cette initiative, Agence de D\u00e9veloppement des Technologies de l\u2019Information et de la Communication r\u00e9affirme son ambition de d\u00e9velopper des infrastructures num\u00e9riques modernes capables de soutenir la croissance de l\u2019\u00e9conomie num\u00e9rique tchadienne et de garantir un Internet plus stable, s\u00e9curis\u00e9 et souverain pour les populations et les entreprises.<\/p>\n<p>par Lo\u00efc SOUOP<\/p>\n<p>Source : ADETIC<\/p>\n","protected":false},"excerpt":{"rendered":"[DIGITAL Business Africa] \u2013 Le Tchad acc\u00e9l\u00e8re la structuration de son \u00e9cosyst\u00e8me Internet national. R\u00e9unis ce mai 2026&hellip;\n","protected":false},"author":2,"featured_media":108939,"comment_status":"","ping_status":"","sticky":false,"template":"","format":"standard","meta":{"footnotes":"","_share_on_mastodon":"0"},"categories":[4],"tags":[32224,38254,6,2425,12893,1829,1979,1346,30918,20928,38255,4042,1028,38256,7151,38257],"class_list":["post-108938","post","type-post","status-publish","format-standard","has-post-thumbnail","category-afrique","tag-adetic","tag-adoum-djimet-saboun","tag-afrique","tag-connectivite","tag-ecosysteme-numerique","tag-gouvernance","tag-infrastructures","tag-internet","tag-ndjamena","tag-operateurs","tag-point-dechange","tag-souverainete-numerique","tag-tchad","tag-tchadix","tag-transformation-digitale","tag-zahra-ahmed-sidik"],"share_on_mastodon":{"url":"https:\/\/pubeurope.com\/@afrique\/116612381022512645","error":""},"_links":{"self":[{"href":"https:\/\/www.europesays.com\/afrique\/wp-json\/wp\/v2\/posts\/108938","targetHints":{"allow":["GET"]}}],"collection":[{"href":"https:\/\/www.europesays.com\/afrique\/wp-json\/wp\/v2\/posts"}],"about":[{"href":"https:\/\/www.europesays.com\/afrique\/wp-json\/wp\/v2\/types\/post"}],"author":[{"embeddable":true,"href":"https:\/\/www.europesays.com\/afrique\/wp-json\/wp\/v2\/users\/2"}],"replies":[{"embeddable":true,"href":"https:\/\/www.europesays.com\/afrique\/wp-json\/wp\/v2\/comments?post=108938"}],"version-history":[{"count":0,"href":"https:\/\/www.europesays.com\/afrique\/wp-json\/wp\/v2\/posts\/108938\/revisions"}],"wp:featuredmedia":[{"embeddable":true,"href":"https:\/\/www.europesays.com\/afrique\/wp-json\/wp\/v2\/media\/108939"}],"wp:attachment":[{"href":"https:\/\/www.europesays.com\/afrique\/wp-json\/wp\/v2\/media?parent=108938"}],"wp:term":[{"taxonomy":"category","embeddable":true,"href":"https:\/\/www.europesays.com\/afrique\/wp-json\/wp\/v2\/categories?post=108938"},{"taxonomy":"post_tag","embeddable":true,"href":"https:\/\/www.europesays.com\/afrique\/wp-json\/wp\/v2\/tags?post=108938"}],"curies":[{"name":"wp","href":"https:\/\/api.w.org\/{rel}","templated":true}]}}