{"id":109729,"date":"2026-05-22T08:21:11","date_gmt":"2026-05-22T08:21:11","guid":{"rendered":"https:\/\/www.europesays.com\/afrique\/109729\/"},"modified":"2026-05-22T08:21:11","modified_gmt":"2026-05-22T08:21:11","slug":"france-lelysee-celebre-les-25-ans-de-la-loi-taubira","status":"publish","type":"post","link":"https:\/\/www.europesays.com\/afrique\/109729\/","title":{"rendered":"France : l\u2019\u00c9lys\u00e9e c\u00e9l\u00e8bre les 25 ans de la loi Taubira"},"content":{"rendered":"<p><img loading=\"lazy\" decoding=\"async\" src=\"https:\/\/www.europesays.com\/afrique\/wp-content\/uploads\/2026\/05\/11b1d6fb-france-lelysee-celebre-les-25-ans-de-la-loi-taubira-et-appelle-a-renforcer-le-travail-memor.webp\" alt=\"Le pr\u00e9sident fran\u00e7ais Emmanuel Macron prononce un discours lors d'une c\u00e9r\u00e9monie marquant le 25e anniversaire de la loi reconnaissant la traite n\u00e9gri\u00e8re et l'esclavage comme des crimes contre l'humanit\u00e9, \u00e0 l'\u00c9lys\u00e9e, \u00e0 Paris, le 21 mai 2026. \" width=\"640\" height=\"359\" class=\"ys-img\"\/><\/p>\n<p>Cr\u00e9dit Photo : THIBAULT CAMUS  \/ POOL \/ AFP<\/p>\n<p>Le pr\u00e9sident fran\u00e7ais Emmanuel Macron prononce un discours lors d&rsquo;une c\u00e9r\u00e9monie marquant le 25e anniversaire de la loi reconnaissant la traite n\u00e9gri\u00e8re et l&rsquo;esclavage comme des crimes contre l&rsquo;humanit\u00e9, \u00e0 l&rsquo;\u00c9lys\u00e9e, \u00e0 Paris, le 21 mai 2026. <\/p>\n<p>\u00c0 l\u2019occasion du 25\u1d49 anniversaire de la loi du 21 mai 2001 reconnaissant l\u2019esclavage et la traite n\u00e9gri\u00e8re comme crime contre l\u2019humanit\u00e9, une c\u00e9r\u00e9monie s\u2019est tenue \u00e0 l\u2019\u00c9lys\u00e9e en pr\u00e9sence de nombreuses personnalit\u00e9s politiques, diplomatiques et associatives, notamment Christiane Taubira, rapporteure de la loi de 2001, et le directeur g\u00e9n\u00e9ral de l\u2019UNESCO, Khaled El-Enany.<\/p>\n<p class=\"ys-paragraph-node align-justify\">Le chef de l\u2019\u00c9tat, Emmanuel Macron, a rendu hommage au travail men\u00e9 autour de cette loi port\u00e9e par Christiane Taubira, soulignant son r\u00f4le dans la reconnaissance de cette m\u00e9moire et dans l\u2019\u00e9volution des politiques publiques de comm\u00e9moration et de recherche historique.<\/p>\n<p>Dans son discours, il est revenu sur les avanc\u00e9es r\u00e9alis\u00e9es depuis 25 ans : inscription du 10 mai comme journ\u00e9e nationale, d\u00e9veloppement de la recherche scientifique, cr\u00e9ation de lieux de m\u00e9moire et renforcement de l\u2019enseignement sur l\u2019esclavage et la traite dans les programmes scolaires.<\/p>\n<p class=\"ys-paragraph-node align-justify\">Le pr\u00e9sident a \u00e9galement insist\u00e9 sur la n\u00e9cessit\u00e9 de poursuivre ce travail de m\u00e9moire, notamment \u00e0 travers l\u2019\u00e9ducation, la recherche et la reconnaissance des victimes et des r\u00e9cits historiques longtemps marginalis\u00e9s.<\/p>\n<p>Le pr\u00e9sident de la R\u00e9publique est revenu sur le Code noir, rappelant qu\u2019<\/p>\n<p>\u00ab\u00a0il subsiste encore un texte qui n&rsquo;aurait jamais d\u00fb survivre \u00e0 l&rsquo;abolition de l&rsquo;esclavage, encore moins traverser les si\u00e8cles jusqu&rsquo;\u00e0 nous\u00a0\u00bb<\/p>\n<p>, soulignant qu\u2019il s\u2019agit d\u2019<\/p>\n<p>\u00ab\u00a0un texte qui n&rsquo;a jamais fait l&rsquo;objet d&rsquo;une abrogation formelle par la R\u00e9publique\u00a0\u00bb<\/p>\n<p>. <\/p>\n<p>Il a d\u00e9crit ce texte historique comme <\/p>\n<p>\u00ab\u00a0promulgu\u00e9 en mars 1685 sous l&rsquo;\u00e9gide de Louis XIV, r\u00e9dig\u00e9 sous l&rsquo;autorit\u00e9 de Colbert\u00a0\u00bb<\/p>\n<p>, compos\u00e9 de <\/p>\n<p>\u00ab\u00a060 articles destin\u00e9s \u00e0 organiser la mise en esclavage d&rsquo;\u00eatres humains dans les colonies fran\u00e7aises\u00a0\u00bb<\/p>\n<p>, visant \u00e0 <\/p>\n<p>\u00ab\u00a0r\u00e9duire les Africains \u00e0 l&rsquo;\u00e9tat de biens meubles\u00a0\u00bb<\/p>\n<p> et \u00e0 encadrer les violences et la s\u00e9paration des familles.<\/p>\n<p>Le chef de l\u2019\u00c9tat a estim\u00e9 que, m\u00eame si <\/p>\n<p>\u00ab\u00a0depuis l&rsquo;abolition de l&rsquo;esclavage du 27 avril 1848, ce terrible code ne produit plus d&rsquo;effets juridiques\u00a0\u00bb<\/p>\n<p>, son maintien dans l\u2019ordre juridique constitue un probl\u00e8me m\u00e9moriel et symbolique, affirmant que <\/p>\n<p>\u00ab\u00a0le silence, voire l&rsquo;indiff\u00e9rence que nous maintenons depuis pr\u00e8s de deux si\u00e8cles \u00e0 l&rsquo;\u00e9gard de ce code noir [\u2026] est devenu une forme d&rsquo;offense\u00a0\u00bb<\/p>\n<p>. Il a enfin annonc\u00e9 soutenir une initiative parlementaire visant \u00e0 son abrogation, en d\u00e9bat \u00e0 l\u2019Assembl\u00e9e nationale le 28 mai prochain.<\/p>\n<p>Pour rappel le Code noir est un \u00e9dit promulgu\u00e9 en 1685 sous le r\u00e8gne de Louis XIV, qui encadrait l\u2019esclavage dans les colonies fran\u00e7aises.<\/p>\n<p class=\"ys-paragraph-node align-justify\">Il d\u00e9finissait les droits des ma\u00eetres et les conditions de vie impos\u00e9es aux personnes r\u00e9duites en esclavage, consid\u00e9r\u00e9es comme des biens meubles et priv\u00e9es de libert\u00e9 juridique. Ce texte a structur\u00e9 durablement le syst\u00e8me esclavagiste dans les territoires coloniaux jusqu\u2019\u00e0 l\u2019abolition d\u00e9finitive de l\u2019esclavage en 1848.<\/p>\n<p>Cr\u00e9ation d\u2019un m\u00e9morial des victimes de l\u2019esclavage \u00e0 Paris<\/p>\n<p class=\"ys-paragraph-node align-justify\">Il a par ailleurs \u00e9voqu\u00e9 la poursuite du travail m\u00e9moriel et scientifique, notamment \u00e0 travers les commissions historiques avec plusieurs pays, dont Ha\u00efti, le Cameroun, le Rwanda et le Ghana, afin d\u2019approfondir les travaux sur la colonisation et ses cons\u00e9quences.<\/p>\n<p>Le pr\u00e9sident a \u00e9galement annonc\u00e9 la poursuite des projets de m\u00e9moire, notamment la cr\u00e9ation d\u2019un m\u00e9morial des victimes de l\u2019esclavage \u00e0 Paris, ainsi que la restitution d\u2019\u0153uvres et de biens culturels consid\u00e9r\u00e9s comme acquis dans des contextes de domination coloniale.<\/p>\n<p>Enfin, il a d\u00e9fendu une approche fond\u00e9e sur la reconnaissance et la transmission, estimant que <\/p>\n<p>\u00ab\u00a0reconna\u00eetre, c\u2019est nommer et inscrire pleinement dans notre histoire\u00a0\u00bb<\/p>\n<p>, tout en rejetant l\u2019id\u00e9e de d\u00e9boulonner les statues ou d\u2019effacer les traces du pass\u00e9, appelant \u00e0 leur contextualisation.<\/p>\n<p class=\"ys-paragraph-node align-justify\">La c\u00e9r\u00e9monie s\u2019inscrit dans un moment de r\u00e9flexion plus large sur la m\u00e9moire de l\u2019esclavage, la colonisation et les relations de la France avec l\u2019Afrique, les Cara\u00efbes et ses territoires ultramarins.<\/p>\n<p>Le Code noir est un \u00e9dit promulgu\u00e9 en 1685 sous le r\u00e8gne de Louis XIV, qui encadrait l\u2019esclavage dans les colonies fran\u00e7aises.<\/p>\n<p class=\"ys-paragraph-node align-justify\">Il d\u00e9finissait les droits des ma\u00eetres et les conditions de vie impos\u00e9es aux personnes r\u00e9duites en esclavage, consid\u00e9r\u00e9es comme des biens meubles et priv\u00e9es de libert\u00e9 juridique. Ce texte a structur\u00e9 durablement le syst\u00e8me esclavagiste dans les territoires coloniaux jusqu\u2019\u00e0 l\u2019abolition d\u00e9finitive de l\u2019esclavage en 1848.<\/p>\n<p>#\u00c9lys\u00e9e<\/p>\n<p>#France<\/p>\n<p>#l\u2019esclavage<\/p>\n<p>#Taubira<\/p>\n","protected":false},"excerpt":{"rendered":"Cr\u00e9dit Photo : THIBAULT CAMUS \/ POOL \/ AFP Le pr\u00e9sident fran\u00e7ais Emmanuel Macron prononce un discours lors&hellip;\n","protected":false},"author":2,"featured_media":109730,"comment_status":"","ping_status":"","sticky":false,"template":"","format":"standard","meta":{"footnotes":"","_share_on_mastodon":"0"},"categories":[4],"tags":[6,12190,453,38464,38465],"class_list":["post-109729","post","type-post","status-publish","format-standard","has-post-thumbnail","category-afrique","tag-afrique","tag-elysee","tag-france","tag-lesclavage","tag-taubira"],"share_on_mastodon":{"url":"https:\/\/pubeurope.com\/@afrique\/116617260784007165","error":""},"_links":{"self":[{"href":"https:\/\/www.europesays.com\/afrique\/wp-json\/wp\/v2\/posts\/109729","targetHints":{"allow":["GET"]}}],"collection":[{"href":"https:\/\/www.europesays.com\/afrique\/wp-json\/wp\/v2\/posts"}],"about":[{"href":"https:\/\/www.europesays.com\/afrique\/wp-json\/wp\/v2\/types\/post"}],"author":[{"embeddable":true,"href":"https:\/\/www.europesays.com\/afrique\/wp-json\/wp\/v2\/users\/2"}],"replies":[{"embeddable":true,"href":"https:\/\/www.europesays.com\/afrique\/wp-json\/wp\/v2\/comments?post=109729"}],"version-history":[{"count":0,"href":"https:\/\/www.europesays.com\/afrique\/wp-json\/wp\/v2\/posts\/109729\/revisions"}],"wp:featuredmedia":[{"embeddable":true,"href":"https:\/\/www.europesays.com\/afrique\/wp-json\/wp\/v2\/media\/109730"}],"wp:attachment":[{"href":"https:\/\/www.europesays.com\/afrique\/wp-json\/wp\/v2\/media?parent=109729"}],"wp:term":[{"taxonomy":"category","embeddable":true,"href":"https:\/\/www.europesays.com\/afrique\/wp-json\/wp\/v2\/categories?post=109729"},{"taxonomy":"post_tag","embeddable":true,"href":"https:\/\/www.europesays.com\/afrique\/wp-json\/wp\/v2\/tags?post=109729"}],"curies":[{"name":"wp","href":"https:\/\/api.w.org\/{rel}","templated":true}]}}