{"id":117150,"date":"2026-05-31T13:47:09","date_gmt":"2026-05-31T13:47:09","guid":{"rendered":"https:\/\/www.europesays.com\/afrique\/117150\/"},"modified":"2026-05-31T13:47:09","modified_gmt":"2026-05-31T13:47:09","slug":"can-u17-tanzanie-vs-senegal-les-compos-probables-avant-le-choc","status":"publish","type":"post","link":"https:\/\/www.europesays.com\/afrique\/117150\/","title":{"rendered":"CAN U17 \u2013 Tanzanie vs S\u00e9n\u00e9gal : les compos probables avant le choc"},"content":{"rendered":"<p data-start=\"416\" data-end=\"650\">Le rideau s\u2019appr\u00eate \u00e0 tomber sur cette \u00e9dition m\u00e9morable de la <a href=\"https:\/\/africafoot.com\/tag\/can-u17-2026\/\" data-wpel-link=\"internal\" rel=\"nofollow noopener\" target=\"_blank\">Coupe d\u2019Afrique des Nations des moins de 17 ans<\/a>. La grande finale de la comp\u00e9tition mettra aux prises deux formations au parcours h\u00e9ro\u00efque : les Lionceaux de la Teranga du S\u00e9n\u00e9gal et les Serengeti Boys de la Tanzanie. En <a class=\"qbe-widget\" href=\"https:\/\/africafoot.com\/tag\/avant-match\/\" rel=\"noopener noreferrer nofollow\" data-wpel-link=\"internal\" target=\"_blank\">avant-match<\/a>, Africafoot examine les formations probables pour ce face-\u00e0-face \u00e0 la CAN U17.<\/p>\n<p>Tanzanie<\/p>\n<p>C\u2019est avec la totalit\u00e9 de ses forces que le s\u00e9lectionneur <a href=\"https:\/\/africafoot.com\/tag\/aggrey-morris\" data-wpel-link=\"internal\" rel=\"nofollow noopener\" target=\"_blank\">Aggrey Morris<\/a> aborde ce rendez-vous historique. V\u00e9ritables r\u00e9v\u00e9lations de cette CAN U17, les Tanzaniens impressionnent par leur force de caract\u00e8re, capables de faire chuter les grandes nations dans la comp\u00e9tition.<\/p>\n<p>Le XI probable de la Tanzanie<\/p>\n<p>Gardien de but :\u00a0<a href=\"https:\/\/africafoot.com\/tag\/haji-abdalah\" data-wpel-link=\"internal\" rel=\"nofollow noopener\" target=\"_blank\">Haji Abdalah<\/a><\/p>\n<p>D\u00e9fenseurs :\u00a0<a href=\"https:\/\/africafoot.com\/tag\/elick-yusuph\" data-wpel-link=\"internal\" rel=\"nofollow noopener\" target=\"_blank\">Elick Yusuph<\/a>, <a href=\"https:\/\/africafoot.com\/tag\/hussein-mbegu\" data-wpel-link=\"internal\" rel=\"nofollow noopener\" target=\"_blank\">Hussein Mbegu<\/a>, <a href=\"https:\/\/africafoot.com\/tag\/kassim-juma\" data-wpel-link=\"internal\" rel=\"nofollow noopener\" target=\"_blank\">Kassim Juma<\/a>, <a href=\"https:\/\/africafoot.com\/tag\/idrisa-kilendemo\" data-wpel-link=\"internal\" rel=\"nofollow noopener\" target=\"_blank\">Idrisa Kilendemo<\/a><\/p>\n<p>Milieux de terrain : <a href=\"https:\/\/africafoot.com\/tag\/issa-chole\" data-wpel-link=\"internal\" rel=\"nofollow noopener\" target=\"_blank\">Issa Chole<\/a>,\u00a0<a href=\"https:\/\/africafoot.com\/tag\/hamis-mihambo\" data-wpel-link=\"internal\" rel=\"nofollow noopener\" target=\"_blank\">Hamis Mihambo<\/a>, <a href=\"https:\/\/africafoot.com\/tag\/dismas-athanasi\" data-wpel-link=\"internal\" rel=\"nofollow noopener\" target=\"_blank\">Dismas Athanasi<\/a><\/p>\n<p>Attaquants :  <a href=\"https:\/\/africafoot.com\/tag\/sadam-hamis\" data-wpel-link=\"internal\" rel=\"nofollow noopener\" target=\"_blank\">Sadam Hamis<\/a>, <a href=\"https:\/\/africafoot.com\/tag\/luqman-mbalasalu\" data-wpel-link=\"internal\" rel=\"nofollow noopener\" target=\"_blank\">Luqman Mbalasalu<\/a>, <a href=\"https:\/\/africafoot.com\/tag\/razaki-juma\" data-wpel-link=\"internal\" rel=\"nofollow noopener\" target=\"_blank\">Razaki Juma Mbegelendi<\/a><\/p>\n<p><a href=\"https:\/\/africafoot.com\/toutes-les-cartes-en-main-mamadou-diallo-analyse-la-finale-inedite-senegal-vs-tanzanie-a-la-can-u17\/\" data-wpel-link=\"internal\" rel=\"nofollow noopener\" target=\"_blank\">\u00ab\u00a0Toutes les cartes en main\u00a0\u00bb : Mamadou Diallo analyse la finale in\u00e9dite S\u00e9n\u00e9gal vs Tanzanie \u00e0 la CAN U17<\/a><\/p>\n<p>S\u00e9n\u00e9gal<\/p>\n<p>Le staff s\u00e9n\u00e9galais re\u00e7oit une excellente nouvelle qui enregistre le retour capital de Cheikh Thior. Le patron en d\u00e9fense des Lionceaux a purg\u00e9 sa suspension lors de la demi-finale et sera frais pour guider ses partenaires. Avec une infirmerie totalement vide, le S\u00e9n\u00e9gal se pr\u00e9sentera avec son onze type.<\/p>\n<p>Le XI probable du S\u00e9n\u00e9gal<\/p>\n<p>Gardien\u00a0: <a href=\"https:\/\/africafoot.com\/tag\/assane-sarr\/\" data-wpel-link=\"internal\" rel=\"nofollow noopener\" target=\"_blank\">Assane Sarr<\/a><\/p>\n<p>D\u00e9fenseurs\u00a0: <a href=\"https:\/\/africafoot.com\/tag\/thierno-sow\/\" data-wpel-link=\"internal\" rel=\"nofollow noopener\" target=\"_blank\">Thierno Sow<\/a>,\u00a0<a href=\"https:\/\/africafoot.com\/tag\/cheikh-thior\" data-wpel-link=\"internal\" rel=\"nofollow noopener\" target=\"_blank\">Cheikh Thior<\/a>, <a href=\"https:\/\/africafoot.com\/tag\/cheikh-dieng\/\" data-wpel-link=\"internal\" rel=\"nofollow noopener\" target=\"_blank\">Cheikh Dieng<\/a>, <a href=\"https:\/\/africafoot.com\/tag\/lamine-mbengue\/\" data-wpel-link=\"internal\" rel=\"nofollow noopener\" target=\"_blank\">Lamine Mbengue<\/a><\/p>\n<p>Milieux de terrain\u00a0: <a href=\"https:\/\/africafoot.com\/tag\/el-hadji-ibrahima-sow\/\" data-wpel-link=\"internal\" rel=\"nofollow noopener\" target=\"_blank\">El Hadji Ibrahima Sow<\/a>, <a href=\"https:\/\/africafoot.com\/tag\/souleymane-faye-commissaire\/\" data-wpel-link=\"internal\" rel=\"nofollow noopener\" target=\"_blank\">Souleymane Commissaire Faye<\/a>, <a href=\"https:\/\/africafoot.com\/tag\/emile-sadio\" data-wpel-link=\"internal\" rel=\"nofollow noopener\" target=\"_blank\">\u00c9mile Sadio<\/a><\/p>\n<p>Attaquants\u00a0: <a href=\"https:\/\/africafoot.com\/tag\/ibrahima-dione\/\" data-wpel-link=\"internal\" rel=\"nofollow noopener\" target=\"_blank\">Ibrahima Dione<\/a>, <a href=\"https:\/\/africafoot.com\/tag\/cheikh-oumar-sy\" data-wpel-link=\"internal\" rel=\"nofollow noopener\" target=\"_blank\">Cheikh Oumar Sy<\/a>, <a href=\"https:\/\/africafoot.com\/tag\/mouhamed-wagne\/\" data-wpel-link=\"internal\" rel=\"nofollow noopener\" target=\"_blank\">Mouhamed Wagne<\/a><\/p>\n","protected":false},"excerpt":{"rendered":"Le rideau s\u2019appr\u00eate \u00e0 tomber sur cette \u00e9dition m\u00e9morable de la Coupe d\u2019Afrique des Nations des moins de&hellip;\n","protected":false},"author":2,"featured_media":117151,"comment_status":"","ping_status":"","sticky":false,"template":"","format":"standard","meta":{"footnotes":"","_share_on_mastodon":"0"},"categories":[185],"tags":[36669,26930,21451,26203,26931,37494,35881,36670,36722,36672,37495,36673,36674,36675,36725,36676,36677,36679,37496,36680,35888,36682,36683,12622,304,35896,4683,4114],"class_list":["post-117150","post","type-post","status-publish","format-standard","has-post-thumbnail","category-tanzanie","tag-aggrey-morris","tag-assane-sarr","tag-avant-match","tag-can-u17-2026","tag-cheikh-dieng","tag-cheikh-oumar-sy","tag-cheikh-thior","tag-dismas-athanasi","tag-el-hadji-ibrahima-sow","tag-elick-yusuph","tag-emile-sadio","tag-haji-abdalah","tag-hamis-mihambo","tag-hussein-mbegu","tag-ibrahima-dione","tag-idrisa-kilendemo","tag-issa-chole","tag-kassim-juma","tag-lamine-mbengue","tag-luqman-mbalasalu","tag-mouhamed-wagne","tag-razaki-juma","tag-sadam-hamis","tag-souleymane-faye-commissaire","tag-tanzanie","tag-thierno-sow","tag--senegal","tag--autres"],"share_on_mastodon":{"url":"https:\/\/pubeurope.com\/@afrique\/116669503502411752","error":""},"_links":{"self":[{"href":"https:\/\/www.europesays.com\/afrique\/wp-json\/wp\/v2\/posts\/117150","targetHints":{"allow":["GET"]}}],"collection":[{"href":"https:\/\/www.europesays.com\/afrique\/wp-json\/wp\/v2\/posts"}],"about":[{"href":"https:\/\/www.europesays.com\/afrique\/wp-json\/wp\/v2\/types\/post"}],"author":[{"embeddable":true,"href":"https:\/\/www.europesays.com\/afrique\/wp-json\/wp\/v2\/users\/2"}],"replies":[{"embeddable":true,"href":"https:\/\/www.europesays.com\/afrique\/wp-json\/wp\/v2\/comments?post=117150"}],"version-history":[{"count":0,"href":"https:\/\/www.europesays.com\/afrique\/wp-json\/wp\/v2\/posts\/117150\/revisions"}],"wp:featuredmedia":[{"embeddable":true,"href":"https:\/\/www.europesays.com\/afrique\/wp-json\/wp\/v2\/media\/117151"}],"wp:attachment":[{"href":"https:\/\/www.europesays.com\/afrique\/wp-json\/wp\/v2\/media?parent=117150"}],"wp:term":[{"taxonomy":"category","embeddable":true,"href":"https:\/\/www.europesays.com\/afrique\/wp-json\/wp\/v2\/categories?post=117150"},{"taxonomy":"post_tag","embeddable":true,"href":"https:\/\/www.europesays.com\/afrique\/wp-json\/wp\/v2\/tags?post=117150"}],"curies":[{"name":"wp","href":"https:\/\/api.w.org\/{rel}","templated":true}]}}