{"id":118047,"date":"2026-06-01T13:35:23","date_gmt":"2026-06-01T13:35:23","guid":{"rendered":"https:\/\/www.europesays.com\/afrique\/118047\/"},"modified":"2026-06-01T13:35:23","modified_gmt":"2026-06-01T13:35:23","slug":"mondial-2026-aurelien-tchouameni-lance-le-choc-france-senegal","status":"publish","type":"post","link":"https:\/\/www.europesays.com\/afrique\/118047\/","title":{"rendered":"Mondial 2026 : Aur\u00e9lien Tchouam\u00e9ni lance le choc France\u2013S\u00e9n\u00e9gal"},"content":{"rendered":"<p>\u00c0 l&rsquo;approche du Mondial 2026, Aur\u00e9lien Tchouam\u00e9ni se pr\u00e9pare \u00e0 un choc attendu entre la France et le S\u00e9n\u00e9gal. Lors d&rsquo;une conf\u00e9rence de presse, le milieu de terrain a soulign\u00e9 la force de l&rsquo;\u00e9quipe s\u00e9n\u00e9galaise, avertissant que les Bleus devront \u00eatre \u00e0 leur meilleur niveau pour r\u00e9ussir ce d\u00e9fi.<\/p>\n<p class=\"firstp\">\u00c0 quelques jours de l\u2019entr\u00e9e en lice des Bleus au Mondial 2026, le milieu de terrain de l\u2019\u00e9quipe de France, Aur\u00e9lien Tchouam\u00e9ni, a \u00e9voqu\u00e9 le premier match des champions du monde 2018 face au S\u00e9n\u00e9gal, pr\u00e9vu le 16 juin \u00e0 19h GMT.<\/p>\n<p>Pr\u00e9sent en conf\u00e9rence de presse, le joueur du Real Madrid a insist\u00e9 sur la difficult\u00e9 du d\u00e9fi qui attend les Bleus face aux Lions de la Teranga. \u00ab C\u2019est une excellente \u00e9quipe, je les suis depuis pas mal de temps, que ce soit lors des CAN ou des autres comp\u00e9titions. On sait qu\u2019on va faire face \u00e0 un adversaire tr\u00e8s tr\u00e8s fort, rugueux. Ils vont vouloir nous rentrer dedans d\u00e8s le d\u00e9but, il faudra qu\u2019on soit pr\u00eats \u00bb, a d\u00e9clar\u00e9 Aur\u00e9lien Tchouam\u00e9ni.\n<\/p>\n<p>Le milieu <a href=\"https:\/\/www.senenews.com\/actualites\/france-senegal-24-ans-apres-lexploit-historique-de-2002-les-lions-peuvent-ils-encore-faire-trembler-les-bleus_588005.html\" rel=\"nofollow noopener\" target=\"_blank\">fran\u00e7ais<\/a> a \u00e9galement \u00e9t\u00e9 interrog\u00e9 sur plusieurs joueurs s\u00e9n\u00e9galais, dont Pape Gueye, qu\u2019il conna\u00eet bien pour l\u2019avoir affront\u00e9 \u00e0 plusieurs reprises en club et en s\u00e9lection. \u00ab C\u2019est un super joueur, il a fait une super saison en Liga. \u00c7a fait longtemps qu\u2019on joue l\u2019un contre l\u2019autre. C\u2019\u00e9tait d\u00e9j\u00e0 le cas quand il \u00e9tait \u00e0 Marseille. On a eu des batailles et on va se pr\u00e9parer pour \u00e7a \u00bb, a-t-il ajout\u00e9.<\/p>\n","protected":false},"excerpt":{"rendered":"\u00c0 l&rsquo;approche du Mondial 2026, Aur\u00e9lien Tchouam\u00e9ni se pr\u00e9pare \u00e0 un choc attendu entre la France et le&hellip;\n","protected":false},"author":2,"featured_media":118048,"comment_status":"","ping_status":"","sticky":false,"template":"","format":"standard","meta":{"footnotes":"","_share_on_mastodon":"0"},"categories":[84],"tags":[308,127,11,114,2608,40322],"class_list":["post-118047","post","type-post","status-publish","format-standard","has-post-thumbnail","category-senegal","tag-football","tag-international","tag-senegal","tag-senegal-actualites","tag-senenews-sport","tag-tchouameni"],"share_on_mastodon":{"url":"https:\/\/pubeurope.com\/@afrique\/116675118534323105","error":""},"_links":{"self":[{"href":"https:\/\/www.europesays.com\/afrique\/wp-json\/wp\/v2\/posts\/118047","targetHints":{"allow":["GET"]}}],"collection":[{"href":"https:\/\/www.europesays.com\/afrique\/wp-json\/wp\/v2\/posts"}],"about":[{"href":"https:\/\/www.europesays.com\/afrique\/wp-json\/wp\/v2\/types\/post"}],"author":[{"embeddable":true,"href":"https:\/\/www.europesays.com\/afrique\/wp-json\/wp\/v2\/users\/2"}],"replies":[{"embeddable":true,"href":"https:\/\/www.europesays.com\/afrique\/wp-json\/wp\/v2\/comments?post=118047"}],"version-history":[{"count":0,"href":"https:\/\/www.europesays.com\/afrique\/wp-json\/wp\/v2\/posts\/118047\/revisions"}],"wp:featuredmedia":[{"embeddable":true,"href":"https:\/\/www.europesays.com\/afrique\/wp-json\/wp\/v2\/media\/118048"}],"wp:attachment":[{"href":"https:\/\/www.europesays.com\/afrique\/wp-json\/wp\/v2\/media?parent=118047"}],"wp:term":[{"taxonomy":"category","embeddable":true,"href":"https:\/\/www.europesays.com\/afrique\/wp-json\/wp\/v2\/categories?post=118047"},{"taxonomy":"post_tag","embeddable":true,"href":"https:\/\/www.europesays.com\/afrique\/wp-json\/wp\/v2\/tags?post=118047"}],"curies":[{"name":"wp","href":"https:\/\/api.w.org\/{rel}","templated":true}]}}