{"id":118070,"date":"2026-06-01T13:58:12","date_gmt":"2026-06-01T13:58:12","guid":{"rendered":"https:\/\/www.europesays.com\/afrique\/118070\/"},"modified":"2026-06-01T13:58:12","modified_gmt":"2026-06-01T13:58:12","slug":"le-groupe-akdital-ouvre-une-nouvelle-clinique-a-inezgane-medias24","status":"publish","type":"post","link":"https:\/\/www.europesays.com\/afrique\/118070\/","title":{"rendered":"Le groupe Akdital ouvre une nouvelle clinique \u00e0 Inezgane &#8211; M\u00e9dias24"},"content":{"rendered":"<p style=\"font-size: 17pt !important\" data-first=\"L\">\nLe groupe Akdital a officiellement ouvert la Clinique Internationale d\u2019Inezgane, renfor\u00e7ant l\u2019offre de soins dans la r\u00e9gion de Souss-Massa.<\/p>\n<p>\nLe 1 juin 2026 \u00e0 13h55<br \/>\n|<br \/>\nModifi\u00e9 1 juin 2026 \u00e0<br \/>\n13h55\n<\/p>\n<p>La Clinique Internationale d\u2019Inezgane dispose d\u2019une capacit\u00e9 d\u2019accueil de 156 lits. Elle comprend notamment 30 lits d\u2019hospitalisation m\u00e9dico-chirurgicale (HMC), compl\u00e9t\u00e9s par un h\u00f4pital de jour de 9 lits d\u00e9di\u00e9 aux soins ambulatoires rapides.<\/p>\n<p>L\u2019\u00e9tablissement s\u2019articule autour de plusieurs p\u00f4les sp\u00e9cialis\u00e9s, dont un p\u00f4le de soins critiques dot\u00e9 d\u2019une unit\u00e9 de soins intensifs de 36 lits, ainsi que d\u2019un service de r\u00e9animation polyvalente comprenant 11 box pour adultes et 6 box pour la r\u00e9animation n\u00e9onatale.<\/p>\n<p>Le plateau chirurgical est compos\u00e9 de 9 salles d\u2019op\u00e9ration et d\u2019une salle de r\u00e9veil de 10 lits. La structure dispose \u00e9galement d\u2019une salle de cath\u00e9t\u00e9risme cardiaque d\u00e9di\u00e9e \u00e0 la prise en charge des pathologies cardiovasculaires.<\/p>\n<p><a href=\"https:\/\/news.google.com\/publications\/CAAqJggKIiBDQklTRWdnTWFnNEtERzFsWkdsaGN6STBMbU52YlNnQVAB?hl=fr&amp;gl=MA&amp;ceid=MA%3Afr\" target=\"_blank\" rel=\"nofollow noopener\"><br \/>\n<img decoding=\"async\" src=\"https:\/\/www.europesays.com\/afrique\/wp-content\/uploads\/2026\/05\/GoogleNews.jpg\" class=\"my-0 mx-0 rounded-3 img-fluid\" title=\"M\u00e9dias24 - Journal \u00e9conomique marocain en ligne\" alt=\"M\u00e9dias24 - Journal \u00e9conomique marocain en ligne\" style=\"max-width: 100%; height: auto;\"\/><br \/>\n<\/a><br \/>\n<a href=\"https:\/\/medias24.com\/le-guide-de-l-immobilier\" class=\"d-block lh-2 font-oswald-light fw-bold text-center text-decoration-underline text-danger my-4 mx-4\" style=\"font-size: 17pt;\" rel=\"nofollow noopener\" target=\"_blank\"><br \/>\nVous avez un projet immobilier en vue ? Yakeey &amp; M\u00e9dias24 vous aident \u00e0 le concr\u00e9tiser!<br \/>\n<\/a><br \/>\nSi vous voulez que l&rsquo;information se rapproche de vous<br \/>\n<a href=\"https:\/\/whatsapp.com\/channel\/0029Va2DnDZ0lwgnh4lCNL2D\" style=\"text-decoration: none; text-shadow: 0px 0px 3px black;color: #f0f0f0\" target=\"_blank\" title=\"Whatsapp\" class=\"btn bg-success text-white my-4 fw-bold\" rel=\"nofollow noopener\"><br \/>\nSuivez la cha\u00eene M\u00e9dias24 sur WhatsApp<br \/>\n<\/a><\/p>\n<p>\n\u00a9 M\u00e9dias24. Toute reproduction interdite, sous quelque forme que ce soit, sauf autorisation \u00e9crite de la Soci\u00e9t\u00e9 des Nouveaux M\u00e9dias. Ce contenu est prot\u00e9g\u00e9 par la loi et notamment loi 88-13 relative \u00e0 la presse et l\u2019\u00e9dition ainsi que les lois 66.19 et 2-00 relatives aux droits d\u2019auteur et droits voisins.<\/p>\n","protected":false},"excerpt":{"rendered":"Le groupe Akdital a officiellement ouvert la Clinique Internationale d\u2019Inezgane, renfor\u00e7ant l\u2019offre de soins dans la r\u00e9gion de&hellip;\n","protected":false},"author":2,"featured_media":118071,"comment_status":"","ping_status":"","sticky":false,"template":"","format":"standard","meta":{"footnotes":"","_share_on_mastodon":"0"},"categories":[83],"tags":[86],"class_list":["post-118070","post","type-post","status-publish","format-standard","has-post-thumbnail","category-maroc","tag-maroc"],"share_on_mastodon":{"url":"https:\/\/pubeurope.com\/@afrique\/116675209116081505","error":""},"_links":{"self":[{"href":"https:\/\/www.europesays.com\/afrique\/wp-json\/wp\/v2\/posts\/118070","targetHints":{"allow":["GET"]}}],"collection":[{"href":"https:\/\/www.europesays.com\/afrique\/wp-json\/wp\/v2\/posts"}],"about":[{"href":"https:\/\/www.europesays.com\/afrique\/wp-json\/wp\/v2\/types\/post"}],"author":[{"embeddable":true,"href":"https:\/\/www.europesays.com\/afrique\/wp-json\/wp\/v2\/users\/2"}],"replies":[{"embeddable":true,"href":"https:\/\/www.europesays.com\/afrique\/wp-json\/wp\/v2\/comments?post=118070"}],"version-history":[{"count":0,"href":"https:\/\/www.europesays.com\/afrique\/wp-json\/wp\/v2\/posts\/118070\/revisions"}],"wp:featuredmedia":[{"embeddable":true,"href":"https:\/\/www.europesays.com\/afrique\/wp-json\/wp\/v2\/media\/118071"}],"wp:attachment":[{"href":"https:\/\/www.europesays.com\/afrique\/wp-json\/wp\/v2\/media?parent=118070"}],"wp:term":[{"taxonomy":"category","embeddable":true,"href":"https:\/\/www.europesays.com\/afrique\/wp-json\/wp\/v2\/categories?post=118070"},{"taxonomy":"post_tag","embeddable":true,"href":"https:\/\/www.europesays.com\/afrique\/wp-json\/wp\/v2\/tags?post=118070"}],"curies":[{"name":"wp","href":"https:\/\/api.w.org\/{rel}","templated":true}]}}