{"id":118629,"date":"2026-06-02T00:20:28","date_gmt":"2026-06-02T00:20:28","guid":{"rendered":"https:\/\/www.europesays.com\/afrique\/118629\/"},"modified":"2026-06-02T00:20:28","modified_gmt":"2026-06-02T00:20:28","slug":"achat-et-vente-au-maroc-ce-que-les-mre-doivent-savoir-sur-les-nouvelles-procurations","status":"publish","type":"post","link":"https:\/\/www.europesays.com\/afrique\/118629\/","title":{"rendered":"Achat et vente au Maroc : ce que les MRE doivent savoir sur les nouvelles procurations"},"content":{"rendered":"<p>C\u2019\u00e9tait une faille b\u00e9ante, r\u00e9guli\u00e8rement exploit\u00e9e pour s\u2019approprier ill\u00e9galement des biens. Les litiges bas\u00e9s sur des mandats falsifi\u00e9s ou r\u00e9voqu\u00e9s en secret devraient d\u00e9sormais appartenir au pass\u00e9. Ce nouveau filet de s\u00e9curit\u00e9 rassure particuli\u00e8rement les <a href=\"https:\/\/www.bladi.net\/spoliation-immobiliere-mre-enfin-proteges,120719.html\" class=\"spip_in\" rel=\"nofollow noopener\" target=\"_blank\">propri\u00e9taires \u00e9tablis \u00e0 l\u2019\u00e9tranger (MRE<\/a>), habitu\u00e9s \u00e0 d\u00e9l\u00e9guer la gestion de leur patrimoine foncier \u00e0 distance pour \u00e9viter de multiples allers-retours.<\/p>\n<p>Sur Bladi.net\u00a0: <a href=\"https:\/\/www.bladi.net\/immobilier-maroc-enregistrement-procurations-devient-obligatoire-transaction,120453.html\" class=\"spip_in\" rel=\"nofollow noopener\" target=\"_blank\">Immobilier au Maroc\u00a0: l\u2019enregistrement des procurations devient obligatoire avant toute transaction<\/a><\/p>\n<p>Le feu vert officiel a \u00e9t\u00e9 donn\u00e9 aujourd\u2019hui dans l\u2019ensemble des tribunaux de premi\u00e8re instance du royaume. Abdellatif Ouahbi, ministre de la Justice, a act\u00e9 ce d\u00e9ploiement via une correspondance adress\u00e9e au Conseil sup\u00e9rieur du pouvoir judiciaire. Les outils techniques sont enfin op\u00e9rationnels, concr\u00e9tisant ainsi la pleine application de la <a href=\"https:\/\/www.bladi.net\/immobilier-maroc-grand-tour-vis-procurations,120786.html\" class=\"spip_in\" rel=\"nofollow noopener\" target=\"_blank\">loi 31.18 qui modifie le Code des obligations et contrats<\/a>.<\/p>\n<p>Concr\u00e8tement, qu\u2019il s\u2019agisse d\u2019une vente, d\u2019un achat, d\u2019une donation ou de la mise en place d\u2019une hypoth\u00e8que, l\u2019\u00e8re du document isol\u00e9 est r\u00e9volue. L\u2019inscription dans une base de donn\u00e9es \u00e9lectronique nationale devient incontournable. Les acteurs de l\u2019immobilier peuvent d\u00e9sormais v\u00e9rifier instantan\u00e9ment l\u2019existence d\u2019un document, traquer la moindre modification ou confirmer une \u00e9ventuelle annulation pour \u00e9viter toute manipulation frauduleuse.<\/p>\n<p>Sur Bladi.net\u00a0: <a href=\"https:\/\/www.bladi.net\/immobilier-maroc-attention-procurations-changent-totalement-regles-1er-juin,120523.html\" class=\"spip_in\" rel=\"nofollow noopener\" target=\"_blank\">Immobilier au Maroc\u00a0: Attention, les procurations changent totalement de r\u00e8gles le 1er juin 2026\u00a0!<\/a><\/p>\n<p>Au-del\u00e0 de la stricte protection de la pierre, cette \u00e9tape illustre la mue num\u00e9rique de l\u2019administration judiciaire marocaine. La <a href=\"https:\/\/www.bladi.net\/immobilier-maroc-attention-procurations-changent-totalement-regles-1er-juin,120523.html\" class=\"spip_in\" rel=\"nofollow noopener\" target=\"_blank\">d\u00e9mat\u00e9rialisation progressive des actes<\/a> promet de fluidifier le travail des praticiens du droit, sous r\u00e9serve que les juridictions s\u2019approprient rapidement et efficacement cette nouvelle architecture technologique in\u00e9dite.<\/p>\n","protected":false},"excerpt":{"rendered":"C\u2019\u00e9tait une faille b\u00e9ante, r\u00e9guli\u00e8rement exploit\u00e9e pour s\u2019approprier ill\u00e9galement des biens. Les litiges bas\u00e9s sur des mandats falsifi\u00e9s&hellip;\n","protected":false},"author":2,"featured_media":118630,"comment_status":"","ping_status":"","sticky":false,"template":"","format":"standard","meta":{"footnotes":"","_share_on_mastodon":"0"},"categories":[83],"tags":[86],"class_list":["post-118629","post","type-post","status-publish","format-standard","has-post-thumbnail","category-maroc","tag-maroc"],"share_on_mastodon":{"url":"https:\/\/pubeurope.com\/@afrique\/116677654856856436","error":""},"_links":{"self":[{"href":"https:\/\/www.europesays.com\/afrique\/wp-json\/wp\/v2\/posts\/118629","targetHints":{"allow":["GET"]}}],"collection":[{"href":"https:\/\/www.europesays.com\/afrique\/wp-json\/wp\/v2\/posts"}],"about":[{"href":"https:\/\/www.europesays.com\/afrique\/wp-json\/wp\/v2\/types\/post"}],"author":[{"embeddable":true,"href":"https:\/\/www.europesays.com\/afrique\/wp-json\/wp\/v2\/users\/2"}],"replies":[{"embeddable":true,"href":"https:\/\/www.europesays.com\/afrique\/wp-json\/wp\/v2\/comments?post=118629"}],"version-history":[{"count":0,"href":"https:\/\/www.europesays.com\/afrique\/wp-json\/wp\/v2\/posts\/118629\/revisions"}],"wp:featuredmedia":[{"embeddable":true,"href":"https:\/\/www.europesays.com\/afrique\/wp-json\/wp\/v2\/media\/118630"}],"wp:attachment":[{"href":"https:\/\/www.europesays.com\/afrique\/wp-json\/wp\/v2\/media?parent=118629"}],"wp:term":[{"taxonomy":"category","embeddable":true,"href":"https:\/\/www.europesays.com\/afrique\/wp-json\/wp\/v2\/categories?post=118629"},{"taxonomy":"post_tag","embeddable":true,"href":"https:\/\/www.europesays.com\/afrique\/wp-json\/wp\/v2\/tags?post=118629"}],"curies":[{"name":"wp","href":"https:\/\/api.w.org\/{rel}","templated":true}]}}