{"id":121402,"date":"2026-06-04T17:07:25","date_gmt":"2026-06-04T17:07:25","guid":{"rendered":"https:\/\/www.europesays.com\/afrique\/121402\/"},"modified":"2026-06-04T17:07:25","modified_gmt":"2026-06-04T17:07:25","slug":"football-face-a-la-france-la-cote-divoire-sur-la-piste-aux-etoiles-2","status":"publish","type":"post","link":"https:\/\/www.europesays.com\/afrique\/121402\/","title":{"rendered":"Football : face \u00e0 la France, la C\u00f4te d\u2019Ivoire sur \u201cla piste aux \u00e9toiles\u201d"},"content":{"rendered":"<p class=\"mb-4 text-lg md:leading-8 break-words\">Pour la France comme pour la C\u00f4te d\u2019Ivoire, \u00e9crit Abidjan Sports dans un article intitul\u00e9 \u201cLa piste aux \u00e9toiles !\u201d, la rencontre amicale de ce jeudi 4 juin \u00e0 Nantes \u201cs\u2019inscrit dans une logique de r\u00e9glages finaux\u201d. Dans quelques jours, les deux s\u00e9lections traverseront l\u2019Atlantique pour participer \u00e0 la Coupe du monde 2026. Pour leur premier match, les Ivoiriens seront oppos\u00e9s aux \u00c9quatoriens le 15 juin, et la France au S\u00e9n\u00e9gal le lendemain.<\/p>\n<p class=\"mb-4 text-lg md:leading-8 break-words\">\u201cDes r\u00e9glages finaux\u201d, mais surtout, pour la C\u00f4te d\u2019Ivoire, \u201cun test grandeur nature face \u00e0 l\u2019une des meilleures nations du football mondial\u201d. Le groupe de Didier Deschamps sera n\u00e9anmoins \u201cl\u00e9g\u00e8rement remani\u00e9\u201d, explique l\u2019hebdomadaire sportif. Les joueurs ayant pris part \u00e0 la finale de la Ligue des champions avec le Paris Saint-Germain, notamment D\u00e9sir\u00e9 Dou\u00e9 et Ousmane Demb\u00e9l\u00e9, seront laiss\u00e9s au repos.<\/p>\n<p class=\"mb-4 text-lg md:leading-8 break-words\">\u201cMalgr\u00e9 ces absences, la France conserve un effectif de tr\u00e8s haut niveau, capable de maintenir une intensit\u00e9 et une qualit\u00e9 de jeu redoutables.\u201d<\/p>\n<p class=\"mb-4 text-lg md:leading-8 break-words\">Pour la C\u00f4te d\u2019Ivoire, reprend le journal, \u201cle v\u00e9ritable enjeu de cette rencontre se situera au c\u0153ur du jeu\u201d, alors que la France dispose de l\u2019\u201cun des entrejeux les plus complets et les plus athl\u00e9tiques du football mondial\u201d. Et de lister les joueurs possiblement align\u00e9s sur la pelouse de La Beaujoire : Aur\u00e9lien Tchouam\u00e9ni, N\u2019Golo Kant\u00e9, Adrien Rabiot, Manu Kon\u00e9 ou encore Warren Za\u00efre-Emery. \u201cUn m\u00e9lange d\u2019exp\u00e9rience, d\u2019intensit\u00e9 et de cr\u00e9ativit\u00e9 qui impose un rythme tr\u00e8s \u00e9lev\u00e9 et une capacit\u00e9 permanente \u00e0 g\u00e9rer les transitions.\u201d<\/p>\n<p>Mbapp\u00e9, \u201c\u00e9videmment la principale menace\u201d<\/p>\n<p class=\"mb-4 text-lg md:leading-8 break-words\">Que peut opposer l\u2019\u00e9quipe coach\u00e9e par Emerse Fa\u00e9 \u00e0 cette densit\u00e9 fran\u00e7aise ? Elle \u201cdevra livrer une bataille tactique et physique de tous les instants.\u201d Et pour cela, elle pourra compter sur Franck Kessi\u00e9, qu\u2019Abidjan Sports a choisi de mettre en une de son \u00e9dition du 2 juin, face \u00e0 Kylian Mbapp\u00e9. Le milieu de terrain, qui joue aujourd\u2019hui pour le club saoudien Al-Ahli FC, apr\u00e8s \u00eatre pass\u00e9 notamment par le Milan AC et le FC Barcelone, \u201csera attendu pour son impact, son volume de jeu et sa capacit\u00e9 \u00e0 stabiliser l\u2019\u00e9quipe dans les moments difficiles\u201d.<\/p>\n<p class=\"mb-4 text-lg md:leading-8 break-words\">[&#8230;] <a href=\"https:\/\/www.courrierinternational.com\/une\/une-du-jour-football-face-a-la-france-la-cote-d-ivoire-sur-la-piste-aux-etoiles_244788\" rel=\"nofollow noopener\" target=\"_blank\" data-ylk=\"elm:link;elmt:article_link;slk:Lire la suite sur Courrier international;itc:0;sec:content-canvas\" data-yga=\"{&quot;yLinkElement&quot;:&quot;context_link&quot;,&quot;yModuleName&quot;:&quot;content-canvas&quot;,&quot;yLinkText&quot;:&quot;Lire la suite sur Courrier international&quot;}\" class=\"link \">Lire la suite sur Courrier international<\/a><\/p>\n<p>Sur le m\u00eame sujet :<\/p>\n","protected":false},"excerpt":{"rendered":"Pour la France comme pour la C\u00f4te d\u2019Ivoire, \u00e9crit Abidjan Sports dans un article intitul\u00e9 \u201cLa piste aux&hellip;\n","protected":false},"author":2,"featured_media":121403,"comment_status":"","ping_status":"","sticky":false,"template":"","format":"standard","meta":{"footnotes":"","_share_on_mastodon":"0"},"categories":[154],"tags":[41215,41216,216,6267,26100,453,41217,24688,25035,7625],"class_list":["post-121402","post","type-post","status-publish","format-standard","has-post-thumbnail","category-cote-divoire","tag-abidjan-sports","tag-adrien-rabiot","tag-cote-divoire","tag-didier-deschamps","tag-finale-de-la-ligue-des-champions","tag-france","tag-kessie","tag-mbappe","tag-milan-ac","tag-nantes"],"share_on_mastodon":{"url":"https:\/\/pubeurope.com\/@afrique\/116692939544521770","error":""},"_links":{"self":[{"href":"https:\/\/www.europesays.com\/afrique\/wp-json\/wp\/v2\/posts\/121402","targetHints":{"allow":["GET"]}}],"collection":[{"href":"https:\/\/www.europesays.com\/afrique\/wp-json\/wp\/v2\/posts"}],"about":[{"href":"https:\/\/www.europesays.com\/afrique\/wp-json\/wp\/v2\/types\/post"}],"author":[{"embeddable":true,"href":"https:\/\/www.europesays.com\/afrique\/wp-json\/wp\/v2\/users\/2"}],"replies":[{"embeddable":true,"href":"https:\/\/www.europesays.com\/afrique\/wp-json\/wp\/v2\/comments?post=121402"}],"version-history":[{"count":0,"href":"https:\/\/www.europesays.com\/afrique\/wp-json\/wp\/v2\/posts\/121402\/revisions"}],"wp:featuredmedia":[{"embeddable":true,"href":"https:\/\/www.europesays.com\/afrique\/wp-json\/wp\/v2\/media\/121403"}],"wp:attachment":[{"href":"https:\/\/www.europesays.com\/afrique\/wp-json\/wp\/v2\/media?parent=121402"}],"wp:term":[{"taxonomy":"category","embeddable":true,"href":"https:\/\/www.europesays.com\/afrique\/wp-json\/wp\/v2\/categories?post=121402"},{"taxonomy":"post_tag","embeddable":true,"href":"https:\/\/www.europesays.com\/afrique\/wp-json\/wp\/v2\/tags?post=121402"}],"curies":[{"name":"wp","href":"https:\/\/api.w.org\/{rel}","templated":true}]}}