{"id":121676,"date":"2026-06-04T23:16:35","date_gmt":"2026-06-04T23:16:35","guid":{"rendered":"https:\/\/www.europesays.com\/afrique\/121676\/"},"modified":"2026-06-04T23:16:35","modified_gmt":"2026-06-04T23:16:35","slug":"le-sentier-europeen-e-2-celebre-a-lechelle-europeenne-en-2026","status":"publish","type":"post","link":"https:\/\/www.europesays.com\/afrique\/121676\/","title":{"rendered":"Le Sentier europ\u00e9en E 2 c\u00e9l\u00e9br\u00e9 \u00e0 l&rsquo;\u00e9chelle europ\u00e9enne en 2026"},"content":{"rendered":"<p>En 2026, la F\u00e9d\u00e9ration europ\u00e9enne de randonn\u00e9e p\u00e9destre (ERA) c\u00e9l\u00e8bre le Sentier europ\u00e9en E 2, l&rsquo;un des itin\u00e9raires de grande randonn\u00e9e les plus embl\u00e9matiques d&rsquo;Europe.\u00a0<\/p>\n<p>Le Sentier europ\u00e9en E 2 suit un r\u00e9seau de voies de communication tr\u00e8s anciennes\u2026 Routes romaines, chemins pr\u00e9historiques, sentiers de p\u00e8lerinage m\u00e9di\u00e9vaux, routes commerciales, cols de montagne et corridors de paix modernes se fondent en un r\u00e9seau europ\u00e9en, lien entre les peuples.\u00a0<\/p>\n<p>Les \u00e9chos des guerres\u00a0<br \/>Le Sentier europ\u00e9en E 2 suit le trac\u00e9 de conflits r\u00e9cents comme les vestiges des deux Guerres mondiales, par exmple la ligne Maginot.\u00a0\u00a0<\/p>\n<p>Une route l\u00e9gendaire<br \/>En France et dans les Alpes, le Sentier europ\u00e9en E 2 suit les traces du l\u00e9gendaire <a href=\"https:\/\/www.mongr.fr\/trouver-prochaine-randonnee\/itineraire\/gr-5-le-sentier-de-l-europe\" target=\"_blank\" rel=\"noopener nofollow\">GR\u00ae 5<\/a>, l&rsquo;une des plus belles routes de montagne d&rsquo;Europe.\u00a0<\/p>\n<p>Un patrimoine vivant<br \/>Entretenu par des associations de randonneurs, des b\u00e9n\u00e9voles et des communaut\u00e9s \u00e0 travers l&rsquo;Europe, le sentier E2 continue \u00e0 \u00e9voluer, reconnecte des sentiers oubli\u00e9s et accueille de nouvelles g\u00e9n\u00e9rations de marcheurs.\u00a0<\/p>\n<p style=\"text-align: center;\"> <img loading=\"lazy\" decoding=\"async\" width=\"300\" height=\"300\" alt=\"\" src=\"https:\/\/www.europesays.com\/afrique\/wp-content\/uploads\/2026\/06\/E2-in-2026-logo-300x300.jpg\"\/> <\/p>\n<p>Lire : <a href=\"https:\/\/www.era-ewv-ferp.org\/fr\/e2-history\/\" target=\"_blank\" rel=\"noopener nofollow\">E2 \u2013 une promenade \u00e0 travers l&rsquo;histoire vivante de l&rsquo;Europe<\/a>\u00a0<\/p>\n<p><a href=\"https:\/\/www.era-ewv-ferp.org\/fr\/event\/hadrians-cele2bration\/\" target=\"_blank\" rel=\"noopener nofollow\">L\u2019Angleterre c\u00e9l\u00e8bre le sentier europ\u00e9en E 2<\/a>\u00a0<br \/>C\u00e9l\u00e9bration d&rsquo;Hadrien \u2013 Samedi 1er ao\u00fbt 2026 \u00e0 Haltwhistle, Angleterre\u00a0<br \/>L&rsquo;ann\u00e9e 2026 sera l&rsquo;occasion d&rsquo;une c\u00e9l\u00e9bration \u00e0 l&rsquo;\u00e9chelle europ\u00e9enne. E2 Route europ\u00e9enne de grande randonn\u00e9e, l&rsquo;un des grands itin\u00e9raires de randonn\u00e9e longue distance d&rsquo;Europe, s&rsquo;\u00e9tendant de l&rsquo;Irlande \u00e0 la M\u00e9diterran\u00e9e en passant par le Royaume-Uni et l&rsquo;Europe continentale.\u00a0<\/p>\n<p>L\u2019Association des marcheurs de Northumbria organise une marche comm\u00e9morative sp\u00e9ciale le long de l&rsquo;une des sections les plus embl\u00e9matiques de l&rsquo;E2 : le paysage spectaculaire du mur d&rsquo;Hadrien.\u00a0<\/p>\n<p><a href=\"https:\/\/www.era-ewv-ferp.org\/fr\/events\/category\/e2-in-2026\/\" target=\"_blank\" rel=\"noopener nofollow\">Consulter<\/a> les autres \u00e9v\u00e9nements 2026\u00a0<\/p>\n<p><a href=\"https:\/\/www.era-ewv-ferp.org\/fr\/e-paths\/e2\" target=\"_blank\" rel=\"noopener nofollow\">En savoir plus<\/a> sur le Sentier europ\u00e9en E 2\u00a0<\/p>\n<p>\u00a9 Jean Claude Lordier\u00a0<\/p>\n","protected":false},"excerpt":{"rendered":"En 2026, la F\u00e9d\u00e9ration europ\u00e9enne de randonn\u00e9e p\u00e9destre (ERA) c\u00e9l\u00e8bre le Sentier europ\u00e9en E 2, l&rsquo;un des itin\u00e9raires&hellip;\n","protected":false},"author":2,"featured_media":121677,"comment_status":"","ping_status":"","sticky":false,"template":"","format":"standard","meta":{"footnotes":"","_share_on_mastodon":"0"},"categories":[2],"tags":[41303,41304,41296,41297,18,41295,41305,41306,41290,41291,41294,11412,41298,41301,41292,41300,41299,41293,41302],"class_list":["post-121676","post","type-post","status-publish","format-standard","has-post-thumbnail","category-europe","tag-animateur-de-randonnee","tag-balisage","tag-clubs-de-randonnee","tag-disciplines-de-randonnee","tag-europe","tag-federation-francaise-de-la-randonnee-pedestre","tag-ffrandonnee","tag-ffrp","tag-gr","tag-grande-randonnee","tag-itineraires-de-randonnee","tag-itinerance","tag-longe-cote","tag-marche-nordique","tag-promenade-et-randonnee","tag-rando-challenge","tag-raquette-a-neige","tag-topoguide","tag-trek"],"share_on_mastodon":{"url":"https:\/\/pubeurope.com\/@afrique\/116694390192708198","error":""},"_links":{"self":[{"href":"https:\/\/www.europesays.com\/afrique\/wp-json\/wp\/v2\/posts\/121676","targetHints":{"allow":["GET"]}}],"collection":[{"href":"https:\/\/www.europesays.com\/afrique\/wp-json\/wp\/v2\/posts"}],"about":[{"href":"https:\/\/www.europesays.com\/afrique\/wp-json\/wp\/v2\/types\/post"}],"author":[{"embeddable":true,"href":"https:\/\/www.europesays.com\/afrique\/wp-json\/wp\/v2\/users\/2"}],"replies":[{"embeddable":true,"href":"https:\/\/www.europesays.com\/afrique\/wp-json\/wp\/v2\/comments?post=121676"}],"version-history":[{"count":0,"href":"https:\/\/www.europesays.com\/afrique\/wp-json\/wp\/v2\/posts\/121676\/revisions"}],"wp:featuredmedia":[{"embeddable":true,"href":"https:\/\/www.europesays.com\/afrique\/wp-json\/wp\/v2\/media\/121677"}],"wp:attachment":[{"href":"https:\/\/www.europesays.com\/afrique\/wp-json\/wp\/v2\/media?parent=121676"}],"wp:term":[{"taxonomy":"category","embeddable":true,"href":"https:\/\/www.europesays.com\/afrique\/wp-json\/wp\/v2\/categories?post=121676"},{"taxonomy":"post_tag","embeddable":true,"href":"https:\/\/www.europesays.com\/afrique\/wp-json\/wp\/v2\/tags?post=121676"}],"curies":[{"name":"wp","href":"https:\/\/api.w.org\/{rel}","templated":true}]}}