{"id":124064,"date":"2026-06-07T22:02:08","date_gmt":"2026-06-07T22:02:08","guid":{"rendered":"https:\/\/www.europesays.com\/afrique\/124064\/"},"modified":"2026-06-07T22:02:08","modified_gmt":"2026-06-07T22:02:08","slug":"les-detenus-du-convoi-terrestre-global-sumud-entament-leur-4e-jour-de-greve-de-la-faim-seche-dans-un-site-noir-libyen-alors-que-leur-sante-se-deteriore","status":"publish","type":"post","link":"https:\/\/www.europesays.com\/afrique\/124064\/","title":{"rendered":"Les d\u00e9tenus du convoi terrestre Global Sumud entament leur 4e jour de gr\u00e8ve de la faim \u00ab s\u00e8che \u00bb dans un site noir libyen alors que leur sant\u00e9 se d\u00e9t\u00e9riore"},"content":{"rendered":"<p>La Flottille Global Sumud lance un appel urgent, vital, pour les 11 volontaires humanitaires arbitrairement d\u00e9tenus en Libye. Dix des onze d\u00e9tenus entament aujourd\u2019hui leur quatri\u00e8me jour cons\u00e9cutif d\u2019une gr\u00e8ve de la faim \u00ab s\u00e8che \u00bb brutale, refusant \u00e0 la fois nourriture et eau, pour protester contre leur emprisonnement ill\u00e9gal, le refus d\u2019acc\u00e8s \u00e0 la justice, la prolongation de leur d\u00e9tention et les mauvais traitements inflig\u00e9s.<\/p>\n<p>\u00c0 ce jour, l\u2019\u00e9tat de sant\u00e9 des volontaires en gr\u00e8ve se d\u00e9t\u00e9riore rapidement.<br \/>Hier, de multiples cas d\u2019\u00e9vanouissement ont \u00e9t\u00e9 signal\u00e9s, les d\u00e9l\u00e9gu\u00e9es \u00e9tant particuli\u00e8rement touch\u00e9es. Malgr\u00e9 la gravit\u00e9 de leur \u00e9tat physique, les autorit\u00e9s libyennes refusent toute surveillance m\u00e9dicale externe. Aucune \u00e9quipe m\u00e9dicale officielle n\u2019a \u00e9t\u00e9 autoris\u00e9e \u00e0 rendre visite aux d\u00e9tenus. \u00c0 la place, les m\u00e9decins captur\u00e9s parmi la d\u00e9l\u00e9gation du convoi sont contraints de surveiller et d\u2019examiner leurs camarades qui s\u2019effondrent, bien qu\u2019eux-m\u00eames soient s\u00e9v\u00e8rement \u00e9puis\u00e9s.<\/p>\n<p>Emprisonn\u00e9s dans des \u00ab sites noirs \u00bb et soumis \u00e0 une guerre psychologique<\/p>\n<p>Les volontaires sont actuellement d\u00e9tenus dans un complexe p\u00e9nitentiaire non civil, isol\u00e9, g\u00e9r\u00e9 par le minist\u00e8re de l\u2019Int\u00e9rieur, connu localement sous le nom de \u00ab site noir \u00bb. Priv\u00e9s de leurs droits humains fondamentaux, les d\u00e9l\u00e9gu\u00e9s<br \/>font face \u00e0 une campagne calcul\u00e9e de harc\u00e8lement psychologique et d\u2019interrogatoires intensifs.<\/p>\n<p>Selon les informations provenant du centre :<\/p>\n<p>\u2022 Isolement total : Les d\u00e9tenus sont compl\u00e8tement coup\u00e9s du monde ext\u00e9rieur, de leurs familles et de toute repr\u00e9sentation l\u00e9gale ind\u00e9pendante.<\/p>\n<p>\u2022 Faux espoirs instrumentalis\u00e9s : Les autorit\u00e9s inondent d\u00e9lib\u00e9r\u00e9ment les volontaires d\u2019informations contradictoires, leur faisant \u00e0 plusieurs reprises de fausses promesses de lib\u00e9ration tous les deux jours afin de briser syst\u00e9matiquement leur r\u00e9silience psychologique.<\/p>\n<p>\u2022 Manipulation judiciaire : Les ge\u00f4liers ont inform\u00e9 le groupe qu\u2019ils seraient pr\u00e9sent\u00e9s devant un tribunal mardi prochain. Cependant, compte tenu des pratiques syst\u00e9matiques de tromperie administrative, les volontaires estiment<br \/>qu\u2019il s\u2019agit d\u2019une tactique cruelle destin\u00e9e \u00e0 jouer avec leurs nerfs et \u00e0 prolonger leur d\u00e9tention ill\u00e9gale.<\/p>\n<p>Contexte de la crise<\/p>\n<p>La crise a d\u00e9but\u00e9 le 24 mai, lorsqu\u2019une d\u00e9l\u00e9gation de n\u00e9gociation de dix personnes s\u2019est approch\u00e9e de Syrte de bonne foi pour n\u00e9gocier avec les autorit\u00e9s libyennes un passage s\u00fbr pour leur convoi d\u2019aide. Au lieu d\u2019\u00eatre re\u00e7us pour un dialogue, ils ont \u00e9t\u00e9 forc\u00e9s de monter dans des fourgonnettes non marqu\u00e9es et ont disparu. Ils rejoignent Mehdi Bouzguenda, un volontaire technique tunisien de 24 ans arr\u00eat\u00e9 le 19 mai alors qu\u2019il rentrait chez lui. Le 2 juin, leur d\u00e9tention arbitraire a \u00e9t\u00e9 prolong\u00e9e de dix jours suppl\u00e9mentaires sous pr\u00e9texte de violations des r\u00e8gles d\u2019immigration, bien que tous les volontaires disposent de visas valides et soient entr\u00e9s l\u00e9galement dans le pays.<\/p>\n<p>La Flottille Global Sumud avertit les autorit\u00e9s libyennes et le minist\u00e8re de l\u2019Int\u00e9rieur qu\u2019ils assument l\u2019enti\u00e8re responsabilit\u00e9 juridique et morale de la vie et de l\u2019int\u00e9grit\u00e9 physique de ces travailleurs humanitaires internationaux. Une gr\u00e8ve de la faim s\u00e8che est rapidement mortelle ; sans intervention imm\u00e9diate, cette crise humanitaire se transformera en trag\u00e9die.<\/p>\n<p>Nous exigeons l\u2019entr\u00e9e imm\u00e9diate de m\u00e9decins ind\u00e9pendants, l\u2019acc\u00e8s des consuls internationaux, ainsi que la lib\u00e9ration imm\u00e9diate et inconditionnelle des 11 volontaires.<\/p>\n<p>Benghazi, Libye. Le 4 juin 2026.<\/p>\n<p>\u00a0<\/p>\n<p>ACCR\u00c9DITATION M\u00c9DIAS ET CONTACT<\/p>\n<p>Courriel : media@globalsumudflotilla.org<br \/>Signal \/ WhatsApp : +44 1414 620 950<br \/>Site web : <a href=\"https:\/\/globalsumudflotilla.org\/\" rel=\"nofollow noopener\" target=\"_blank\">globalsumudflotilla.org<\/a><\/p>\n<p>R\u00e9seaux sociaux : @maghreb_sumud_organisation @globalsumudflotilla<\/p>\n","protected":false},"excerpt":{"rendered":"La Flottille Global Sumud lance un appel urgent, vital, pour les 11 volontaires humanitaires arbitrairement d\u00e9tenus en Libye.&hellip;\n","protected":false},"author":2,"featured_media":124065,"comment_status":"","ping_status":"","sticky":false,"template":"","format":"standard","meta":{"footnotes":"","_share_on_mastodon":"0"},"categories":[121],"tags":[41873,3176,959,41652,3994,125,9008,41874],"class_list":["post-124064","post","type-post","status-publish","format-standard","has-post-thumbnail","category-libye","tag-detention-arbitraire","tag-droits-humains","tag-gaza","tag-global-sumud","tag-greve-de-la-faim","tag-libye","tag-solidarite-internationale","tag-volontaires-humanitaires"],"share_on_mastodon":{"url":"https:\/\/pubeurope.com\/@afrique\/116711086043882711","error":""},"_links":{"self":[{"href":"https:\/\/www.europesays.com\/afrique\/wp-json\/wp\/v2\/posts\/124064","targetHints":{"allow":["GET"]}}],"collection":[{"href":"https:\/\/www.europesays.com\/afrique\/wp-json\/wp\/v2\/posts"}],"about":[{"href":"https:\/\/www.europesays.com\/afrique\/wp-json\/wp\/v2\/types\/post"}],"author":[{"embeddable":true,"href":"https:\/\/www.europesays.com\/afrique\/wp-json\/wp\/v2\/users\/2"}],"replies":[{"embeddable":true,"href":"https:\/\/www.europesays.com\/afrique\/wp-json\/wp\/v2\/comments?post=124064"}],"version-history":[{"count":0,"href":"https:\/\/www.europesays.com\/afrique\/wp-json\/wp\/v2\/posts\/124064\/revisions"}],"wp:featuredmedia":[{"embeddable":true,"href":"https:\/\/www.europesays.com\/afrique\/wp-json\/wp\/v2\/media\/124065"}],"wp:attachment":[{"href":"https:\/\/www.europesays.com\/afrique\/wp-json\/wp\/v2\/media?parent=124064"}],"wp:term":[{"taxonomy":"category","embeddable":true,"href":"https:\/\/www.europesays.com\/afrique\/wp-json\/wp\/v2\/categories?post=124064"},{"taxonomy":"post_tag","embeddable":true,"href":"https:\/\/www.europesays.com\/afrique\/wp-json\/wp\/v2\/tags?post=124064"}],"curies":[{"name":"wp","href":"https:\/\/api.w.org\/{rel}","templated":true}]}}