{"id":126276,"date":"2026-06-10T11:18:32","date_gmt":"2026-06-10T11:18:32","guid":{"rendered":"https:\/\/www.europesays.com\/afrique\/126276\/"},"modified":"2026-06-10T11:18:32","modified_gmt":"2026-06-10T11:18:32","slug":"congo-le-senegalais-omar-daf-va-accompagner-claude-le-roy","status":"publish","type":"post","link":"https:\/\/www.europesays.com\/afrique\/126276\/","title":{"rendered":"Congo : le s\u00e9n\u00e9galais Omar Daf va accompagner Claude Le Roy !"},"content":{"rendered":"<p><img loading=\"lazy\" decoding=\"async\" width=\"1600\" height=\"900\" data-id=\"23385\" src=\"https:\/\/www.europesays.com\/afrique\/wp-content\/uploads\/2026\/06\/Omar-Daf-edited.jpg\" alt=\"\" class=\"wp-image-23385\"  \/><\/p>\n<p class=\"wp-block-paragraph\">C\u2019est un v\u00e9ritable coup de tonnerre pour le football congolais. Le minist\u00e8re des Sports et la F\u00e9d\u00e9ration Congolaise de Football (FECOFOOT) ont officiellement annonc\u00e9 la nomination du l\u00e9gendaire technicien fran\u00e7ais Claude Le Roy au poste de s\u00e9lectionneur national des Diables Rouges. Pour ce nouveau mandat plac\u00e9 sous le signe de la reconstruction, le \u00ab\u00a0Sorcier Blanc\u00a0\u00bb sera \u00e9paul\u00e9 par l\u2019ancien international s\u00e9n\u00e9galais Omar Daf, nomm\u00e9 entra\u00eeneur adjoint.<\/p>\n<p class=\"wp-block-paragraph\">Le choix d\u2019Omar Daf apporte une solide plus-value et une vraie rigueur \u00e0 l\u2019encadrement technique. Fort de sa riche exp\u00e9rience acquise sur les bancs de clubs fran\u00e7ais de renom (Amiens SC, Dijon FCO, FC Sochaux) et de son v\u00e9cu international en tant qu\u2019ancien adjoint au sein de la s\u00e9lection du S\u00e9n\u00e9gal, le technicien franco-s\u00e9n\u00e9galais mettra son expertise du haut niveau au service de ce nouveau projet sportif.<\/p>\n<p class=\"wp-block-paragraph\">Ce bin\u00f4me d\u2019exp\u00e9rience se voit confier une mission claire par les autorit\u00e9s sportives du pays : ouvrir un nouveau cycle ax\u00e9 sur la restructuration de l\u2019\u00e9quipe nationale, la valorisation des talents locaux et le retour de la discipline. L\u2019objectif prioritaire de Claude Le Roy et d\u2019Omar Daf sera de reb\u00e2tir une s\u00e9lection comp\u00e9titive afin de d\u00e9crocher une qualification pour la Coupe d\u2019Afrique des Nations (CAN) 2027.<\/p>\n","protected":false},"excerpt":{"rendered":"C\u2019est un v\u00e9ritable coup de tonnerre pour le football congolais. Le minist\u00e8re des Sports et la F\u00e9d\u00e9ration Congolaise&hellip;\n","protected":false},"author":2,"featured_media":126277,"comment_status":"","ping_status":"","sticky":false,"template":"","format":"standard","meta":{"footnotes":"","_share_on_mastodon":"0"},"categories":[4],"tags":[6,446,18685,2169,3143,23536,301,308,33686,11],"class_list":["post-126276","post","type-post","status-publish","format-standard","has-post-thumbnail","category-afrique","tag-afrique","tag-caf","tag-claude-le-roy","tag-congo","tag-congo-brazzaville","tag-fecofoot","tag-fifa","tag-football","tag-omar-daf","tag-senegal"],"share_on_mastodon":{"url":"https:\/\/pubeurope.com\/@afrique\/116725540757737152","error":""},"_links":{"self":[{"href":"https:\/\/www.europesays.com\/afrique\/wp-json\/wp\/v2\/posts\/126276","targetHints":{"allow":["GET"]}}],"collection":[{"href":"https:\/\/www.europesays.com\/afrique\/wp-json\/wp\/v2\/posts"}],"about":[{"href":"https:\/\/www.europesays.com\/afrique\/wp-json\/wp\/v2\/types\/post"}],"author":[{"embeddable":true,"href":"https:\/\/www.europesays.com\/afrique\/wp-json\/wp\/v2\/users\/2"}],"replies":[{"embeddable":true,"href":"https:\/\/www.europesays.com\/afrique\/wp-json\/wp\/v2\/comments?post=126276"}],"version-history":[{"count":0,"href":"https:\/\/www.europesays.com\/afrique\/wp-json\/wp\/v2\/posts\/126276\/revisions"}],"wp:featuredmedia":[{"embeddable":true,"href":"https:\/\/www.europesays.com\/afrique\/wp-json\/wp\/v2\/media\/126277"}],"wp:attachment":[{"href":"https:\/\/www.europesays.com\/afrique\/wp-json\/wp\/v2\/media?parent=126276"}],"wp:term":[{"taxonomy":"category","embeddable":true,"href":"https:\/\/www.europesays.com\/afrique\/wp-json\/wp\/v2\/categories?post=126276"},{"taxonomy":"post_tag","embeddable":true,"href":"https:\/\/www.europesays.com\/afrique\/wp-json\/wp\/v2\/tags?post=126276"}],"curies":[{"name":"wp","href":"https:\/\/api.w.org\/{rel}","templated":true}]}}