{"id":126492,"date":"2026-06-10T16:13:32","date_gmt":"2026-06-10T16:13:32","guid":{"rendered":"https:\/\/www.europesays.com\/afrique\/126492\/"},"modified":"2026-06-10T16:13:32","modified_gmt":"2026-06-10T16:13:32","slug":"attaque-dun-bidonville-12-personnes-tuees-par-balles-pres-de-johannesburg-en-afrique-du-sud","status":"publish","type":"post","link":"https:\/\/www.europesays.com\/afrique\/126492\/","title":{"rendered":"Attaque d&rsquo;un bidonville : 12 personnes tu\u00e9es par balles pr\u00e8s de Johannesburg en Afrique du Sud"},"content":{"rendered":"<p>Plus de 10 hommes arm\u00e9s ont attaqu\u00e9 <a href=\"https:\/\/www.laprovence.com\/article\/france-monde\/1786903420333914\/des-sud-africains-par-milliers-dans-la-rue-contre-les-pressions-de-trump-et-son-ambassadeur-derange\" target=\"_blank\" rel=\"nofollow noopener\">un bidonville pr\u00e8s de Johannesburg<\/a> et abattu 12 personnes dans la nuit de mardi \u00e0 mercredi, a annonc\u00e9 la police sud-africaine. Le massacre a eu lieu dans une zone de baraques m\u00e9talliques, pr\u00e8s d&rsquo;un lieu o\u00f9 vivent des mineurs ill\u00e9gaux, a indiqu\u00e9 la police. La fusillade a eu lieu mardi peu apr\u00e8s 23H00 (21H00 GMT) lorsqu&rsquo;une dizaine d&rsquo;individus arm\u00e9s se sont rendus en voiture dans le quartier et ont attaqu\u00e9 le bidonville, a expliqu\u00e9 une porte-parole de la police, la colonelle Dimakatso Nevhuhulwi.<\/p>\n<p>\u00ab\u00a0Les suspects seraient entr\u00e9s dans le bidonville par ses deux entr\u00e9es et auraient parcouru la zone, ouvrant le feu sur des habitants et des membres de la communaut\u00e9 \u00e0 plusieurs endroits avant de prendre la fuite \u00e0 bord du m\u00eame v\u00e9hicule\u00a0\u00bb, a-t-elle indiqu\u00e9. \u00ab\u00a0Les premi\u00e8res investigations r\u00e9v\u00e8lent que 12 personnes sont d\u00e9c\u00e9d\u00e9es des suites de cette attaque\u00a0\u00bb, a-t-elle ajout\u00e9. \u00ab\u00a0Huit hommes et trois femmes ont \u00e9t\u00e9 d\u00e9clar\u00e9s morts sur place\u00a0\u00bb et une personne est d\u00e9c\u00e9d\u00e9e \u00e0 l&rsquo;h\u00f4pital, selon la porte-parole.<\/p>\n<p>L&rsquo;attaque a eu lieu dans le quartier informel de Cleveland, \u00e0 environ six kilom\u00e8tres \u00e0 l&rsquo;est du centre-ville de Johannesburg, la capitale \u00e9conomique sud-africaine.\u00a0 \u00ab\u00a0On peut qualifier cet incident d&rsquo;insens\u00e9, de cruel et, d&rsquo;une certaine fa\u00e7on, de barbare\u00a0\u00bb, a d\u00e9clar\u00e9 le chef de la police provinciale Tommy Mthombeni lors d&rsquo;un point de presse sur place. \u00ab\u00a0Pour l&rsquo;instant, nous n&rsquo;avons pas pu d\u00e9terminer\u00a0le mobile\u00a0\u00bb, a-t-il ajout\u00e9. \u00ab\u00a0Comme vous le savez, cet endroit est adjacent \u00e0 une zone d&rsquo;exploitation mini\u00e8re l\u00e9gale. Nous avons des soup\u00e7ons \u00e0 ce sujet.\u00a0\u00bb<\/p>\n<p>Des hommes arm\u00e9s avaient ouvert le feu dans un bar situ\u00e9 en p\u00e9riph\u00e9rie de Johannesburg<\/p>\n<p>Certains habitants ont affirm\u00e9 \u00a0\u00e0 la cha\u00eene locale eNCA que des mineurs clandestins, appel\u00e9s \u00ab\u00a0zama-zamas\u00a0\u00bb, contribuaient \u00e0 la violence sur place et que ce n&rsquo;\u00e9tait pas la premi\u00e8re fusillade dans ce quartier situ\u00e9 \u00e0 proximit\u00e9 d&rsquo;une mine d&rsquo;or et compos\u00e9 surtout de bidonvilles. Les armes \u00e0 feu, l\u00e9gales et ill\u00e9gales, sont l\u00e9gion en Afrique du Sud et les fusillades fr\u00e9quentes, souvent motiv\u00e9es par des rivalit\u00e9 entre gangs\u00a0ou entre entreprises non d\u00e9clar\u00e9es. Plus de 60 homicides sont enregistr\u00e9s en moyenne chaque jour dans le pays.<\/p>\n<p>En d\u00e9cembre, neuf personnes avaient \u00e9t\u00e9 tu\u00e9es lorsque des hommes arm\u00e9s avaient ouvert le feu dans un bar situ\u00e9 en p\u00e9riph\u00e9rie de Johannesburg, \u00e0 Bekkersdal, dans une r\u00e9gion aurif\u00e8re \u00e0 environ 40 kilom\u00e8tres au sud-ouest de la ville. La plupart des assaillants \u00e9taient arm\u00e9s de pistolets et l&rsquo;un d&rsquo;entre eux portait un fusil d&rsquo;assaut AK-47.<\/p>\n<p>Plus t\u00f4t en d\u00e9cembre, une autre attaque dans un bar <a href=\"https:\/\/www.laprovence.com\/article\/france-monde\/5033484210418414\/en-afrique-du-sud-une-enclave-afrikaner-hors-du-temps-aux-portes-de-pretoria\" target=\"_blank\" rel=\"nofollow noopener\">pr\u00e8s de Pretoria<\/a> avait tu\u00e9 une douzaine de personnes, dont un enfant de trois ans. Des soldats ont \u00e9t\u00e9 d\u00e9ploy\u00e9s en d\u00e9cembre dans les zones de Johannesburg particuli\u00e8rement touch\u00e9es par la violence des gangs afin de soutenir les efforts de la police pour lutter contre la criminalit\u00e9 end\u00e9mique, une des plus grandes menaces pesant sur le pays, d&rsquo;apr\u00e8s le pr\u00e9sident Cyril Ramaphosa.<\/p>\n","protected":false},"excerpt":{"rendered":"Plus de 10 hommes arm\u00e9s ont attaqu\u00e9 un bidonville pr\u00e8s de Johannesburg et abattu 12 personnes dans la&hellip;\n","protected":false},"author":2,"featured_media":126493,"comment_status":"","ping_status":"","sticky":false,"template":"","format":"standard","meta":{"footnotes":"","_share_on_mastodon":"0"},"categories":[4],"tags":[58,6,1157,4752,42339,569,1560,545,2542,11273],"class_list":["post-126492","post","type-post","status-publish","format-standard","has-post-thumbnail","category-afrique","tag-58","tag-afrique","tag-attaque","tag-balles","tag-bidonville","tag-dun","tag-faits-divers-justice","tag-par","tag-personnes","tag-tuees"],"share_on_mastodon":{"url":"https:\/\/pubeurope.com\/@afrique\/116726700571743639","error":""},"_links":{"self":[{"href":"https:\/\/www.europesays.com\/afrique\/wp-json\/wp\/v2\/posts\/126492","targetHints":{"allow":["GET"]}}],"collection":[{"href":"https:\/\/www.europesays.com\/afrique\/wp-json\/wp\/v2\/posts"}],"about":[{"href":"https:\/\/www.europesays.com\/afrique\/wp-json\/wp\/v2\/types\/post"}],"author":[{"embeddable":true,"href":"https:\/\/www.europesays.com\/afrique\/wp-json\/wp\/v2\/users\/2"}],"replies":[{"embeddable":true,"href":"https:\/\/www.europesays.com\/afrique\/wp-json\/wp\/v2\/comments?post=126492"}],"version-history":[{"count":0,"href":"https:\/\/www.europesays.com\/afrique\/wp-json\/wp\/v2\/posts\/126492\/revisions"}],"wp:featuredmedia":[{"embeddable":true,"href":"https:\/\/www.europesays.com\/afrique\/wp-json\/wp\/v2\/media\/126493"}],"wp:attachment":[{"href":"https:\/\/www.europesays.com\/afrique\/wp-json\/wp\/v2\/media?parent=126492"}],"wp:term":[{"taxonomy":"category","embeddable":true,"href":"https:\/\/www.europesays.com\/afrique\/wp-json\/wp\/v2\/categories?post=126492"},{"taxonomy":"post_tag","embeddable":true,"href":"https:\/\/www.europesays.com\/afrique\/wp-json\/wp\/v2\/tags?post=126492"}],"curies":[{"name":"wp","href":"https:\/\/api.w.org\/{rel}","templated":true}]}}