{"id":126573,"date":"2026-06-10T18:22:14","date_gmt":"2026-06-10T18:22:14","guid":{"rendered":"https:\/\/www.europesays.com\/afrique\/126573\/"},"modified":"2026-06-10T18:22:14","modified_gmt":"2026-06-10T18:22:14","slug":"algerie-mondial-2026-aouchiche-reagit-a-son-absence","status":"publish","type":"post","link":"https:\/\/www.europesays.com\/afrique\/126573\/","title":{"rendered":"Alg\u00e9rie \/ Mondial 2026 : Aouchiche r\u00e9agit \u00e0 son absence"},"content":{"rendered":"<p style=\"text-align: justify;\">Deux mois apr\u00e8s avoir honor\u00e9 sa premi\u00e8re s\u00e9lection avec l\u2019Alg\u00e9rie lors du large succ\u00e8s face au Guatemala (7-0), Adil Aouchiche ne participera finalement pas \u00e0 la Coupe du Monde 2026. Une absence forc\u00e9ment difficile \u00e0 dig\u00e9rer pour le milieu offensif alg\u00e9rien, qui avait effectu\u00e9 ses grands d\u00e9buts sous les ordres de Vladimir Petkovic lors du rassemblement de mars. Dans un entretien accord\u00e9 au quotidien <a href=\"https:\/\/www.lequipe.fr\/Football\/Actualites\/Adil-aouchiche-la-renaissance-a-schalke-04-apres-les-galeres-j-ai-ete-considere-comme-une-monnaie\/1683374\" rel=\"nofollow noopener\" target=\"_blank\">L\u2019\u00c9quipe<\/a>, le soci\u00e9taire de Schalke 04 est revenu sur cette d\u00e9ception, tout en r\u00e9affirmant son attachement profond \u00e0 la s\u00e9lection alg\u00e9rienne et les raisons qui l\u2019ont pouss\u00e9 \u00e0 choisir les Fennecs.<\/p>\n<p class=\"isSelectedEnd\" style=\"text-align: justify;\">Apr\u00e8s avoir d\u00e9couvert la s\u00e9lection alg\u00e9rienne il y a seulement quelques mois, Aouchiche (23 ans) esp\u00e9rait naturellement faire partie de l\u2019aventure mondiale aux \u00c9tats-Unis, au Canada et au Mexique. Le joueur reconna\u00eet toutefois que la d\u00e9cision du s\u00e9lectionneur doit \u00eatre respect\u00e9e, malgr\u00e9 l\u2019immense d\u00e9ception ressentie apr\u00e8s l\u2019annonce de la liste d\u00e9finitive : \u00ab Ce serait mentir de dire que ce n\u2019est pas une grosse d\u00e9ception. C\u2019\u00e9tait un r\u00eave pour moi d\u2019y participer, mais je respecte les choix du coach. \u00bb<\/p>\n<p class=\"isSelectedEnd\" style=\"text-align: justify;\">Malgr\u00e9 cette d\u00e9sillusion, Aouchiche assure qu\u2019il restera pleinement derri\u00e8re ses co\u00e9quipiers durant la comp\u00e9tition. L\u2019ancien joueur du Paris Saint-Germain esp\u00e8re pouvoir retrouver la s\u00e9lection dans un futur proche : \u00ab J\u2019esp\u00e8re que j\u2019aurai \u00e0 nouveau l\u2019opportunit\u00e9 d\u2019aider l\u2019\u00e9quipe nationale dans un autre contexte. Je serai leur premier supporter et j\u2019esp\u00e8re que l\u2019Alg\u00e9rie ira loin. \u00bb<\/p>\n<p>Un choix du c\u0153ur m\u00fbrement r\u00e9fl\u00e9chi<\/p>\n<p class=\"isSelectedEnd\" style=\"text-align: justify;\">Au cours de cet entretien, Aouchiche est \u00e9galement revenu sur sa d\u00e9cision de repr\u00e9senter l\u2019Alg\u00e9rie au niveau international. Apr\u00e8s avoir port\u00e9 les couleurs de la France dans les cat\u00e9gories de jeunes :\u00a0\u00ab Lors de mes derni\u00e8res ann\u00e9es avec la France, je l\u2019envisageais d\u00e9j\u00e0. C\u2019\u00e9tait mon choix du coeur. Personnellement, ce sont mes grands-parents qui sont arriv\u00e9s en France. Je pense \u00e0 eux, des oncles et tantes qui ne sont plus l\u00e0. Ils auraient \u00e9t\u00e9 fiers de me voir porter ce maillot. J\u2019ai aussi cette envie de laisser une empreinte. Mon fils pourra dire que son p\u00e8re a jou\u00e9 pour l\u2019\u00e9quipe nationale. C\u2019est une grande fiert\u00e9. \u00bb<\/p>\n<p style=\"text-align: justify;\">Quelques mois seulement apr\u00e8s sa premi\u00e8re apparition sous le maillot alg\u00e9rien, Aouchiche voit son r\u00eave de participer \u00e0 la Coupe du Monde 2026 \u00eatre repouss\u00e9. Malgr\u00e9 cette d\u00e9ception, le milieu offensif conserve une d\u00e9termination intacte et une immense fiert\u00e9 d\u2019avoir rejoint les Fennecs. \u00c0 seulement 23 ans, et fort d\u2019un retour remarqu\u00e9 sur le devant de la sc\u00e8ne, le joueur dispose encore d\u2019un important potentiel. Tout porte ainsi \u00e0 croire qu\u2019il a les qualit\u00e9s n\u00e9cessaires pour s\u2019inscrire durablement dans le projet de l\u2019\u00e9quipe nationale et jouer un r\u00f4le majeur dans l\u2019\u00e8re post-Mondial 2026.<\/p>\n<p lang=\"fr\" dir=\"ltr\">\ud83c\udde9\ud83c\uddff Le nom de Hadj Moussa circule en Allemagne ! \ud83c\udde9\ud83c\uddea <a href=\"https:\/\/t.co\/RRwlGgDTde\" rel=\"nofollow\">pic.twitter.com\/RRwlGgDTde<\/a><\/p>\n<p>\u2014 La Gazette du Fennec (@LGDFennec) <a href=\"https:\/\/x.com\/LGDFennec\/status\/2064666245358559344?ref_src=twsrc%5Etfw\" rel=\"nofollow\">June 10, 2026<\/a><\/p>\n<p>\t            <script async src=\"https:\/\/platform.twitter.com\/widgets.js\" charset=\"utf-8\"><\/script><\/p>\n","protected":false},"excerpt":{"rendered":"Deux mois apr\u00e8s avoir honor\u00e9 sa premi\u00e8re s\u00e9lection avec l\u2019Alg\u00e9rie lors du large succ\u00e8s face au Guatemala (7-0),&hellip;\n","protected":false},"author":2,"featured_media":126574,"comment_status":"","ping_status":"","sticky":false,"template":"","format":"standard","meta":{"footnotes":"","_share_on_mastodon":"0"},"categories":[85],"tags":[14632,116,21700,42418,42419],"class_list":["post-126573","post","type-post","status-publish","format-standard","has-post-thumbnail","category-algerie","tag-adil-aouchiche","tag-algerie","tag-aouchiche","tag-aouchiche-algu00e9rie","tag-aouchiche-coupe-du-monde"],"share_on_mastodon":{"url":"https:\/\/pubeurope.com\/@afrique\/116727207903790117","error":""},"_links":{"self":[{"href":"https:\/\/www.europesays.com\/afrique\/wp-json\/wp\/v2\/posts\/126573","targetHints":{"allow":["GET"]}}],"collection":[{"href":"https:\/\/www.europesays.com\/afrique\/wp-json\/wp\/v2\/posts"}],"about":[{"href":"https:\/\/www.europesays.com\/afrique\/wp-json\/wp\/v2\/types\/post"}],"author":[{"embeddable":true,"href":"https:\/\/www.europesays.com\/afrique\/wp-json\/wp\/v2\/users\/2"}],"replies":[{"embeddable":true,"href":"https:\/\/www.europesays.com\/afrique\/wp-json\/wp\/v2\/comments?post=126573"}],"version-history":[{"count":0,"href":"https:\/\/www.europesays.com\/afrique\/wp-json\/wp\/v2\/posts\/126573\/revisions"}],"wp:featuredmedia":[{"embeddable":true,"href":"https:\/\/www.europesays.com\/afrique\/wp-json\/wp\/v2\/media\/126574"}],"wp:attachment":[{"href":"https:\/\/www.europesays.com\/afrique\/wp-json\/wp\/v2\/media?parent=126573"}],"wp:term":[{"taxonomy":"category","embeddable":true,"href":"https:\/\/www.europesays.com\/afrique\/wp-json\/wp\/v2\/categories?post=126573"},{"taxonomy":"post_tag","embeddable":true,"href":"https:\/\/www.europesays.com\/afrique\/wp-json\/wp\/v2\/tags?post=126573"}],"curies":[{"name":"wp","href":"https:\/\/api.w.org\/{rel}","templated":true}]}}