{"id":127113,"date":"2026-06-11T08:56:14","date_gmt":"2026-06-11T08:56:14","guid":{"rendered":"https:\/\/www.europesays.com\/afrique\/127113\/"},"modified":"2026-06-11T08:56:14","modified_gmt":"2026-06-11T08:56:14","slug":"coupe-du-monde-2026-embolo-al-tamari-fofana-cinq-joueurs-du-stade-rennais-en-tournee-americaine","status":"publish","type":"post","link":"https:\/\/www.europesays.com\/afrique\/127113\/","title":{"rendered":"Coupe du monde 2026. Embolo, Al-Tamari, Fofana\u2026 Cinq joueurs du Stade Rennais en tourn\u00e9e am\u00e9ricaine"},"content":{"rendered":"<p>\n                Article premium,<br \/>\n                    R\u00e9serv\u00e9 aux\u00a0abonn\u00e9s\n            <\/p>\n<p class=\"su-standfirst chapeau\">Le Stade Rennais compte cinq de ses joueurs \u00e0 la Coupe du monde, qui d\u00e9bute ce jeudi 11\u00a0juin aux \u00c9tats-Unis, Mexique et Canada. Brice Samba\u00a0(France), Breel Embolo\u00a0(Suisse), Mousa Al-Tamari\u00a0(Jordanie), Alidu Seidu\u00a0(Ghana) et Seko Fofana\u00a0(C\u00f4te d\u2019Ivoire) nourriront des ambitions diverses. Tour d\u2019horizon.<\/p>\n<p>                                        <img decoding=\"async\" class=\"su-media\" src=\"https:\/\/media.ouest-france.fr\/v1\/pictures\/MjAyNjA2OTIwODY3MTY1NjE1ODQ0MjhjN2ZmODkxNDIxZTgxOGE?width=1260&amp;height=708&amp;focuspoint=50%2C42&amp;cropresize=1&amp;client_id=bpeditorial&amp;sign=40821ffd15bd3695049a05f5bd5697e6bb2152c6c0d918cf957029317cca357e\" alt=\"La C\u00f4te d\u2019Ivoire de Seko Fofana a battu la France\u00a0(2-1) d\u00e9but juin en pr\u00e9paration \u00e0 Nantes.\"  \/><\/p>\n<p>                            La C\u00f4te d\u2019Ivoire de Seko Fofana a battu la France\u00a0(2-1) d\u00e9but juin en pr\u00e9paration \u00e0 Nantes. | AFP<\/p>\n<p>                            fermer<\/p>\n<p><img decoding=\"async\" data-ofmaxheight=\"\" class=\"su-media lazyload\" alt=\"La C\u00f4te d\u2019Ivoire de Seko Fofana a battu la France\u00a0(2-1) d\u00e9but juin en pr\u00e9paration \u00e0 Nantes.\" src=\"data:image\/png;base64,iVBORw0KGgoAAAANSUhEUgAAABAAAAAJCAYAAAA7KqwyAAAAGXRFWHRTb2Z0d2FyZQBBZG9iZSBJbWFnZVJlYWR5ccllPAAAABhJREFUeNpi\/P\/\/PwMlgHHUgFEDgAAgwAD+lBrvy+NcxAAAAABJRU5ErkJggg==\" data-oflazyload=\"{&quot;srcset&quot;:&quot;https:\/\/media.ouest-france.fr\/v1\/pictures\/MjAyNjA2OTIwODY3MTY1NjE1ODQ0MjhjN2ZmODkxNDIxZTgxOGE?width=320&amp;focuspoint=50%2C42&amp;cropresize=1&amp;client_id=bpeditorial&amp;sign=4b7e27f2d3c801e1a4ac2c6f88f2d8027a08ff850ed4b02bf78360667b807dd3 320w,https:\/\/media.ouest-france.fr\/v1\/pictures\/MjAyNjA2OTIwODY3MTY1NjE1ODQ0MjhjN2ZmODkxNDIxZTgxOGE?width=375&amp;focuspoint=50%2C42&amp;cropresize=1&amp;client_id=bpeditorial&amp;sign=9272ef63c0dee0dc3e0d576573059488f4de87e473cc44bcc130a82424b98dc8 360w,https:\/\/media.ouest-france.fr\/v1\/pictures\/MjAyNjA2OTIwODY3MTY1NjE1ODQ0MjhjN2ZmODkxNDIxZTgxOGE?width=480&amp;focuspoint=50%2C42&amp;cropresize=1&amp;client_id=bpeditorial&amp;sign=934cf9b4668d160298889ccc75c901148bc2ab98123528ae7c66806591fd9258 480w,https:\/\/media.ouest-france.fr\/v1\/pictures\/MjAyNjA2OTIwODY3MTY1NjE1ODQ0MjhjN2ZmODkxNDIxZTgxOGE?width=630&amp;focuspoint=50%2C42&amp;cropresize=1&amp;client_id=bpeditorial&amp;sign=af5bc8a611ae78ebfd096401ed4992aacea2e8a62ef967917d4d224c2c73e529 630w,https:\/\/media.ouest-france.fr\/v1\/pictures\/MjAyNjA2OTIwODY3MTY1NjE1ODQ0MjhjN2ZmODkxNDIxZTgxOGE?width=940&amp;focuspoint=50%2C42&amp;cropresize=1&amp;client_id=bpeditorial&amp;sign=8c534bbe4ed3020ed5930095661d12f471bba485d77c6bcb59f9d2344bb19f7f 940w,https:\/\/media.ouest-france.fr\/v1\/pictures\/MjAyNjA2OTIwODY3MTY1NjE1ODQ0MjhjN2ZmODkxNDIxZTgxOGE?width=1260&amp;focuspoint=50%2C42&amp;cropresize=1&amp;client_id=bpeditorial&amp;sign=64632b6ff5192134813ac1fb5e35549cab4dc676b5e531b5ee90020096ff176d 1260w&quot;}\"\/>La C\u00f4te d\u2019Ivoire de Seko Fofana a battu la France\u00a0(2-1) d\u00e9but juin en pr\u00e9paration \u00e0 Nantes. | AFP                            <\/p>\n<p>        Publi\u00e9 le 11\/06\/2026  \u00e0 07h21<\/p>\n<p>                            Lire plus tard<\/p>\n<p>                            Partager<\/p>\n<p>                        FacebookFacebookBlueSkyBlueSkyFlipboardFlipboardlinkedinLinkedIn<\/p>\n<p>Le Stade Rennais sera bien repr\u00e9sent\u00e9 \u00e0 la <a href=\"https:\/\/www.ouest-france.fr\/sport\/coupe-du-monde\/\" target=\"_self\" rel=\"nofollow noopener\">Coupe du monde<\/a>, \u00e0 travers la grosse vingtaine de joueurs ayant d\u00e9j\u00e0 port\u00e9 ses couleurs (1), et les cinq qui sont aujourd\u2019hui sous contrat. Alors que Mousa Al-Tamari et Breel Embolo seront des chefs de file pour la Jordanie et la Suisse, Brice Samba (France), Alidu Seidu (Ghana) et Seko Fofana (C\u00f4te d\u2019Ivoire) tenteront de capter aussi un peu de lumi\u00e8re.<\/p>\n<p>Brice Samba (32 ans) <a href=\"https:\/\/www.ouest-france.fr\/sport\/football\/stade-rennais\/stade-rennais-un-reve-de-gosse-brice-samba-va-participer-a-sa-premiere-coupe-du-monde-avec-lequipe-de-france-511c0ac0-4fc6-11f1-88ee-769cab556f2f\" target=\"_self\" rel=\"nofollow noopener\">va participer \u00e0 sa premi\u00e8re Coupe du monde<\/a> en tant que doublure de Mike Maignan chez les Bleus. Cela va conf\u00e9rer au gardien du Stade Rennais (4 s\u00e9lections depuis 2023) un r\u00f4le d\u2019accompagnement.<\/p>\n<p>Si la France gagne ses deux premiers matches face au S\u00e9n\u00e9gal&#8230;<\/p>\n<p style=\"text-align: center; background-color: #dbbe4d; padding-top: 5px; padding-bottom: 5px; font-size: 14px;\">D\u00e9j\u00e0 abonn\u00e9 ? <a data-trkartmonet=\"Identification\" data-trk-sipa=\"{\" blockcategory=\"\" paywall=\"\" href=\"http:\/\/www.ouest-france.fr\/login?redirect=https:\/\/www.ouest-france.fr\/sport\/football\/stade-rennais\/coupe-du-monde-2026-embolo-al-tamari-fofana-cinq-joueurs-du-stade-rennais-en-tournee-americaine-394a9352-64a3-11f1-a46d-81598b89efb2\" rel=\"nofollow noopener\" title=\"Se connecter \u00e0 Ouest-France\" class=\"su-link-light\" target=\"_blank\">Connectez-vous<\/a><\/p>\n<p style=\"text-align: center; padding-top: 15px; padding-bottom: 8px; vertical-align: bottom;\">bloqu\u00e9 Pour lire la suite, abonnez-vous<\/p>\n<p style=\"text-align: center;\">1er mois \u00e0 1\u20ac<\/p>\n<p style=\"text-align: center; margin-top: -5px;\">Annulable \u00e0 tout moment<\/p>\n<p style=\"text-align: center;\">\u00a0<\/p>\n<p style=\"text-align: center;\"><a data-ida=\"\" data-trkartmonet=\"Tunnel OF+\" data-trk-sipa=\"{&#010;\" blockcategory=\"\" paywall=\"\" :=\"\" m=\"\" of=\"\" class=\"&#010;        su-button&#010;        su-subscription&#010;        &#010;        &#010;    \" data-trk-bloc=\"paywall\" href=\"https:\/\/abonnement.ouest-france.fr\/tunnel\/pack-essentiel-article\/122096117101?int_medium=lien&amp;int_campaign=PWFR0225-OF&amp;int_content=page-article-payant_boutonjaune-paywall&amp;marquesource=OF&amp;rt=https:\/\/www.ouest-france.fr\/sport\/football\/stade-rennais\/coupe-du-monde-2026-embolo-al-tamari-fofana-cinq-joueurs-du-stade-rennais-en-tournee-americaine-394a9352-64a3-11f1-a46d-81598b89efb2\" rel=\"nofollow noopener\" target=\"_blank\"><br \/>\n    Je m&rsquo;abonne<br \/>\n<\/a><\/p>\n<p style=\"text-align: center; padding-top: 10px; padding-bottom: 10px;\"><img decoding=\"async\" src=\"https:\/\/media.ouest-france.fr\/v1\/fonts\/be7723fcee3f1866f1ce99184077fc6f-carte-bancaire.svg?height=36\" alt=\"CB\"\/>\u00a0\u00a0<img decoding=\"async\" src=\"https:\/\/media.ouest-france.fr\/v1\/fonts\/1819d54c599d8afa64539cfba4ac9dde-rib.svg?height=36\" alt=\"RIB\"\/>\u00a0\u00a0<img decoding=\"async\" src=\"https:\/\/media.ouest-france.fr\/v1\/fonts\/065fc80d7b6a03d14a834c224ce723e1-paypal.svg?height=36\" alt=\"PAYPAL\"\/><\/p>\n","protected":false},"excerpt":{"rendered":"Article premium, R\u00e9serv\u00e9 aux\u00a0abonn\u00e9s Le Stade Rennais compte cinq de ses joueurs \u00e0 la Coupe du monde, qui&hellip;\n","protected":false},"author":2,"featured_media":127114,"comment_status":"","ping_status":"","sticky":false,"template":"","format":"standard","meta":{"footnotes":"","_share_on_mastodon":"0"},"categories":[154],"tags":[3488,216,2631,12576,17392,15484,38723,38714,308,15383,4663,46,12418],"class_list":["post-127113","post","type-post","status-publish","format-standard","has-post-thumbnail","category-cote-divoire","tag-bretagne","tag-cote-divoire","tag-coupe-du-monde-de-football","tag-equipe-cote-divoire-football","tag-equipe-de-france-football","tag-equipe-ghana-football","tag-equipe-jordanie-football","tag-equipe-suisse-football","tag-football","tag-ille-et-vilaine","tag-rennes","tag-sport","tag-stade-rennais"],"share_on_mastodon":{"url":"https:\/\/pubeurope.com\/@afrique\/116730644751485020","error":""},"_links":{"self":[{"href":"https:\/\/www.europesays.com\/afrique\/wp-json\/wp\/v2\/posts\/127113","targetHints":{"allow":["GET"]}}],"collection":[{"href":"https:\/\/www.europesays.com\/afrique\/wp-json\/wp\/v2\/posts"}],"about":[{"href":"https:\/\/www.europesays.com\/afrique\/wp-json\/wp\/v2\/types\/post"}],"author":[{"embeddable":true,"href":"https:\/\/www.europesays.com\/afrique\/wp-json\/wp\/v2\/users\/2"}],"replies":[{"embeddable":true,"href":"https:\/\/www.europesays.com\/afrique\/wp-json\/wp\/v2\/comments?post=127113"}],"version-history":[{"count":0,"href":"https:\/\/www.europesays.com\/afrique\/wp-json\/wp\/v2\/posts\/127113\/revisions"}],"wp:featuredmedia":[{"embeddable":true,"href":"https:\/\/www.europesays.com\/afrique\/wp-json\/wp\/v2\/media\/127114"}],"wp:attachment":[{"href":"https:\/\/www.europesays.com\/afrique\/wp-json\/wp\/v2\/media?parent=127113"}],"wp:term":[{"taxonomy":"category","embeddable":true,"href":"https:\/\/www.europesays.com\/afrique\/wp-json\/wp\/v2\/categories?post=127113"},{"taxonomy":"post_tag","embeddable":true,"href":"https:\/\/www.europesays.com\/afrique\/wp-json\/wp\/v2\/tags?post=127113"}],"curies":[{"name":"wp","href":"https:\/\/api.w.org\/{rel}","templated":true}]}}