{"id":127699,"date":"2026-06-11T21:01:15","date_gmt":"2026-06-11T21:01:15","guid":{"rendered":"https:\/\/www.europesays.com\/afrique\/127699\/"},"modified":"2026-06-11T21:01:15","modified_gmt":"2026-06-11T21:01:15","slug":"coupe-du-monde-ca-nous-fait-tres-mal-les-supporters-habitant-en-cote-divoire-resolus-a-ne-pas-faire-le-voyage","status":"publish","type":"post","link":"https:\/\/www.europesays.com\/afrique\/127699\/","title":{"rendered":"Coupe du monde. \u00ab\u00a0\u00c7a nous fait tr\u00e8s mal\u00a0\u00bb\u00a0: les supporters habitant en C\u00f4te d\u2019Ivoire r\u00e9solus \u00e0 ne pas faire le voyage"},"content":{"rendered":"<p>La <a href=\"https:\/\/www.ouest-france.fr\/sport\/football\/equipe-cote-d-ivoire\/\" target=\"_self\" rel=\"nofollow noopener\">C\u00f4te d\u2019Ivoire<\/a> jouera ses matches de Coupe du monde sans fans en provenance de son pays, faute d\u2019avoir pu obtenir de visa, a d\u00e9plor\u00e9 jeudi, \u00e0 l\u2019AFP, le pr\u00e9sident du comit\u00e9 national des supporters qui organise habituellement les d\u00e9placements.\u00a0La politique migratoire tr\u00e8s stricte de Donald Trump pose des probl\u00e8mes d\u2019entr\u00e9e aux \u00c9tats-Unis pour certains pays et va m\u00eame jusqu\u2019\u00e0 concerner les acteurs du jeu, l\u2019arbitre somalien Omar Artan ayant \u00e9t\u00e9 refoul\u00e9 samedi, malgr\u00e9 un visa en r\u00e8gle.<\/p>\n<p>Les supporters ont renonc\u00e9 au voyage parce que l\u2019\u00c9tat am\u00e9ricain ne veut pas voir des supporters de certains pays, dont la C\u00f4te d\u2019Ivoire, sur son sol. Les \u00c9tats-Unis ont \u00e9t\u00e9 clairs avec nous en disant qu\u2019ils ne voulaient pas voir nos supporters,peste Julien Kouadio Adonis, pr\u00e9sident du Comit\u00e9 national des supporters des \u00c9l\u00e9phants\u00a0(CNSE), organisme sous tutelle du minist\u00e8re des Sports.Cette situation nous fait tr\u00e8s mal car elle nous emp\u00eache d\u2019accomplir notre devoir r\u00e9galien, c\u2019est-\u00e0-dire, supporter notre \u00e9quipe. Nous aurions pu pr\u00e9senter notre culture, notre savoir-faire en mati\u00e8re de supporter dans les tribunes.<\/p>\n<p>        1\u00a0000\u00a0supporters de la diaspora attendus<\/p>\n<p>Seule une poign\u00e9e d\u2019officiels du CNSE a \u00e9t\u00e9 autoris\u00e9e \u00e0 se rendre aux \u00c9tats-Unis. Pour ses trois participations au Mondial\u00a0(2006, 2010, 2014) ou pour les Coupes d\u2019Afrique des Nations, l\u2019organisme envoyait g\u00e9n\u00e9ralement plusieurs dizaines de supporters.\u00a0En mars, M. Kouadio avait confi\u00e9 \u00e0 l\u2019AFP esp\u00e9rer envoyer 500\u00a0fans outre-Atlantique.<\/p>\n<p>Lire aussi\u00a0:  <a href=\"https:\/\/www.ouest-france.fr\/sport\/coupe-du-monde\/direct\/direct-coupe-du-monde-ambiance-ceremonie-tensions-suivez-la-premiere-journee-du-mondial-de-football-en-live-29ed8371-81b8-4f87-bd33-bf170930e3be\" target=\"_self\" rel=\"nofollow noopener\">DIRECT. Coupe du monde\u00a0: Mexique en f\u00eate, coup dur pour le Maroc\u2026 Suivez la 1re journ\u00e9e du Mondial de football en live<\/a><\/p>\n<p>Le r\u00f4le de la petite dizaine d\u2019officiels du CNSE autoris\u00e9s \u00e0 voyager sera d\u2019encadrer les supporters ivoiriens bas\u00e9s aux \u00c9tats-Unis\u00a0\u00bb, pr\u00e9cise Julien Kouadio Adonis, qui ajoute que m\u00eame pour cette d\u00e9l\u00e9gation\u00ab \u00a0cela n\u2019a pas du tout \u00e9t\u00e9 facile pour obtenir les visas. Il a fallu discuter, n\u00e9gocier pour se faire entendre.\u00a0\u00bb La s\u00e9lection ivoirienne devra donc compter sur les supporters de la diaspora sur place, dont le nombre est estim\u00e9 par le CNSE au-del\u00e0 de 1\u00a0000.<\/p>\n<p>La C\u00f4te d\u2019Ivoire doit jouer deux de ses trois matches de poule aux \u00c9tats-Unis, le 15 et le 25\u00a0juin \u00e0 Philadelphie contre l\u2019\u00c9quateur et Cura\u00e7ao. Son deuxi\u00e8me match, le 20\u00a0juin, se disputera \u00e0 Toronto, au Canada, face \u00e0 l\u2019Allemagne.<\/p>\n","protected":false},"excerpt":{"rendered":"La C\u00f4te d\u2019Ivoire jouera ses matches de Coupe du monde sans fans en provenance de son pays, faute&hellip;\n","protected":false},"author":2,"featured_media":127700,"comment_status":"","ping_status":"","sticky":false,"template":"","format":"standard","meta":{"footnotes":"","_share_on_mastodon":"0"},"categories":[154],"tags":[1012,216,2631,12576,308,46],"class_list":["post-127699","post","type-post","status-publish","format-standard","has-post-thumbnail","category-cote-divoire","tag-actualite-en-continu","tag-cote-divoire","tag-coupe-du-monde-de-football","tag-equipe-cote-divoire-football","tag-football","tag-sport"],"share_on_mastodon":{"url":"https:\/\/pubeurope.com\/@afrique\/116733495559631201","error":""},"_links":{"self":[{"href":"https:\/\/www.europesays.com\/afrique\/wp-json\/wp\/v2\/posts\/127699","targetHints":{"allow":["GET"]}}],"collection":[{"href":"https:\/\/www.europesays.com\/afrique\/wp-json\/wp\/v2\/posts"}],"about":[{"href":"https:\/\/www.europesays.com\/afrique\/wp-json\/wp\/v2\/types\/post"}],"author":[{"embeddable":true,"href":"https:\/\/www.europesays.com\/afrique\/wp-json\/wp\/v2\/users\/2"}],"replies":[{"embeddable":true,"href":"https:\/\/www.europesays.com\/afrique\/wp-json\/wp\/v2\/comments?post=127699"}],"version-history":[{"count":0,"href":"https:\/\/www.europesays.com\/afrique\/wp-json\/wp\/v2\/posts\/127699\/revisions"}],"wp:featuredmedia":[{"embeddable":true,"href":"https:\/\/www.europesays.com\/afrique\/wp-json\/wp\/v2\/media\/127700"}],"wp:attachment":[{"href":"https:\/\/www.europesays.com\/afrique\/wp-json\/wp\/v2\/media?parent=127699"}],"wp:term":[{"taxonomy":"category","embeddable":true,"href":"https:\/\/www.europesays.com\/afrique\/wp-json\/wp\/v2\/categories?post=127699"},{"taxonomy":"post_tag","embeddable":true,"href":"https:\/\/www.europesays.com\/afrique\/wp-json\/wp\/v2\/tags?post=127699"}],"curies":[{"name":"wp","href":"https:\/\/api.w.org\/{rel}","templated":true}]}}