{"id":128262,"date":"2026-06-12T12:55:08","date_gmt":"2026-06-12T12:55:08","guid":{"rendered":"https:\/\/www.europesays.com\/afrique\/128262\/"},"modified":"2026-06-12T12:55:08","modified_gmt":"2026-06-12T12:55:08","slug":"scandale-a-tivaouane-un-trafic-de-psychotropes-secoue-lhopital-mame-abdou-aziz-sy-dabakh","status":"publish","type":"post","link":"https:\/\/www.europesays.com\/afrique\/128262\/","title":{"rendered":"Scandale \u00e0 Tivaouane : Un trafic de psychotropes secoue l\u2019h\u00f4pital Mame Abdou Aziz Sy Dabakh"},"content":{"rendered":"<p class=\"firstp\">Une affaire pr\u00e9sum\u00e9e de trafic de m\u00e9dicaments sensibles \u00e9clate \u00e0 l\u2019h\u00f4pital Mame Abdou Aziz Sy Dabakh de Tivaouane. Selon les informations rapport\u00e9es par Lib\u00e9ration, l\u2019enqu\u00eate a d\u00e9but\u00e9 apr\u00e8s l\u2019interpellation d\u2019un marchand ambulant soup\u00e7onn\u00e9 d\u2019utiliser de fausses ordonnances pour se procurer de l\u2019Alpraz 1 mg, un m\u00e9dicament class\u00e9 parmi les psychotropes.<\/p>\n<p data-start=\"500\" data-end=\"814\">Les premi\u00e8res investigations ont permis aux enqu\u00eateurs de mettre la main sur plusieurs ordonnances portant le cachet du docteur Mamadou Ka, des <a href=\"https:\/\/www.senenews.com\/actualites\/produits-softcare-perimes-les-boutiquiers-menacent-de_569096.html\" rel=\"nofollow noopener\" target=\"_blank\">comprim\u00e9s de psychotropes<\/a> ainsi qu\u2019une importante somme d\u2019argent. L\u2019analyse du t\u00e9l\u00e9phone du suspect aurait \u00e9galement r\u00e9v\u00e9l\u00e9 l\u2019existence d\u2019autres prescriptions similaires.\n<\/p>\n<p data-start=\"816\" data-end=\"1141\">L\u2019enqu\u00eate s\u2019est ensuite orient\u00e9e vers l\u2019h\u00f4pital, conduisant \u00e0 l\u2019arrestation d\u2019un agent de s\u00e9curit\u00e9. Ce dernier est soup\u00e7onn\u00e9 d\u2019avoir d\u00e9rob\u00e9 des ordonnances vierges avant de les remplir \u00e0 l\u2019aide d\u2019un cachet m\u00e9dical afin de produire de fausses prescriptions destin\u00e9es \u00e0 l\u2019acquisition et \u00e0 la revente de m\u00e9dicaments r\u00e9glement\u00e9s.\n<\/p>\n<p data-start=\"1143\" data-end=\"1280\">Une perquisition effectu\u00e9e \u00e0 son domicile a permis la saisie du tampon m\u00e9dical qui aurait servi \u00e0 la confection des documents frauduleux.\n<\/p>\n<p data-start=\"1282\" data-end=\"1519\">Les deux mis en cause ont \u00e9t\u00e9 plac\u00e9s en garde \u00e0 vue pour plusieurs chefs d\u2019accusation, notamment association de malfaiteurs, faux et usage de faux, vol, exercice ill\u00e9gal de la m\u00e9decine et infractions \u00e0 la l\u00e9gislation sur les stup\u00e9fiants.\n<\/p>\n<p data-start=\"1521\" data-end=\"1661\" data-is-last-node=\"\" data-is-only-node=\"\">Les investigations se poursuivent afin de d\u00e9terminer l\u2019ampleur du r\u00e9seau et d\u2019identifier d\u2019\u00e9ventuels complices impliqu\u00e9s dans cette affaire.<\/p>\n","protected":false},"excerpt":{"rendered":"Une affaire pr\u00e9sum\u00e9e de trafic de m\u00e9dicaments sensibles \u00e9clate \u00e0 l\u2019h\u00f4pital Mame Abdou Aziz Sy Dabakh de Tivaouane.&hellip;\n","protected":false},"author":2,"featured_media":128263,"comment_status":"","ping_status":"","sticky":false,"template":"","format":"standard","meta":{"footnotes":"","_share_on_mastodon":"0"},"categories":[84],"tags":[14270,11,114,115,13443],"class_list":["post-128262","post","type-post","status-publish","format-standard","has-post-thumbnail","category-senegal","tag-psychotropes","tag-senegal","tag-senegal-actualites","tag-societe","tag-tivaouane"],"share_on_mastodon":{"url":"https:\/\/pubeurope.com\/@afrique\/116737246846878865","error":""},"_links":{"self":[{"href":"https:\/\/www.europesays.com\/afrique\/wp-json\/wp\/v2\/posts\/128262","targetHints":{"allow":["GET"]}}],"collection":[{"href":"https:\/\/www.europesays.com\/afrique\/wp-json\/wp\/v2\/posts"}],"about":[{"href":"https:\/\/www.europesays.com\/afrique\/wp-json\/wp\/v2\/types\/post"}],"author":[{"embeddable":true,"href":"https:\/\/www.europesays.com\/afrique\/wp-json\/wp\/v2\/users\/2"}],"replies":[{"embeddable":true,"href":"https:\/\/www.europesays.com\/afrique\/wp-json\/wp\/v2\/comments?post=128262"}],"version-history":[{"count":0,"href":"https:\/\/www.europesays.com\/afrique\/wp-json\/wp\/v2\/posts\/128262\/revisions"}],"wp:featuredmedia":[{"embeddable":true,"href":"https:\/\/www.europesays.com\/afrique\/wp-json\/wp\/v2\/media\/128263"}],"wp:attachment":[{"href":"https:\/\/www.europesays.com\/afrique\/wp-json\/wp\/v2\/media?parent=128262"}],"wp:term":[{"taxonomy":"category","embeddable":true,"href":"https:\/\/www.europesays.com\/afrique\/wp-json\/wp\/v2\/categories?post=128262"},{"taxonomy":"post_tag","embeddable":true,"href":"https:\/\/www.europesays.com\/afrique\/wp-json\/wp\/v2\/tags?post=128262"}],"curies":[{"name":"wp","href":"https:\/\/api.w.org\/{rel}","templated":true}]}}