{"id":128317,"date":"2026-06-12T14:22:46","date_gmt":"2026-06-12T14:22:46","guid":{"rendered":"https:\/\/www.europesays.com\/afrique\/128317\/"},"modified":"2026-06-12T14:22:46","modified_gmt":"2026-06-12T14:22:46","slug":"bensebaini-degage-de-la-place-a-hadjam-pour-argentine-algerie","status":"publish","type":"post","link":"https:\/\/www.europesays.com\/afrique\/128317\/","title":{"rendered":"Benseba\u00efni d\u00e9gage de la place \u00e0 Hadjam pour Argentine-Alg\u00e9rie"},"content":{"rendered":"<p style=\"text-align: justify\">Bless\u00e9 \u00e0 la cheville gauche en fin de saison avec le Borussia Dortmund, Ramy Benseba\u00efni n\u2019a pas pris part aux deux matchs de pr\u00e9paration \u00e0 la Coupe du Monde 2026 avec l\u2019Alg\u00e9rie. Le fait qu\u2019il soit apparu avec une botte d\u2019immobilisation, \u00e0 l\u2019autre pied, en fin de match face \u00e0 la Bolivie la nuit derni\u00e8re est venu accentuer le doute sur sa pr\u00e9sence pour la premi\u00e8re sortie des Verts au Mondial face \u00e0 l\u2019Argentine dans six jours. Son forfait semble act\u00e9. Sur le banc, Petkovic ne dispose pas d\u2019un d\u00e9fenseur central gauche de m\u00e9tier.<\/p>\n<p style=\"text-align: justify\">Si on a pu le voir op\u00e9rationnel sur les images d\u2019entra\u00eenements de la s\u00e9lection \u00e0 Alger, \u00e0 Rotterdam mais aussi \u00e0 Kansas City, le pensionnaire du Borussia Dortmund n\u2019est pas all\u00e9 au bout des choses en jouant les tests amicaux. Forc\u00e9ment, le signal re\u00e7u est mauvais.<\/p>\n<p>Hadjam en central gauche dans une d\u00e9fense \u00e0 trois<\/p>\n<p style=\"text-align: justify\">La cons\u00e9quence sportive dans ce cas est concr\u00e8te. Benseba\u00efni\u00a0n\u2019est pas dans le rythme puisqu\u2019il n\u2019a pas jou\u00e9 depuis le 26 avril dernier. Cela fait plus d\u2019un mois et demi d\u2019absence des terrains. D\u00e8s lors, Petkovic \u00e9tait face \u00e0 un dilemme : aligner Benseba\u00efni d\u2019embl\u00e9e face \u00e0 l\u2019Argentine s\u2019il se sent bien, ce qui n\u2019est pas lui faire un cadeau face \u00e0 l\u2019armada offensive adverse avec les Messi et Alvarez ainsi que Martinez, ou continuer \u00e0 le manier avec pr\u00e9caution pour lui donner, si tout rentre dans l\u2019ordre, des minutes contre la Jordanie \u00e0 l\u2019occasion du second match dans le tournoi. Le coach aurait d\u00e9j\u00e0 opt\u00e9 pour la deuxi\u00e8me option.<\/p>\n<p>Quant \u00e0 l\u2019alternative, on peut s\u2019attendre \u00e0 ce que Petkovic s\u2019articule avec trois d\u00e9fenseurs centraux. D\u2019ailleurs, c\u2019\u00e9tait l\u2019id\u00e9e de d\u00e9part. Pour le coup, c\u2019est Jaouen Hadjam qui devrait jouer axial gauche comme c\u2019\u00e9tait le cas face \u00e0 l\u2019Arabie saoudite. Heureusement, le soci\u00e9taire du BSC Young Boys est remis de sa s\u00e9rieuse blessure contract\u00e9e \u00e0 la CAN 2025 et a repris du rythme apr\u00e8s pr\u00e8s de 4 mois d\u2019arr\u00eat. Autrement, le fait d\u2019avoir laiss\u00e9 \u00e0 quai un joueur comme Ahmed Touba aurait \u00e9t\u00e9 une erreur de casting. Contre Lionel Messi &amp; cie, c\u2019est la triplette Mandi-Bela\u00efd-Hadjam qui est pressentie. Cela reste \u00e0 confirmer pour le 17 juin prochain \u00e0 partir de 02h00 du matin.<\/p>\n","protected":false},"excerpt":{"rendered":"Bless\u00e9 \u00e0 la cheville gauche en fin de saison avec le Borussia Dortmund, Ramy Benseba\u00efni n\u2019a pas pris&hellip;\n","protected":false},"author":2,"featured_media":128318,"comment_status":"","ping_status":"","sticky":false,"template":"","format":"standard","meta":{"footnotes":"","_share_on_mastodon":"0"},"categories":[85],"tags":[14641,116,18533,16844,10582,14090,11159,1176,42917,28881,1624,21705,12716],"class_list":["post-128317","post","type-post","status-publish","format-standard","has-post-thumbnail","category-algerie","tag-ahmed-touba","tag-algerie","tag-algu00e9rie-argentine","tag-algu00e9rie-autriche","tag-algu00e9rie-pays-bas","tag-belaid","tag-borussia-dortmund","tag-can-2025","tag-fennec-dor-2025","tag-hadjam","tag-jordanie","tag-mandi","tag-ramy-bensebaini"],"share_on_mastodon":{"url":"https:\/\/pubeurope.com\/@afrique\/116737588938278930","error":""},"_links":{"self":[{"href":"https:\/\/www.europesays.com\/afrique\/wp-json\/wp\/v2\/posts\/128317","targetHints":{"allow":["GET"]}}],"collection":[{"href":"https:\/\/www.europesays.com\/afrique\/wp-json\/wp\/v2\/posts"}],"about":[{"href":"https:\/\/www.europesays.com\/afrique\/wp-json\/wp\/v2\/types\/post"}],"author":[{"embeddable":true,"href":"https:\/\/www.europesays.com\/afrique\/wp-json\/wp\/v2\/users\/2"}],"replies":[{"embeddable":true,"href":"https:\/\/www.europesays.com\/afrique\/wp-json\/wp\/v2\/comments?post=128317"}],"version-history":[{"count":0,"href":"https:\/\/www.europesays.com\/afrique\/wp-json\/wp\/v2\/posts\/128317\/revisions"}],"wp:featuredmedia":[{"embeddable":true,"href":"https:\/\/www.europesays.com\/afrique\/wp-json\/wp\/v2\/media\/128318"}],"wp:attachment":[{"href":"https:\/\/www.europesays.com\/afrique\/wp-json\/wp\/v2\/media?parent=128317"}],"wp:term":[{"taxonomy":"category","embeddable":true,"href":"https:\/\/www.europesays.com\/afrique\/wp-json\/wp\/v2\/categories?post=128317"},{"taxonomy":"post_tag","embeddable":true,"href":"https:\/\/www.europesays.com\/afrique\/wp-json\/wp\/v2\/tags?post=128317"}],"curies":[{"name":"wp","href":"https:\/\/api.w.org\/{rel}","templated":true}]}}