{"id":128943,"date":"2026-06-13T08:50:13","date_gmt":"2026-06-13T08:50:13","guid":{"rendered":"https:\/\/www.europesays.com\/afrique\/128943\/"},"modified":"2026-06-13T08:50:13","modified_gmt":"2026-06-13T08:50:13","slug":"coupe-du-monde-2026-larbitre-breton-francois-letexier-remplace-michael-oliver-pour-le-choc-cote-divoire","status":"publish","type":"post","link":"https:\/\/www.europesays.com\/afrique\/128943\/","title":{"rendered":"Coupe du monde 2026. L\u2019arbitre breton Fran\u00e7ois Letexier remplace Michael Oliver pour le choc C\u00f4te d\u2019Ivoire"},"content":{"rendered":"<p class=\"su-standfirst chapeau\">L\u2019arbitre breton, Fran\u00e7ois Letexier, qui officie pour la premi\u00e8re fois en Coupe du monde, a \u00e9t\u00e9 d\u00e9sign\u00e9 par la Fifa pour arbitrer la rencontre entre la C\u00f4te d\u2019Ivoire et l\u2019\u00c9quateur. Il remplace le Britannique Michael Olivier initialement d\u00e9sign\u00e9 par l\u2019instance.<\/p>\n<p>                                        <img decoding=\"async\" class=\"su-media\" src=\"https:\/\/media.ouest-france.fr\/v1\/pictures\/MjAyNjA2MmIzNGJkZGQwMGFjMDZiZTk1OTBiMTkwNmEzY2RlYWU?width=1260&amp;height=708&amp;focuspoint=50%2C25&amp;cropresize=1&amp;client_id=bpeditorial&amp;sign=1bb89eac5c94836314e2e86e91d36ce9f4ddb1e22c7f687897471cbb730fcb3b\" alt=\"Fran\u00e7ois Letexier sera au sifflet lors du match entre la C\u00f4te d\u2019Ivoire et l\u2019\u00c9quateur.\"  \/><\/p>\n<p>\n                                    reactualiser\n                                <\/p>\n<p>                            Fran\u00e7ois Letexier sera au sifflet lors du match entre la C\u00f4te d\u2019Ivoire et l\u2019\u00c9quateur. | DAN MULLAN\/GETTY IMAGES VIA AFP<\/p>\n<p>                            fermer<\/p>\n<p><img decoding=\"async\" data-ofmaxheight=\"\" class=\"su-media lazyload\" alt=\"Fran\u00e7ois Letexier sera au sifflet lors du match entre la C\u00f4te d\u2019Ivoire et l\u2019\u00c9quateur.\" src=\"data:image\/png;base64,iVBORw0KGgoAAAANSUhEUgAAABAAAAAJCAYAAAA7KqwyAAAAGXRFWHRTb2Z0d2FyZQBBZG9iZSBJbWFnZVJlYWR5ccllPAAAABhJREFUeNpi\/P\/\/PwMlgHHUgFEDgAAgwAD+lBrvy+NcxAAAAABJRU5ErkJggg==\" data-oflazyload=\"{&quot;srcset&quot;:&quot;https:\/\/media.ouest-france.fr\/v1\/pictures\/MjAyNjA2MmIzNGJkZGQwMGFjMDZiZTk1OTBiMTkwNmEzY2RlYWU?width=320&amp;focuspoint=50%2C25&amp;cropresize=1&amp;client_id=bpeditorial&amp;sign=7b6cf12fefac12ed0768fb5a40c5f524644943104e9c02e78a0ee070281f1089 320w,https:\/\/media.ouest-france.fr\/v1\/pictures\/MjAyNjA2MmIzNGJkZGQwMGFjMDZiZTk1OTBiMTkwNmEzY2RlYWU?width=375&amp;focuspoint=50%2C25&amp;cropresize=1&amp;client_id=bpeditorial&amp;sign=330c0d1e347df590b3b52ab55cb93ebdc345541f60b6003778acf69e16890cd1 360w,https:\/\/media.ouest-france.fr\/v1\/pictures\/MjAyNjA2MmIzNGJkZGQwMGFjMDZiZTk1OTBiMTkwNmEzY2RlYWU?width=480&amp;focuspoint=50%2C25&amp;cropresize=1&amp;client_id=bpeditorial&amp;sign=5cc2b344a46c2157fda8606f8da1a6a815f6ba4d82339c290d75b514624942cf 480w,https:\/\/media.ouest-france.fr\/v1\/pictures\/MjAyNjA2MmIzNGJkZGQwMGFjMDZiZTk1OTBiMTkwNmEzY2RlYWU?width=630&amp;focuspoint=50%2C25&amp;cropresize=1&amp;client_id=bpeditorial&amp;sign=0e74eb1efb817a1d09c787baa4899adc96239f4700227e2ac56bf9d1da7aca07 630w,https:\/\/media.ouest-france.fr\/v1\/pictures\/MjAyNjA2MmIzNGJkZGQwMGFjMDZiZTk1OTBiMTkwNmEzY2RlYWU?width=940&amp;focuspoint=50%2C25&amp;cropresize=1&amp;client_id=bpeditorial&amp;sign=6c6cc50d74cf791751e506e8fb69bd3c5a32495c5507c33d3e5ab5f1414705cc 940w,https:\/\/media.ouest-france.fr\/v1\/pictures\/MjAyNjA2MmIzNGJkZGQwMGFjMDZiZTk1OTBiMTkwNmEzY2RlYWU?width=1260&amp;focuspoint=50%2C25&amp;cropresize=1&amp;client_id=bpeditorial&amp;sign=75f5ffa5ce541a3f5e2c7277447d992e8962cacc85bfad3e5b4f34ddc683de9d 1260w&quot;}\"\/>Fran\u00e7ois Letexier sera au sifflet lors du match entre la C\u00f4te d\u2019Ivoire et l\u2019\u00c9quateur. | DAN MULLAN\/GETTY IMAGES VIA AFP                            <\/p>\n<p>        Publi\u00e9 le 13\/06\/2026  \u00e0 09h38<\/p>\n<p>                            Lire plus tard<\/p>\n<p>                            Partager<\/p>\n<p>                        FacebookFacebookBlueSkyBlueSkyFlipboardFlipboardlinkedinLinkedIn<\/p>\n<p>Un premier couac pour Michael Oliver. D\u00e9sign\u00e9 pour officier lors de <a href=\"https:\/\/www.ouest-france.fr\/sport\/coupe-du-monde\/coupe-du-monde-quelles-nations-pourraient-creer-la-surprise-9a3eea12-5f23-11f1-b0fc-ddf25559701c\" target=\"_self\" rel=\"nofollow noopener\">la rencontre entre la C\u00f4te d\u2019Ivoire et l\u2019\u00c9quateur<\/a> ce lundi 15\u00a0juin \u00e0 1\u00a0h du matin, l\u2019arbitre britannique est finalement forfait apr\u00e8s une l\u00e9g\u00e8re blessure.<\/p>\n<p>La Fifa, contrainte de modifier l\u2019ensemble du trio arbitral, a finalement choisi <a href=\"https:\/\/www.ouest-france.fr\/bretagne\/laille-35890\/pres-de-rennes-francois-letexier-arbitre-international-est-venu-expliquer-son-metier-1e78c786-0a92-11f0-b3d9-6951c6a0d9b7\" target=\"_self\" rel=\"nofollow noopener\">le Fran\u00e7ais Fran\u00e7ois Letexier<\/a> et ses assistants Cyril Mugnier et Mehdi Rahmouni. Le Breton, qui avait \u00e9t\u00e9 au sifflet lors de la finale de la Ligue Europa, va en profiter pour d\u00e9couvrir <a href=\"https:\/\/www.ouest-france.fr\/sport\/coupe-du-monde\/entretien-objectif-dernier-carre-breel-embolo-et-la-suisse-clament-leurs-ambitions-a-la-coupe-du-monde-2026-cf0d925e-5a94-11f1-b2c7-21f7efea5d61\" target=\"_self\" rel=\"nofollow noopener\">la Coupe du monde<\/a>.<\/p>\n<p>Lire aussi\u00a0: <a href=\"https:\/\/www.ouest-france.fr\/sport\/coupe-du-monde\/la-coupe-du-monde-cest-un-long-marathon-deja-sur-place-comment-les-arbitres-se-preparent-a-la-competition-fd61eb94-5848-11f1-a4a7-f780c203d7d6\" target=\"_self\" rel=\"nofollow noopener\">\u00ab\u00a0La Coupe du monde, c\u2019est un long marathon\u00a0\u00bb\u00a0: d\u00e9j\u00e0 sur place, comment les arbitres se pr\u00e9parent \u00e0 la comp\u00e9tition<\/a><\/p>\n<p>L\u2019instance a \u00e9galement d\u00e9voil\u00e9 l\u2019identit\u00e9 des arbitres des autres affiches de ce dimanche 15\u00a0juin. L\u2019Am\u00e9ricain Ismail Elfath sera au sifflet durant la rencontre entre les Pays-Bas et le Japon tandis que le Marocain Jalal Jayed officiera lors d\u2019Allemagne &#8211; Cura\u00e7ao.<\/p>\n","protected":false},"excerpt":{"rendered":"L\u2019arbitre breton, Fran\u00e7ois Letexier, qui officie pour la premi\u00e8re fois en Coupe du monde, a \u00e9t\u00e9 d\u00e9sign\u00e9 par&hellip;\n","protected":false},"author":2,"featured_media":128944,"comment_status":"","ping_status":"","sticky":false,"template":"","format":"standard","meta":{"footnotes":"","_share_on_mastodon":"0"},"categories":[154],"tags":[1012,216,2631,12576,22215,301,308,46],"class_list":["post-128943","post","type-post","status-publish","format-standard","has-post-thumbnail","category-cote-divoire","tag-actualite-en-continu","tag-cote-divoire","tag-coupe-du-monde-de-football","tag-equipe-cote-divoire-football","tag-equipe-equateur-football","tag-fifa","tag-football","tag-sport"],"share_on_mastodon":{"url":"https:\/\/pubeurope.com\/@afrique\/116741946156105990","error":""},"_links":{"self":[{"href":"https:\/\/www.europesays.com\/afrique\/wp-json\/wp\/v2\/posts\/128943","targetHints":{"allow":["GET"]}}],"collection":[{"href":"https:\/\/www.europesays.com\/afrique\/wp-json\/wp\/v2\/posts"}],"about":[{"href":"https:\/\/www.europesays.com\/afrique\/wp-json\/wp\/v2\/types\/post"}],"author":[{"embeddable":true,"href":"https:\/\/www.europesays.com\/afrique\/wp-json\/wp\/v2\/users\/2"}],"replies":[{"embeddable":true,"href":"https:\/\/www.europesays.com\/afrique\/wp-json\/wp\/v2\/comments?post=128943"}],"version-history":[{"count":0,"href":"https:\/\/www.europesays.com\/afrique\/wp-json\/wp\/v2\/posts\/128943\/revisions"}],"wp:featuredmedia":[{"embeddable":true,"href":"https:\/\/www.europesays.com\/afrique\/wp-json\/wp\/v2\/media\/128944"}],"wp:attachment":[{"href":"https:\/\/www.europesays.com\/afrique\/wp-json\/wp\/v2\/media?parent=128943"}],"wp:term":[{"taxonomy":"category","embeddable":true,"href":"https:\/\/www.europesays.com\/afrique\/wp-json\/wp\/v2\/categories?post=128943"},{"taxonomy":"post_tag","embeddable":true,"href":"https:\/\/www.europesays.com\/afrique\/wp-json\/wp\/v2\/tags?post=128943"}],"curies":[{"name":"wp","href":"https:\/\/api.w.org\/{rel}","templated":true}]}}