{"id":129155,"date":"2026-06-13T13:49:21","date_gmt":"2026-06-13T13:49:21","guid":{"rendered":"https:\/\/www.europesays.com\/afrique\/129155\/"},"modified":"2026-06-13T13:49:21","modified_gmt":"2026-06-13T13:49:21","slug":"ghana-un-tribunal-classe-sans-suite-une-affaire-de-bagarre-et-renvoie-les-parties-au-dialogue-2","status":"publish","type":"post","link":"https:\/\/www.europesays.com\/afrique\/129155\/","title":{"rendered":"Ghana : Un tribunal classe sans suite une affaire de bagarre et renvoie les parties au dialogue"},"content":{"rendered":"<p>\u00a9 Koaci.com &#8211; samedi 13 juin 2026 &#8211; 11:23<\/p>\n<p>Bagarre entre le prof en blanc et l\u2019l\u00e8ve (ph)<\/p>\n<p>Le<a href=\"https:\/\/www.koaci.com\/recherche?search=+tribunal\" rel=\"nofollow noopener\" target=\"_blank\"> tribunal<\/a> de Nkawie, dans la r\u00e9gion d&rsquo;Ashanti, a class\u00e9 sans suite une affaire opposant une \u00e9l\u00e8ve du lyc\u00e9e catholique Nhyinahin \u00e0 son professeur. Dans une vid\u00e9o devenue virale, on peut voir les deux personnes en train de se bagarrer sous le regard de certains \u00e9l\u00e8ves.<\/p>\n<p>En rendant le \u20acjugement de l\u2019affaire le mercredi 10 juin dernier, le juge Albert Addo a ordonn\u00e9 que le diff\u00e9rend soit r\u00e9solu \u00e0 l&rsquo;amiable par le dialogue.<\/p>\n<p>Faits<\/p>\n<p>Il ressort que l&rsquo;affaire a suscit\u00e9 l&rsquo;indignation publique apr\u00e8s la diffusion en ligne d&rsquo;une vid\u00e9o montrant une altercation physique tr\u00e8s tendue entre une \u00e9l\u00e8ve et un professeur.<\/p>\n<p>Sur la vid\u00e9o, on voit le professeur se battre avec l&rsquo;\u00e9l\u00e8ve dans l&rsquo;enceinte de l&rsquo;\u00e9tablissement. \u00c0 un moment donn\u00e9, il l\u2019a soulev\u00e9 et l\u2019a jet\u00e9 au sol.<\/p>\n<p><\/p>\n<p>La<a href=\"https:\/\/www.koaci.com\/recherche?search=+police+r%C3%A9gionale\" rel=\"nofollow noopener\" target=\"_blank\"> police r\u00e9gionale<\/a> dans l\u2019Ashanti a arr\u00eat\u00e9 Eric Buernortey Apaflo, un professeur de 39 ans, dans la soir\u00e9e du 08 juin 2026 apr\u00e8s la diffusion d&rsquo;une vid\u00e9o le montrant en train d&rsquo;agresser physiquement Patience Chibu, une \u00e9l\u00e8ve de 18 ans, dans le foyer de l&rsquo;\u00e9tablissement.<\/p>\n<p>Les premi\u00e8res investigations indiquent que le responsable de l&rsquo;internat a interpell\u00e9 l&rsquo;\u00e9l\u00e8ve et certains de ses camarades au sujet d&rsquo;un comportement inappropri\u00e9 au sein de l&rsquo;internat. Au cours de cette altercation, un malentendu a \u00e9clat\u00e9, et le professeur aurait agress\u00e9 l&rsquo;\u00e9l\u00e8ve, e qui a d\u00e9g\u00e9n\u00e9r\u00e9 en bagarre.<\/p>\n<p>Directive pour le dialogue\u00a0<\/p>\n<p>Le<a href=\"https:\/\/www.koaci.com\/recherche?search=+tribunal\" rel=\"nofollow noopener\" target=\"_blank\"> tribunal<\/a> a ordonn\u00e9 que des discussions en vue d&rsquo;un r\u00e8glement amiable soient men\u00e9es entre la direction du lyc\u00e9e, l&rsquo;Association Nationale des Enseignants du <a href=\"https:\/\/www.koaci.com\/recherche?search=Ghana\" rel=\"nofollow noopener\" target=\"_blank\">Ghana<\/a> (GNAT) et la famille de l&rsquo;\u00e9l\u00e8ve.<\/p>\n<p>Le juge a conseill\u00e9 \u00e0 toutes les parties de privil\u00e9gier un r\u00e8glement \u00e0 l&rsquo;amiable plut\u00f4t qu&rsquo;une proc\u00e9dure judiciaire prolong\u00e9e. Soulignant la n\u00e9cessit\u00e9 de pr\u00e9server la s\u00e9curit\u00e9 des \u00e9tablissements scolaires, le juge a d\u00e9clar\u00e9 qu\u2019\u00ab un r\u00e8glement \u00e0 l&rsquo;amiable prot\u00e8ge la dignit\u00e9 de la profession enseignante, le bien-\u00eatre de l&rsquo;\u00e9l\u00e8ve et l&rsquo;environnement d&rsquo;apprentissage.\u00bb. Il a not\u00e9 que le dialogue demeure la meilleure voie \u00e0 suivre lorsque des conflits opposent \u00e9l\u00e8ves et enseignants.<\/p>\n<p>L&rsquo;affaire \u00e9tant d\u00e9sormais class\u00e9e sans suite, les enseignants sont invit\u00e9s \u00e0 faire preuve de professionnalisme et \u00e0 respecter la proc\u00e9dure l\u00e9gale pendant que la direction de l&rsquo;\u00e9tablissement, la GNAT et la famille de l&rsquo;\u00e9l\u00e8ve finalisent les n\u00e9gociations en vue d&rsquo;un accord amiable.<\/p>\n<p><\/p>\n<p>Avis du public<\/p>\n<p>En attendant le r\u00e8glement \u00e0 l\u2019amiable, nous apprenons que la m\u00e8re de l\u2019\u00e9l\u00e8ve qui a vu dans la vid\u00e9o sa fille en train de se battre avec son professeur a exprim\u00e9 des regrets en d\u00e9clarant que \u00ab Ce n&rsquo;est pas comme \u00e7a que j&rsquo;ai \u00e9lev\u00e9 ma fille \u00bb.<\/p>\n<p>Si les faits sont condamn\u00e9s, des commentateurs \u00e2ges f\u00e9licitent le juge pour avoir class\u00e9 l\u2019affaire sans suite car pour eux le fait d\u2019arr\u00eater l&rsquo;enseignant pendant que l&rsquo;\u00e9l\u00e8ve soit laiss\u00e9e en libert\u00e9 encouragera d\u2019autres \u00e9l\u00e8ves \u00e0 mal se comporter d&rsquo;autant plus qu&rsquo;ils savent que le Service d&rsquo;Education du <a href=\"https:\/\/www.koaci.com\/recherche?search=Ghana\" rel=\"nofollow noopener\" target=\"_blank\">Ghana<\/a> viendra \u00e0 leur secours et non \u00e0 celui de l&rsquo;enseignant.\u00a0<\/p>\n<p>Mensah,<\/p>\n<p>Correspondant permanent de KOACI au <a href=\"https:\/\/www.koaci.com\/recherche?search=Ghana\" rel=\"nofollow noopener\" target=\"_blank\">Ghana<\/a>, Togo et Nigeria\u00a0<\/p>\n<p>&#8211; Joindre la r\u00e9daction de koaci.com (+228) 98\u00a095 28 38 ou koaci.ghana@gmail.com \u2013\u00a0<\/p>\n<p><\/p>\n","protected":false},"excerpt":{"rendered":"\u00a9 Koaci.com &#8211; samedi 13 juin 2026 &#8211; 11:23 Bagarre entre le prof en blanc et l\u2019l\u00e8ve (ph)&hellip;\n","protected":false},"author":2,"featured_media":129142,"comment_status":"","ping_status":"","sticky":false,"template":"","format":"standard","meta":{"footnotes":"","_share_on_mastodon":"0"},"categories":[161],"tags":[281,5369,43142,280,43146,29205,23626,6474,43145,14211,278,251,43143,279,282,43140,43144,43141,43139,4470,115,12977,1936],"class_list":["post-129155","post","type-post","status-publish","format-standard","has-post-thumbnail","category-ghana","tag-actualite","tag-affaire","tag-affaire-sans-suite","tag-article","tag-avis-du-public","tag-bagarre","tag-classe","tag-dialogue","tag-directive-pour-le-dialogue","tag-faits","tag-ghana","tag-info","tag-jugement","tag-koaci","tag-koaci-ghana","tag-parties","tag-police-regionale","tag-region-ashanti","tag-renvoie","tag-sans","tag-societe","tag-suite","tag-tribunal"],"share_on_mastodon":{"url":"https:\/\/pubeurope.com\/@afrique\/116743121456919483","error":""},"_links":{"self":[{"href":"https:\/\/www.europesays.com\/afrique\/wp-json\/wp\/v2\/posts\/129155","targetHints":{"allow":["GET"]}}],"collection":[{"href":"https:\/\/www.europesays.com\/afrique\/wp-json\/wp\/v2\/posts"}],"about":[{"href":"https:\/\/www.europesays.com\/afrique\/wp-json\/wp\/v2\/types\/post"}],"author":[{"embeddable":true,"href":"https:\/\/www.europesays.com\/afrique\/wp-json\/wp\/v2\/users\/2"}],"replies":[{"embeddable":true,"href":"https:\/\/www.europesays.com\/afrique\/wp-json\/wp\/v2\/comments?post=129155"}],"version-history":[{"count":0,"href":"https:\/\/www.europesays.com\/afrique\/wp-json\/wp\/v2\/posts\/129155\/revisions"}],"wp:featuredmedia":[{"embeddable":true,"href":"https:\/\/www.europesays.com\/afrique\/wp-json\/wp\/v2\/media\/129142"}],"wp:attachment":[{"href":"https:\/\/www.europesays.com\/afrique\/wp-json\/wp\/v2\/media?parent=129155"}],"wp:term":[{"taxonomy":"category","embeddable":true,"href":"https:\/\/www.europesays.com\/afrique\/wp-json\/wp\/v2\/categories?post=129155"},{"taxonomy":"post_tag","embeddable":true,"href":"https:\/\/www.europesays.com\/afrique\/wp-json\/wp\/v2\/tags?post=129155"}],"curies":[{"name":"wp","href":"https:\/\/api.w.org\/{rel}","templated":true}]}}