{"id":13028,"date":"2026-02-13T15:10:15","date_gmt":"2026-02-13T15:10:15","guid":{"rendered":"https:\/\/www.europesays.com\/afrique\/13028\/"},"modified":"2026-02-13T15:10:15","modified_gmt":"2026-02-13T15:10:15","slug":"senegal-fermeture-de-luniversite-de-dakar-diomaye-faye-face-a-sa-premiere-crise-sociale-dampleur","status":"publish","type":"post","link":"https:\/\/www.europesays.com\/afrique\/13028\/","title":{"rendered":"S\u00e9n\u00e9gal: Fermeture de l&rsquo;Universit\u00e9 de Dakar &#8211; Diomaye Faye face \u00e0 sa premi\u00e8re crise sociale d&rsquo;ampleur"},"content":{"rendered":"<p class=\"story-body-text\" data-para-word-count=\"46\">C&rsquo;est \u00e0 une sc\u00e8ne surr\u00e9aliste \u00e0 laquelle les Dakarois ne s&rsquo;attendaient pas de si t\u00f4t qu&rsquo;\u00e9tudiants et policiers leur ont donn\u00e9 de vivre lundi et mardi derniers. Le campus de l&rsquo;universit\u00e9 Cheik Anta Diop de Dakar (UCAD) et les quartiers alentours ont v\u00e9cu des heures difficiles.<\/p>\n<p class=\"story-body-text\" data-para-word-count=\"43\">En effet, entre coups de matraques, jets de gaz lacrymog\u00e8ne, de pierres, de bouteilles et autres, l&rsquo;ambiance \u00e9tait loin d&rsquo;\u00eatre studieuse. La faute \u00e0 13 mois d&rsquo;arri\u00e9r\u00e9s de bourses et \u00e0 des attroupements d&rsquo;\u00e9tudiants, soup\u00e7onn\u00e9s par la police de vouloir manifester sans autorisation.<\/p>\n<p class=\"story-body-text\" data-para-word-count=\"54\">La suite on la connait. Un \u00e9tudiant est mort suite aux violences polici\u00e8res. Le campus, les cit\u00e9s et les restaurants universitaires ont \u00e9t\u00e9 ferm\u00e9s \u00e0 Dakar. Des milliers d&rsquo;\u00e9tudiants, baluchons rapidement attach\u00e9s, ont donn\u00e9 dans les rues de la capitale s\u00e9n\u00e9galaise, le spectacle d\u00e9solant de sans domiciles fixes ou de d\u00e9plac\u00e9s internes en d\u00e9sesp\u00e9rance.<\/p>\n<p>    <a href=\"https:\/\/www.imf.org\/external\/pubs\/ft\/ar\/2025\/download\/french\/?cid=ba-afr-allafrica-ar2025-desktop_mobile-300x250-fr-feb2026\" target=\"_blank\" title=\"\" rel=\"nofollow noopener\"><br \/>\n      <img decoding=\"async\" class=\"img-responsive\" src=\"https:\/\/www.europesays.com\/afrique\/wp-content\/uploads\/2026\/02\/AR25_AllAfrica_300x250_animate_0126-0216_FRE.gif\"\/><br \/>\n    <\/a><\/p>\n<p class=\"story-body-text\" data-para-word-count=\"106\">Cela n&rsquo;est pas nouveau au pays de la Teranga. Au contraire, les fermetures de cit\u00e9s universitaires ne s&rsquo;y comptent plus depuis la fin des ann\u00e9es 1980 quand le grand, nombre d&rsquo;\u00e9tudiants sur les campus ont mis \u00e0 nu l&rsquo;insuffisances de leurs infrastructures, des bourses, des enseignants, l&rsquo;inad\u00e9quation des curricula, etc. Le monde universitaire s\u00e9n\u00e9galais, \u00e0 l&rsquo;instar d&rsquo;autres pays, devint alors le terreau le plus fertile de la contestation sociale dont plus d&rsquo;un opposant s&rsquo;est servi pour donner du fil \u00e0 retorde au pouvoir en place : Wade contre Diouf, Macky Sall contre Wade et plus encore, le duo Ousmane Sonko &#8211; Diomaye Faye contre Macky Sall.<\/p>\n<p class=\"story-body-text\" style=\"text-align: center;\">\n<p>Suivez-nous sur <a href=\"https:\/\/whatsapp.com\/channel\/0029Vae09IP4inotqC0BUQ2V\" target=\"_blank\" rel=\"nofollow noopener\">WhatsApp<\/a> | <a href=\"https:\/\/www.linkedin.com\/company\/allafrica\/\" target=\"_blank\" rel=\"nofollow noopener\">LinkedIn<\/a> pour les derniers titres<\/p>\n<p class=\"story-body-text\" data-para-word-count=\"64\">De fait, si le d\u00e9sir de rupture d&rsquo;avec la gouvernance peu orthodoxe de Macky Sall a \u00e9t\u00e9 ressenti de mani\u00e8re transversale dans toutes les couches de la population s\u00e9n\u00e9galaise, sa jeunesse, particuli\u00e8rement les \u00e9tudiants, ont \u00e9t\u00e9 les plus fervents avocats d&rsquo;Ousmane Sonko devant les tribunaux, en prison, et dans les urnes pour la victoire de Bassirou Diomaye Faye \u00e0 la pr\u00e9sidentielle de mars 2024.<\/p>\n<p class=\"story-body-text\" data-para-word-count=\"79\">Les 13 mois d&rsquo;arri\u00e9r\u00e9s de bourses, les violences sur le campus de l&rsquo;UCAD, la mort de l&rsquo;\u00e9tudiant Abdoulaye Ba, la fermeture des cit\u00e9s et restaurants universitaires de Dakar sont donc une surprise du chef. Cette situation est symptomatique d&rsquo;une brusque et houleuse fin de lune de miel entre la jeunesse s\u00e9n\u00e9galaise et le pouvoir du PASTEF, Patriotes africains du S\u00e9n\u00e9gal pour le Travail, l&rsquo;\u00e9thique et la fraternit\u00e9, locomotive de la coalition, \u00ab\u00a0D\u00e9bout pour sauver le S\u00e9n\u00e9gal\u00a0\u00bb, (Takku Wallu Senegal).<\/p>\n<p class=\"story-body-text\" data-para-word-count=\"70\">O\u00f9 sont pass\u00e9es les promesses de rupture d&rsquo;avec la gouvernance \u00e0 vue au b\u00e9n\u00e9fice d&rsquo;un client\u00e9lisme partisan serin\u00e9es durant la mont\u00e9e en puissance des jeunes leaders du PASTEF, notamment Ousmane Sonko, devenu Premier ministre, et Bassirou Diomaye Faye, pr\u00e9sident de la r\u00e9publique ? Ont-ils d\u00e9j\u00e0 pass\u00e9 par pertes et profits l&rsquo;ambitieuse plateforme programmatique sur laquelle ils ont f\u00e9d\u00e9r\u00e9 la coalition au nom grandiloquant : \u00ab\u00a0D\u00e9bout pour sauver le S\u00e9n\u00e9gal\u00a0\u00bb ?<\/p>\n<p class=\"story-body-text\" data-para-word-count=\"64\">Dans ce sauvetage aux accents progressistes, le minimum \u00e9tait de payer r\u00e9guli\u00e8rement le p\u00e9cule des \u00e9tudiants. On ne parle m\u00eame pas de les augmenter, ni m\u00eame d&rsquo;investissements lourds dans les infrastructures ou la reforme des curricula. Si payer des bourses avec plus de 12 mois de retard est difficile pour Ousmane Sonko et son gouvernement quid de la cr\u00e9ation d&#8217;emplois pour les jeunes ?<\/p>\n<p class=\"story-body-text\" data-para-word-count=\"90\">Sans emboucher la tromp\u00e8te des d\u00e9\u00e7us du PASTEF qui crient d\u00e9j\u00e0 \u00e0 la \u00ab\u00a0trahison &#8230; de honte pour l&rsquo;Afrique\u00a0\u00bb, en demandant la d\u00e9mission du ministre de l&rsquo;Int\u00e9rieur et de celui de l&rsquo;Enseignement sup\u00e9rieur, il est \u00e9vident qu&rsquo;Ousmane Sonko fait face \u00e0 sa premi\u00e8re v\u00e9ritable crise sociale. Apr\u00e8s les bisbilles au sein du PASTEF et les divergences d&rsquo;avec le pr\u00e9sident Diomaye Faye dans la gestion de l&rsquo;Etat, il n&rsquo;avait pas besoin de cette patate chaude \u00e0 quelques semaines du 2e anniversaire de l&rsquo;av\u00e8nement au pouvoir de \u00ab\u00a0D\u00e9bout pour sauver le S\u00e9n\u00e9gal\u00a0\u00bb.<\/p>\n","protected":false},"excerpt":{"rendered":"C&rsquo;est \u00e0 une sc\u00e8ne surr\u00e9aliste \u00e0 laquelle les Dakarois ne s&rsquo;attendaient pas de si t\u00f4t qu&rsquo;\u00e9tudiants et policiers&hellip;\n","protected":false},"author":2,"featured_media":13029,"comment_status":"","ping_status":"","sticky":false,"template":"","format":"standard","meta":{"footnotes":""},"categories":[84],"tags":[263,267,269,265,2322,272,80,264,11,268,266,270,756],"class_list":{"0":"post-13028","1":"post","2":"type-post","3":"status-publish","4":"format-standard","5":"has-post-thumbnail","7":"category-senegal","8":"tag-africa","9":"tag-business","10":"tag-current-events","11":"tag-economy","12":"tag-education","13":"tag-governance","14":"tag-news","15":"tag-politics","16":"tag-senegal","17":"tag-sports","18":"tag-trade","19":"tag-travel","20":"tag-west-africa"},"share_on_mastodon":{"url":"https:\/\/pubeurope.com\/@afrique\/116063962641626371","error":""},"_links":{"self":[{"href":"https:\/\/www.europesays.com\/afrique\/wp-json\/wp\/v2\/posts\/13028","targetHints":{"allow":["GET"]}}],"collection":[{"href":"https:\/\/www.europesays.com\/afrique\/wp-json\/wp\/v2\/posts"}],"about":[{"href":"https:\/\/www.europesays.com\/afrique\/wp-json\/wp\/v2\/types\/post"}],"author":[{"embeddable":true,"href":"https:\/\/www.europesays.com\/afrique\/wp-json\/wp\/v2\/users\/2"}],"replies":[{"embeddable":true,"href":"https:\/\/www.europesays.com\/afrique\/wp-json\/wp\/v2\/comments?post=13028"}],"version-history":[{"count":0,"href":"https:\/\/www.europesays.com\/afrique\/wp-json\/wp\/v2\/posts\/13028\/revisions"}],"wp:featuredmedia":[{"embeddable":true,"href":"https:\/\/www.europesays.com\/afrique\/wp-json\/wp\/v2\/media\/13029"}],"wp:attachment":[{"href":"https:\/\/www.europesays.com\/afrique\/wp-json\/wp\/v2\/media?parent=13028"}],"wp:term":[{"taxonomy":"category","embeddable":true,"href":"https:\/\/www.europesays.com\/afrique\/wp-json\/wp\/v2\/categories?post=13028"},{"taxonomy":"post_tag","embeddable":true,"href":"https:\/\/www.europesays.com\/afrique\/wp-json\/wp\/v2\/tags?post=13028"}],"curies":[{"name":"wp","href":"https:\/\/api.w.org\/{rel}","templated":true}]}}