{"id":133039,"date":"2026-06-17T15:31:29","date_gmt":"2026-06-17T15:31:29","guid":{"rendered":"https:\/\/www.europesays.com\/afrique\/133039\/"},"modified":"2026-06-17T15:31:29","modified_gmt":"2026-06-17T15:31:29","slug":"kenya-le-commonwealth-appelle-ses-membres-a-ratifier-le-traite-sur-la-haute-mer","status":"publish","type":"post","link":"https:\/\/www.europesays.com\/afrique\/133039\/","title":{"rendered":"Kenya : le Commonwealth appelle ses membres \u00e0 ratifier le Trait\u00e9 sur la haute mer"},"content":{"rendered":"<p class=\"mb-4 text-lg md:leading-8 break-words\">Alors qu\u2019il a salu\u00e9 le Trait\u00e9 sur la haute mer en vigueur depuis janvier dernier, l\u2019ancien secr\u00e9taire d\u2019\u00c9tat am\u00e9ricain John Kerry, a appel\u00e9 \u00e0 l\u2019adoption des mesures de protection des oc\u00e9ans.<\/p>\n<p class=\"mb-4 text-lg md:leading-8 break-words\">C\u2019\u00e9tait \u00e0 l\u2019ouverture lors de la table ronde des ministres des Oc\u00e9ans du Commonwealth au Kenya.<\/p>\n<p class=\"mb-4 text-lg md:leading-8 break-words\">\u00a0\u00bbPour la premi\u00e8re fois de l\u2019histoire, 10 % des oc\u00e9ans sont plac\u00e9s sous protection cette ann\u00e9e. C\u2019est un fait qui m\u00e9rite d\u2019\u00eatre soulign\u00e9. Mais seuls 3 % b\u00e9n\u00e9ficient d\u2019une protection \u00e9lev\u00e9e ou totale, et le reste de ces mesures de protection ne sont malheureusement que des lignes trac\u00e9es sur une carte.\u00a0\u00bb, a d\u00e9clar\u00e9 John Kerry.<\/p>\n<p class=\"mb-4 text-lg md:leading-8 break-words\">Mardi, les pays africains et ceux du Commonwealth ont appel\u00e9 \u00e0 une mise en \u0153uvre rapide de ce trait\u00e9 jug\u00e9 historique concernant la protection de la haute mer.<\/p>\n<p class=\"mb-4 text-lg md:leading-8 break-words\">\u00a0\u00bbPour la toute premi\u00e8re fois, nous disposons d\u2019un m\u00e9canisme juridique permettant de cr\u00e9er des zones prot\u00e9g\u00e9es en haute mer, et je tiens \u00e0 vous en remercier tous. Le Commonwealth a contribu\u00e9 \u00e0 faire aboutir ce projet. Beaucoup d\u2019entre vous dans cette salle ont contribu\u00e9 \u00e0 le faire aboutir et \u00e0 le concr\u00e9tiser ; ma demande est donc tr\u00e8s simple : ratifiez-le si ce n\u2019est pas encore fait et passez imm\u00e9diatement \u00e0 sa mise en \u0153uvre. Car des d\u00e9cisions seront prises en janvier prochain, \u00e0 la suite de ce que nous avons adopt\u00e9 et convenu. Des d\u00e9cisions seront prises concernant l\u2019avenir de ce trait\u00e9.\u00a0\u00bb, a d\u00e9clar\u00e9 l&rsquo;ancien secr\u00e9taire d\u2019\u00c9tat am\u00e9ricain.<\/p>\n<p class=\"mb-4 text-lg md:leading-8 break-words\">Le secr\u00e9taire d\u2019\u00c9tat kenyan charg\u00e9 des affaires maritimes, Hassan Joho, a exhort\u00e9 les gouvernements \u00e0 passer des promesses \u00e0 des actions concr\u00e8tes.<\/p>\n<p class=\"mb-4 text-lg md:leading-8 break-words\">\u00a0\u00bbNous nous r\u00e9unissons \u00e0 un moment d\u00e9cisif pour la gouvernance des oc\u00e9ans. Depuis 2014, la Conf\u00e9rence \u201cOur Ocean\u201d a donn\u00e9 lieu \u00e0 plus de 2 900 engagements, d\u2019une valeur totale de plus de 169 milliards de dollars am\u00e9ricains. L\u2019objectif de cette table ronde n\u2019est donc pas de r\u00e9affirmer nos ambitions, mais de transformer ces engagements en r\u00e9sultats mesurables pour nos communaut\u00e9s, nos \u00e9conomies et nos mers. Il s\u2019agit de passer des paroles aux actes et de concr\u00e9tiser ces engagements.\u00a0\u00bb, a soulign\u00e9 Ali Hassan Joho, ministre kenyan des Mines et de l\u2019\u00c9conomie bleue.<\/p>\n<p class=\"mb-4 text-lg md:leading-8 break-words\">Le Commonwealth repr\u00e9sente 36 % de la juridiction oc\u00e9anique mondiale et pr\u00e8s de la moiti\u00e9 de ses r\u00e9cifs coralliens.<\/p>\n","protected":false},"excerpt":{"rendered":"Alors qu\u2019il a salu\u00e9 le Trait\u00e9 sur la haute mer en vigueur depuis janvier dernier, l\u2019ancien secr\u00e9taire d\u2019\u00c9tat&hellip;\n","protected":false},"author":2,"featured_media":133040,"comment_status":"","ping_status":"","sticky":false,"template":"","format":"standard","meta":{"footnotes":"","_share_on_mastodon":"0"},"categories":[165],"tags":[44095,230,44096,44097,38659,44094],"class_list":["post-133039","post","type-post","status-publish","format-standard","has-post-thumbnail","category-kenya","tag-john-kerry","tag-kenya","tag-la-toute-premiere-fois","tag-protection-de-la-haute","tag-secretaire-detat","tag-secretaire-detat-americain"],"share_on_mastodon":{"url":"https:\/\/pubeurope.com\/@afrique\/116766171656943116","error":""},"_links":{"self":[{"href":"https:\/\/www.europesays.com\/afrique\/wp-json\/wp\/v2\/posts\/133039","targetHints":{"allow":["GET"]}}],"collection":[{"href":"https:\/\/www.europesays.com\/afrique\/wp-json\/wp\/v2\/posts"}],"about":[{"href":"https:\/\/www.europesays.com\/afrique\/wp-json\/wp\/v2\/types\/post"}],"author":[{"embeddable":true,"href":"https:\/\/www.europesays.com\/afrique\/wp-json\/wp\/v2\/users\/2"}],"replies":[{"embeddable":true,"href":"https:\/\/www.europesays.com\/afrique\/wp-json\/wp\/v2\/comments?post=133039"}],"version-history":[{"count":0,"href":"https:\/\/www.europesays.com\/afrique\/wp-json\/wp\/v2\/posts\/133039\/revisions"}],"wp:featuredmedia":[{"embeddable":true,"href":"https:\/\/www.europesays.com\/afrique\/wp-json\/wp\/v2\/media\/133040"}],"wp:attachment":[{"href":"https:\/\/www.europesays.com\/afrique\/wp-json\/wp\/v2\/media?parent=133039"}],"wp:term":[{"taxonomy":"category","embeddable":true,"href":"https:\/\/www.europesays.com\/afrique\/wp-json\/wp\/v2\/categories?post=133039"},{"taxonomy":"post_tag","embeddable":true,"href":"https:\/\/www.europesays.com\/afrique\/wp-json\/wp\/v2\/tags?post=133039"}],"curies":[{"name":"wp","href":"https:\/\/api.w.org\/{rel}","templated":true}]}}