{"id":134145,"date":"2026-06-18T17:18:09","date_gmt":"2026-06-18T17:18:09","guid":{"rendered":"https:\/\/www.europesays.com\/afrique\/134145\/"},"modified":"2026-06-18T17:18:09","modified_gmt":"2026-06-18T17:18:09","slug":"coupe-du-monde-lincomprehension-delye-wahi-apres-son-interdiction-dentrer-au-canada-pour-allemagne","status":"publish","type":"post","link":"https:\/\/www.europesays.com\/afrique\/134145\/","title":{"rendered":"Coupe du monde. L\u2019incompr\u00e9hension d\u2019Elye Wahi apr\u00e8s son interdiction d\u2019entrer au Canada pour Allemagne"},"content":{"rendered":"<p class=\"su-standfirst chapeau\">Alors qu\u2019il devait participer au deuxi\u00e8me match de la C\u00f4te d\u2019Ivoire face \u00e0 l\u2019Allemagne, ce samedi 20\u00a0juin 2026 \u00e0 Toronto, Elye Wahi a vu les autorit\u00e9s canadiennes lui refuser l\u2019entr\u00e9e sur le territoire. Face \u00e0 cette situation, l\u2019attaquant de l\u2019OGC Nice, qui est suspect\u00e9 dans une affaire de potentiels paris truqu\u00e9s, attend des explications suppl\u00e9mentaires.<\/p>\n<p>                                        <img decoding=\"async\" class=\"su-media\" src=\"https:\/\/www.europesays.com\/afrique\/wp-content\/uploads\/2026\/06\/MjAyNjA2NjI5NmY4YzM1MjM1NjYzM2VkZjA5NWIwOTZhMzhlMGQ.webp\" alt=\"Elye Wahi ne pourra pas participer \u00e0 la rencontre entre l\u2019Allemagne et la C\u00f4te d\u2019Ivoire, ce samedi 20\u00a0juin 2026, pour le compte de la deuxi\u00e8me journ\u00e9e de la phase de groupes de la Coupe du monde 2026.\"  \/><\/p>\n<p>                            Elye Wahi ne pourra pas participer \u00e0 la rencontre entre l\u2019Allemagne et la C\u00f4te d\u2019Ivoire, ce samedi 20\u00a0juin 2026, pour le compte de la deuxi\u00e8me journ\u00e9e de la phase de groupes de la Coupe du monde 2026. | DPPI VIA AFP<\/p>\n<p>                            fermer<\/p>\n<p><img decoding=\"async\" data-ofmaxheight=\"\" class=\"su-media lazyload\" alt=\"Elye Wahi ne pourra pas participer \u00e0 la rencontre entre l\u2019Allemagne et la C\u00f4te d\u2019Ivoire, ce samedi 20\u00a0juin 2026, pour le compte de la deuxi\u00e8me journ\u00e9e de la phase de groupes de la Coupe du monde 2026.\" src=\"data:image\/png;base64,iVBORw0KGgoAAAANSUhEUgAAABAAAAAJCAYAAAA7KqwyAAAAGXRFWHRTb2Z0d2FyZQBBZG9iZSBJbWFnZVJlYWR5ccllPAAAABhJREFUeNpi\/P\/\/PwMlgHHUgFEDgAAgwAD+lBrvy+NcxAAAAABJRU5ErkJggg==\" data-oflazyload=\"{&quot;srcset&quot;:&quot;https:\/\/media.ouest-france.fr\/v1\/pictures\/MjAyNjA2NjI5NmY4YzM1MjM1NjYzM2VkZjA5NWIwOTZhMzhlMGQ?width=320&amp;focuspoint=50%2C32&amp;cropresize=1&amp;client_id=bpeditorial&amp;sign=3741179aae94d6b2232d48efa1de56756dd8684b5afafe54633c0ba0472e01ef 320w,https:\/\/media.ouest-france.fr\/v1\/pictures\/MjAyNjA2NjI5NmY4YzM1MjM1NjYzM2VkZjA5NWIwOTZhMzhlMGQ?width=375&amp;focuspoint=50%2C32&amp;cropresize=1&amp;client_id=bpeditorial&amp;sign=f7fdac671fc3706c24c1a25320f540515512f7a1fcbeadb686a50d91f83dc619 360w,https:\/\/media.ouest-france.fr\/v1\/pictures\/MjAyNjA2NjI5NmY4YzM1MjM1NjYzM2VkZjA5NWIwOTZhMzhlMGQ?width=480&amp;focuspoint=50%2C32&amp;cropresize=1&amp;client_id=bpeditorial&amp;sign=7057def9e9f4c8efd7c8649d3decb0dff36ecdd3c241c0496e5c861d76605832 480w,https:\/\/media.ouest-france.fr\/v1\/pictures\/MjAyNjA2NjI5NmY4YzM1MjM1NjYzM2VkZjA5NWIwOTZhMzhlMGQ?width=630&amp;focuspoint=50%2C32&amp;cropresize=1&amp;client_id=bpeditorial&amp;sign=41fdd2b645414e9d4b3f685953bf22a4f4097151c8cdcb2ce62f5a9218ebe43b 630w,https:\/\/media.ouest-france.fr\/v1\/pictures\/MjAyNjA2NjI5NmY4YzM1MjM1NjYzM2VkZjA5NWIwOTZhMzhlMGQ?width=940&amp;focuspoint=50%2C32&amp;cropresize=1&amp;client_id=bpeditorial&amp;sign=c7a85c76bca136e210d5e13f2db0848f408ae07490dd16555bb331e503485376 940w,https:\/\/media.ouest-france.fr\/v1\/pictures\/MjAyNjA2NjI5NmY4YzM1MjM1NjYzM2VkZjA5NWIwOTZhMzhlMGQ?width=1260&amp;focuspoint=50%2C32&amp;cropresize=1&amp;client_id=bpeditorial&amp;sign=af1049c24ee0fbecd18b5985d5142bc57a0b84559e94397997903c2fe638d3d5 1260w&quot;}\"\/>Elye Wahi ne pourra pas participer \u00e0 la rencontre entre l\u2019Allemagne et la C\u00f4te d\u2019Ivoire, ce samedi 20\u00a0juin 2026, pour le compte de la deuxi\u00e8me journ\u00e9e de la phase de groupes de la Coupe du monde 2026. | DPPI VIA AFP                            <\/p>\n<p>        Publi\u00e9 le 18\/06\/2026  \u00e0 17h43<\/p>\n<p>                            Lire plus tard<\/p>\n<p>                            Partager<\/p>\n<p>                        FacebookFacebookBlueSkyBlueSkyFlipboardFlipboardlinkedinLinkedIn<\/p>\n<p>Interdit d\u2019entrer au Canada, <a href=\"https:\/\/www.ouest-france.fr\/sport\/coupe-du-monde\/coupe-du-monde-interdit-dentrer-au-canada-elye-wahi-ne-pourra-pas-participer-a-allemagne-cote-divoire-8d9ece38-6b00-11f1-a957-8132d97a74be\" target=\"_self\" rel=\"nofollow noopener\">Elye Wahi ne pourra pas disputer la rencontre entre l\u2019Allemagne et la C\u00f4te d\u2019Ivoire,<\/a> ce samedi 20\u00a0juin\u00a0(22\u00a0h) \u00e0 la Coupe du monde 2026. Dans son communiqu\u00e9, la F\u00e9d\u00e9ration ivoirienne de football explique que les autorisations administratives n\u00e9cessaires \u00e0 son entr\u00e9e sur le territoire canadien n\u2019ont pas pu \u00eatre obtenues. Mais aucun motif n\u2019est communiqu\u00e9 par les \u00c9l\u00e9phants. De quoi susciter l\u2019interrogation de l\u2019attaquant ivoirien de l\u2019OGC Nice.<\/p>\n<p>        \u00ab\u00a0\u00c0 ce stade, Elye Wahi ne fait l\u2019objet d\u2019aucune poursuite\u00a0\u00bb<\/p>\n<p>Pour rappel, le buteur de 23\u00a0ans avait \u00e9t\u00e9 entendu fin mai par la police dans une enqu\u00eate de potentiels paris truqu\u00e9s. En effet, un volume inhabituel de mise concernant le carton jaune qu\u2019il a re\u00e7u \u00e0 la demi-heure de jeu face \u00e0 Metz, lors de la 34e journ\u00e9e de Ligue 1, a \u00e9t\u00e9 relev\u00e9. Mais le parquet de Marseille, qui instruit l\u2019affaire, a confirm\u00e9 ce jeudi matin qu\u2019\u00e0 ce stade de la proc\u00e9dure, Elye Wahi n\u2019est pas mis en examen et ne fait l\u2019objet d\u2019aucune poursuite.<\/p>\n<p>Lire aussi\u00a0:  <a href=\"https:\/\/www.ouest-france.fr\/sport\/coupe-du-monde\/coupe-du-monde-2026-la-cote-divoire-qualifiee-apres-le-match-contre-lallemagne-samedi-si-ffdb93a2-6b0d-11f1-a3cf-41dac410473f\" target=\"_self\" rel=\"nofollow noopener\">Coupe du monde 2026. La C\u00f4te d\u2019Ivoire qualifi\u00e9e apr\u00e8s le match contre l\u2019Allemagne samedi si\u2026<\/a><\/p>\n<p>D\u2019apr\u00e8s  <a href=\"https:\/\/rmcsport.bfmtv.com\/football\/coupe-du-monde\/coupe-du-monde-2026-wahi-ne-comprend-pas-son-interdiction-d-entrer-au-canada-avec-la-cote-d-ivoire_AV-202606180662.html\" target=\"_self\" rel=\"nofollow noopener\">RMC Sport<\/a>  <a href=\"https:\/\/rmcsport.bfmtv.com\/football\/coupe-du-monde\/coupe-du-monde-2026-wahi-ne-comprend-pas-son-interdiction-d-entrer-au-canada-avec-la-cote-d-ivoire_AV-202606180662.html\" target=\"_self\" rel=\"nofollow noopener\">,<\/a> le joueur ne comprend pas cette d\u00e9cision prononc\u00e9e sans motif clair et attend plus d\u2019explications de la part des services de l\u2019immigration.<\/p>\n","protected":false},"excerpt":{"rendered":"Alors qu\u2019il devait participer au deuxi\u00e8me match de la C\u00f4te d\u2019Ivoire face \u00e0 l\u2019Allemagne, ce samedi 20\u00a0juin 2026&hellip;\n","protected":false},"author":2,"featured_media":134146,"comment_status":"","ping_status":"","sticky":false,"template":"","format":"standard","meta":{"footnotes":"","_share_on_mastodon":"0"},"categories":[154],"tags":[1012,2904,216,2631,12576,308,46],"class_list":["post-134145","post","type-post","status-publish","format-standard","has-post-thumbnail","category-cote-divoire","tag-actualite-en-continu","tag-canada","tag-cote-divoire","tag-coupe-du-monde-de-football","tag-equipe-cote-divoire-football","tag-football","tag-sport"],"share_on_mastodon":{"url":"https:\/\/pubeurope.com\/@afrique\/116772254852945091","error":""},"_links":{"self":[{"href":"https:\/\/www.europesays.com\/afrique\/wp-json\/wp\/v2\/posts\/134145","targetHints":{"allow":["GET"]}}],"collection":[{"href":"https:\/\/www.europesays.com\/afrique\/wp-json\/wp\/v2\/posts"}],"about":[{"href":"https:\/\/www.europesays.com\/afrique\/wp-json\/wp\/v2\/types\/post"}],"author":[{"embeddable":true,"href":"https:\/\/www.europesays.com\/afrique\/wp-json\/wp\/v2\/users\/2"}],"replies":[{"embeddable":true,"href":"https:\/\/www.europesays.com\/afrique\/wp-json\/wp\/v2\/comments?post=134145"}],"version-history":[{"count":0,"href":"https:\/\/www.europesays.com\/afrique\/wp-json\/wp\/v2\/posts\/134145\/revisions"}],"wp:featuredmedia":[{"embeddable":true,"href":"https:\/\/www.europesays.com\/afrique\/wp-json\/wp\/v2\/media\/134146"}],"wp:attachment":[{"href":"https:\/\/www.europesays.com\/afrique\/wp-json\/wp\/v2\/media?parent=134145"}],"wp:term":[{"taxonomy":"category","embeddable":true,"href":"https:\/\/www.europesays.com\/afrique\/wp-json\/wp\/v2\/categories?post=134145"},{"taxonomy":"post_tag","embeddable":true,"href":"https:\/\/www.europesays.com\/afrique\/wp-json\/wp\/v2\/tags?post=134145"}],"curies":[{"name":"wp","href":"https:\/\/api.w.org\/{rel}","templated":true}]}}