{"id":134459,"date":"2026-06-18T23:50:32","date_gmt":"2026-06-18T23:50:32","guid":{"rendered":"https:\/\/www.europesays.com\/afrique\/134459\/"},"modified":"2026-06-18T23:50:32","modified_gmt":"2026-06-18T23:50:32","slug":"coupe-du-monde-2026-la-cote-divoire-qualifiee-apres-le-match-contre-lallemagne-samedi-si","status":"publish","type":"post","link":"https:\/\/www.europesays.com\/afrique\/134459\/","title":{"rendered":"Coupe du monde 2026. La C\u00f4te d\u2019Ivoire qualifi\u00e9e apr\u00e8s le match contre l\u2019Allemagne samedi si\u2026"},"content":{"rendered":"<p class=\"su-standfirst chapeau\">La C\u00f4te d\u2019Ivoire a lanc\u00e9 sa Coupe du monde par une courte victoire contre l\u2019\u00c9quateur\u00a0(1-0). Et les \u00c9l\u00e9phants peuvent d\u00e9j\u00e0 valider leur ticket pour les 16es de finale, samedi 20\u00a0juin, en fonction de leur r\u00e9sultat face \u00e0 l\u2019Allemagne \u00e0 Toronto.<\/p>\n<p>                                        <img decoding=\"async\" class=\"su-media\" src=\"https:\/\/www.europesays.com\/afrique\/wp-content\/uploads\/2026\/06\/MjAyNjA2OGQ4Y2JiYWFlNGQ5OTM4MDg1ZTlhZjUxYzRmMTgxM2E.webp\" alt=\"La C\u00f4te d'Ivoire d\u2019Amad Diallo a lanc\u00e9 sa Coupe du monde par une victoire contre l\u2019\u00c9quateur, le 14\u00a0juin 2026 \u00e0 Philadelphie.\"  \/><\/p>\n<p>                            La C\u00f4te d&rsquo;Ivoire d\u2019Amad Diallo a lanc\u00e9 sa Coupe du monde par une victoire contre l\u2019\u00c9quateur, le 14\u00a0juin 2026 \u00e0 Philadelphie. | SHAWN THEW \/ EPA\/MAXPPP<\/p>\n<p>                            fermer<\/p>\n<p><img decoding=\"async\" data-ofmaxheight=\"\" class=\"su-media lazyload\" alt=\"La C\u00f4te d'Ivoire d\u2019Amad Diallo a lanc\u00e9 sa Coupe du monde par une victoire contre l\u2019\u00c9quateur, le 14\u00a0juin 2026 \u00e0 Philadelphie.\" src=\"data:image\/png;base64,iVBORw0KGgoAAAANSUhEUgAAABAAAAAJCAYAAAA7KqwyAAAAGXRFWHRTb2Z0d2FyZQBBZG9iZSBJbWFnZVJlYWR5ccllPAAAABhJREFUeNpi\/P\/\/PwMlgHHUgFEDgAAgwAD+lBrvy+NcxAAAAABJRU5ErkJggg==\" data-oflazyload=\"{&quot;srcset&quot;:&quot;https:\/\/media.ouest-france.fr\/v1\/pictures\/MjAyNjA2OGQ4Y2JiYWFlNGQ5OTM4MDg1ZTlhZjUxYzRmMTgxM2E?width=320&amp;focuspoint=50%2C25&amp;cropresize=1&amp;client_id=bpeditorial&amp;sign=86ad8042bb5a2ef2d2c37c94b590d9d58521a5f6b470839cb433e595c1ecb493 320w,https:\/\/media.ouest-france.fr\/v1\/pictures\/MjAyNjA2OGQ4Y2JiYWFlNGQ5OTM4MDg1ZTlhZjUxYzRmMTgxM2E?width=375&amp;focuspoint=50%2C25&amp;cropresize=1&amp;client_id=bpeditorial&amp;sign=ea17630fac51e2b9e61ea39d9a87f569565e07d80e2d37ed50fb197ecc906481 360w,https:\/\/media.ouest-france.fr\/v1\/pictures\/MjAyNjA2OGQ4Y2JiYWFlNGQ5OTM4MDg1ZTlhZjUxYzRmMTgxM2E?width=480&amp;focuspoint=50%2C25&amp;cropresize=1&amp;client_id=bpeditorial&amp;sign=87a5163f804e89f6526216bcbf2a6f36276cb69e4b44e7b506359be63b0b2d1b 480w,https:\/\/media.ouest-france.fr\/v1\/pictures\/MjAyNjA2OGQ4Y2JiYWFlNGQ5OTM4MDg1ZTlhZjUxYzRmMTgxM2E?width=630&amp;focuspoint=50%2C25&amp;cropresize=1&amp;client_id=bpeditorial&amp;sign=11c24c046ada683f248fb6081f73a8924450be22b10c3192cc4dc977b356d7f6 630w,https:\/\/media.ouest-france.fr\/v1\/pictures\/MjAyNjA2OGQ4Y2JiYWFlNGQ5OTM4MDg1ZTlhZjUxYzRmMTgxM2E?width=940&amp;focuspoint=50%2C25&amp;cropresize=1&amp;client_id=bpeditorial&amp;sign=527112db22ef8ee594ef38a90fce43ef765062e19cd1982be343dbe357a7d037 940w,https:\/\/media.ouest-france.fr\/v1\/pictures\/MjAyNjA2OGQ4Y2JiYWFlNGQ5OTM4MDg1ZTlhZjUxYzRmMTgxM2E?width=1260&amp;focuspoint=50%2C25&amp;cropresize=1&amp;client_id=bpeditorial&amp;sign=1759c0de166dd944a59e25e631514a1c8ad17c5be40140cd09fe928378258b57 1260w&quot;}\"\/>La C\u00f4te d&rsquo;Ivoire d\u2019Amad Diallo a lanc\u00e9 sa Coupe du monde par une victoire contre l\u2019\u00c9quateur, le 14\u00a0juin 2026 \u00e0 Philadelphie. | SHAWN THEW \/ EPA\/MAXPPP                            <\/p>\n<p>        Publi\u00e9 le 18\/06\/2026  \u00e0 17h11<\/p>\n<p>                            Lire plus tard<\/p>\n<p>                            Partager<\/p>\n<p>                        FacebookFacebookBlueSkyBlueSkyFlipboardFlipboardlinkedinLinkedIn<\/p>\n<p>La C\u00f4te d\u2019Ivoire <a href=\"https:\/\/www.ouest-france.fr\/sport\/coupe-du-monde\/coupe-du-monde-argentine-allemagne-cote-divoire-quelles-equipes-peuvent-se-qualifier-des-la-deuxieme-journee-f360c36a-6a57-11f1-a3cf-41dac410473f\" target=\"_blank\" rel=\"nofollow noopener\">qualifi\u00e9e avant m\u00eame son dernier match de poules<\/a>\u00a0? Les \u00c9l\u00e9phants d\u00e9fient l\u2019Allemagne, samedi 20\u00a0juin au Stade de Toronto, six jours apr\u00e8s <a href=\"https:\/\/www.ouest-france.fr\/sport\/coupe-du-monde\/coupe-du-monde-au-bout-du-suspense-la-cote-divoire-prend-le-meilleur-sur-lequateur-c66ad99c-6870-11f1-8ae5-0c53cf467897\" target=\"_blank\" rel=\"nofollow noopener\">leur entr\u00e9e en lice r\u00e9ussie en Coupe du monde face \u00e0 l\u2019\u00c9quateur\u00a0(1-0)<\/a>. Une victoire longue \u00e0 se dessiner mais glan\u00e9e gr\u00e2ce \u00e0 Amad Diallo\u00a0(90\u2019), qui a d\u00e9livr\u00e9 son \u00e9quipe longtemps port\u00e9e par un excellent Yan Diomand\u00e9.<\/p>\n<p>Pour son grand retour dans la comp\u00e9tition apr\u00e8s 12\u00a0ans d\u2019absence, la C\u00f4te d\u2019Ivoire a fait un premier pas vers la qualification, et pourrait valider son ticket pour les 16es de finale d\u00e8s ce samedi, avant m\u00eame d\u2019affronter Cura\u00e7ao pour son dernier match de la phase de poules. Les joueurs d\u2019Emerse Fa\u00e9 doivent pour cela l\u2019emporter.<\/p>\n<p>Lire aussi\u00a0:\u00a0<a href=\"https:\/\/www.ouest-france.fr\/sport\/coupe-du-monde\/coupe-du-monde-interdit-dentrer-au-canada-elye-wahi-ne-pourra-pas-participer-a-allemagne-cote-divoire-8d9ece38-6b00-11f1-a957-8132d97a74be\" target=\"_blank\" rel=\"nofollow noopener\">Coupe du monde. Interdit d\u2019entrer au Canada, Elye Wahi ne pourra pas participer \u00e0 Allemagne &#8211; C\u00f4te d\u2019Ivoire<\/a><\/p>\n<p>        La C\u00f4te d\u2019Ivoire qualifi\u00e9e pour les 16es de finale de Coupe du monde apr\u00e8s le match contre l\u2019Allemagne samedi si\u2026<\/p>\n<p>&#8211; Elle gagne<\/p>\n","protected":false},"excerpt":{"rendered":"La C\u00f4te d\u2019Ivoire a lanc\u00e9 sa Coupe du monde par une courte victoire contre l\u2019\u00c9quateur\u00a0(1-0). Et les \u00c9l\u00e9phants&hellip;\n","protected":false},"author":2,"featured_media":134460,"comment_status":"","ping_status":"","sticky":false,"template":"","format":"standard","meta":{"footnotes":"","_share_on_mastodon":"0"},"categories":[154],"tags":[1012,216,2631,12576,308,46],"class_list":["post-134459","post","type-post","status-publish","format-standard","has-post-thumbnail","category-cote-divoire","tag-actualite-en-continu","tag-cote-divoire","tag-coupe-du-monde-de-football","tag-equipe-cote-divoire-football","tag-football","tag-sport"],"share_on_mastodon":{"url":"https:\/\/pubeurope.com\/@afrique\/116773796281137995","error":""},"_links":{"self":[{"href":"https:\/\/www.europesays.com\/afrique\/wp-json\/wp\/v2\/posts\/134459","targetHints":{"allow":["GET"]}}],"collection":[{"href":"https:\/\/www.europesays.com\/afrique\/wp-json\/wp\/v2\/posts"}],"about":[{"href":"https:\/\/www.europesays.com\/afrique\/wp-json\/wp\/v2\/types\/post"}],"author":[{"embeddable":true,"href":"https:\/\/www.europesays.com\/afrique\/wp-json\/wp\/v2\/users\/2"}],"replies":[{"embeddable":true,"href":"https:\/\/www.europesays.com\/afrique\/wp-json\/wp\/v2\/comments?post=134459"}],"version-history":[{"count":0,"href":"https:\/\/www.europesays.com\/afrique\/wp-json\/wp\/v2\/posts\/134459\/revisions"}],"wp:featuredmedia":[{"embeddable":true,"href":"https:\/\/www.europesays.com\/afrique\/wp-json\/wp\/v2\/media\/134460"}],"wp:attachment":[{"href":"https:\/\/www.europesays.com\/afrique\/wp-json\/wp\/v2\/media?parent=134459"}],"wp:term":[{"taxonomy":"category","embeddable":true,"href":"https:\/\/www.europesays.com\/afrique\/wp-json\/wp\/v2\/categories?post=134459"},{"taxonomy":"post_tag","embeddable":true,"href":"https:\/\/www.europesays.com\/afrique\/wp-json\/wp\/v2\/tags?post=134459"}],"curies":[{"name":"wp","href":"https:\/\/api.w.org\/{rel}","templated":true}]}}