{"id":134565,"date":"2026-06-19T03:43:40","date_gmt":"2026-06-19T03:43:40","guid":{"rendered":"https:\/\/www.europesays.com\/afrique\/134565\/"},"modified":"2026-06-19T03:43:40","modified_gmt":"2026-06-19T03:43:40","slug":"coupe-du-monde-interdit-dentrer-au-canada-elye-wahi-ne-pourra-pas-participer-a-allemagne","status":"publish","type":"post","link":"https:\/\/www.europesays.com\/afrique\/134565\/","title":{"rendered":"Coupe du monde. Interdit d\u2019entrer au Canada, Elye Wahi ne pourra pas participer \u00e0 Allemagne"},"content":{"rendered":"<p>Coup dur pour les \u00c9l\u00e9phants. Les Ivoiriens, qui affrontent l\u2019Allemagne, samedi 20\u00a0juin\u00a0(22\u00a0h), devront faire sans Elye Wahi, <a href=\"https:\/\/www.ouest-france.fr\/sport\/coupe-du-monde\/coupe-du-monde-au-bout-du-suspense-la-cote-divoire-prend-le-meilleur-sur-lequateur-c66ad99c-6870-11f1-8ae5-0c53cf467897\" target=\"_blank\" rel=\"nofollow noopener\">qui avait \u00e9t\u00e9 titulaire lors de la victoire face \u00e0 l\u2019\u00c9quateur\u00a0(1-0)<\/a>, dans la nuit de dimanche\u00a014 \u00e0 lundi 15\u00a0juin.<\/p>\n<p>L\u2019attaquant de 23\u00a0ans n\u2019a pas pu entrer sur le territoire canadien, pour disputer cette rencontre, qui aura lieu \u00e0 Toronto et qui peut permettre \u00e0 la C\u00f4te d\u2019Ivoire <a href=\"https:\/\/www.ouest-france.fr\/sport\/coupe-du-monde\/coupe-du-monde-argentine-allemagne-cote-divoire-quelles-equipes-peuvent-se-qualifier-des-la-deuxieme-journee-f360c36a-6a57-11f1-a3cf-41dac410473f\" target=\"_blank\" rel=\"nofollow noopener\">d\u2019assurer, d\u00e9j\u00e0, sa qualification pour les seizi\u00e8mes de finale.<\/a> Les autorisations administratives n\u00e9cessaires n\u2019ont pas pu \u00eatre obtenues \u00e0 ce stade, explique la F\u00e9d\u00e9ration ivoirienne dans un communiqu\u00e9, publi\u00e9 ce jeudi 18\u00a0juin. Elye Wahi restera donc aux \u00c9tats-Unis dans l\u2019attente du retour de l\u2019\u00e9quipe.<\/p>\n<p>        Soup\u00e7onn\u00e9 de corruption sportive<\/p>\n<p>Le joueur, pr\u00eat\u00e9 par Francfort \u00e0 l\u2019OGC Nice en deuxi\u00e8me partie de saison, avait d\u00e9j\u00e0 fait l\u2019actualit\u00e9, mercredi 17\u00a0juin, avec la r\u00e9v\u00e9lation de l\u2019enqu\u00eate ouverte par le parquet de Marseille \u00e0 son sujet, sur des soup\u00e7ons de corruption sportive, sans que l\u2019on sache, \u00e0 ce stade, si c\u2019est li\u00e9 \u00e0 son impossibilit\u00e9 de se rendre au Canada. Dans son communiqu\u00e9, la F\u00e9d\u00e9ration ivoirienne a tenu \u00e0 apporter  tout son soutien  \u00e0 Elye Wahi et \u00e0 lui r\u00e9affirmer  sa confiance .<\/p>\n<p>Dans la nuit de mercredi\u00a017 au jeudi 18\u00a0juin, le Ghana avait d\u00fb faire sans Thomas Partey pour son premier match face au Panama\u00a0(1-0). Lui aussi avait vu son entr\u00e9e au Canada \u00eatre refus\u00e9e, en raison des accusations de viol et d\u2019agression sexuelle dont il fait l\u2019objet.<\/p>\n","protected":false},"excerpt":{"rendered":"Coup dur pour les \u00c9l\u00e9phants. Les Ivoiriens, qui affrontent l\u2019Allemagne, samedi 20\u00a0juin\u00a0(22\u00a0h), devront faire sans Elye Wahi, qui&hellip;\n","protected":false},"author":2,"featured_media":134566,"comment_status":"","ping_status":"","sticky":false,"template":"","format":"standard","meta":{"footnotes":"","_share_on_mastodon":"0"},"categories":[154],"tags":[1012,216,2631,23316,12576,308,8454,46],"class_list":["post-134565","post","type-post","status-publish","format-standard","has-post-thumbnail","category-cote-divoire","tag-actualite-en-continu","tag-cote-divoire","tag-coupe-du-monde-de-football","tag-equipe-allemagne-football","tag-equipe-cote-divoire-football","tag-football","tag-ogc-nice","tag-sport"],"share_on_mastodon":{"url":"https:\/\/pubeurope.com\/@afrique\/116774712275720426","error":""},"_links":{"self":[{"href":"https:\/\/www.europesays.com\/afrique\/wp-json\/wp\/v2\/posts\/134565","targetHints":{"allow":["GET"]}}],"collection":[{"href":"https:\/\/www.europesays.com\/afrique\/wp-json\/wp\/v2\/posts"}],"about":[{"href":"https:\/\/www.europesays.com\/afrique\/wp-json\/wp\/v2\/types\/post"}],"author":[{"embeddable":true,"href":"https:\/\/www.europesays.com\/afrique\/wp-json\/wp\/v2\/users\/2"}],"replies":[{"embeddable":true,"href":"https:\/\/www.europesays.com\/afrique\/wp-json\/wp\/v2\/comments?post=134565"}],"version-history":[{"count":0,"href":"https:\/\/www.europesays.com\/afrique\/wp-json\/wp\/v2\/posts\/134565\/revisions"}],"wp:featuredmedia":[{"embeddable":true,"href":"https:\/\/www.europesays.com\/afrique\/wp-json\/wp\/v2\/media\/134566"}],"wp:attachment":[{"href":"https:\/\/www.europesays.com\/afrique\/wp-json\/wp\/v2\/media?parent=134565"}],"wp:term":[{"taxonomy":"category","embeddable":true,"href":"https:\/\/www.europesays.com\/afrique\/wp-json\/wp\/v2\/categories?post=134565"},{"taxonomy":"post_tag","embeddable":true,"href":"https:\/\/www.europesays.com\/afrique\/wp-json\/wp\/v2\/tags?post=134565"}],"curies":[{"name":"wp","href":"https:\/\/api.w.org\/{rel}","templated":true}]}}