{"id":134982,"date":"2026-06-19T15:30:15","date_gmt":"2026-06-19T15:30:15","guid":{"rendered":"https:\/\/www.europesays.com\/afrique\/134982\/"},"modified":"2026-06-19T15:30:15","modified_gmt":"2026-06-19T15:30:15","slug":"tunisie-japon-les-compos-probables-avant-le-choc","status":"publish","type":"post","link":"https:\/\/www.europesays.com\/afrique\/134982\/","title":{"rendered":"Tunisie \u2013 Japon : les compos probables avant le choc"},"content":{"rendered":"<p>Pour son deuxi\u00e8me match de la phase de groupes de la <a href=\"https:\/\/africafoot.com\/tag\/coupe-du-monde-2026\/\" data-wpel-link=\"internal\" rel=\"nofollow noopener\" target=\"_blank\">Coupe du monde 2026<\/a>, la Tunisie affronte le Japon, un adversaire de taille, alors qu\u2019aucune erreur n\u2019est permise pour les Aigles de Carthage apr\u00e8s la d\u00e9faite de la premi\u00e8re journ\u00e9e. En <a href=\"https:\/\/africafoot.com\/tag\/avant-match\/\" data-wpel-link=\"internal\" rel=\"nofollow noopener\" target=\"_blank\">avant-match<\/a>, la r\u00e9daction d\u2019Africafoot vous pr\u00e9sente les compositions probables des deux s\u00e9lections.<\/p>\n<p>Tunisie<\/p>\n<p>Sous la direction de son nouveau s\u00e9lectionneur <a href=\"https:\/\/africafoot.com\/tag\/herve-renard\/\" data-wpel-link=\"internal\" rel=\"nofollow noopener\" target=\"_blank\">Herv\u00e9 Renard<\/a>, arriv\u00e9 en urgence apr\u00e8s la lourde d\u00e9faite contre la Su\u00e8de (5-1), la Tunisie doit se r\u00e9organiser pour sauver sa campagne au Mondial 2026. Renard, connu pour son pragmatisme d\u00e9fensif, devrait opter pour un 5-3-2 plus compact.<\/p>\n<p><a href=\"https:\/\/africafoot.com\/reconstruire-lequilibre-de-lequipe-karim-laribi-analyse-la-tunisie-apres-larrivee-dherve-renard\/\" data-wpel-link=\"internal\" rel=\"nofollow noopener\" target=\"_blank\">\u00ab\u00a0Reconstruire l\u2019\u00e9quilibre de l\u2019\u00e9quipe\u00a0\u00bb : Karim Laribi analyse la Tunisie apr\u00e8s l\u2019arriv\u00e9e d\u2019Herv\u00e9 Renard<\/a><br \/>\nLe XI probable de la Tunisie<\/p>\n<p>Gardien de but\u00a0: <a href=\"https:\/\/africafoot.com\/tag\/aymen-dahmen\/\" data-wpel-link=\"internal\" rel=\"nofollow noopener\" target=\"_blank\">Aymen Dahmen<\/a><\/p>\n<p>D\u00e9fenseurs\u00a0: <a href=\"https:\/\/africafoot.com\/tag\/yan-valery\/\" data-wpel-link=\"internal\" rel=\"nofollow noopener\" target=\"_blank\">Yan Valery<\/a>, <a href=\"https:\/\/africafoot.com\/tag\/montassar-talbi\/\" data-wpel-link=\"internal\" rel=\"nofollow noopener\" target=\"_blank\">Montassar Talbi<\/a>, <a href=\"https:\/\/africafoot.com\/tag\/omar-rekik\/\" data-wpel-link=\"internal\" rel=\"nofollow noopener\" target=\"_blank\">Omar Rekik<\/a>, <a href=\"https:\/\/africafoot.com\/tag\/mohamed-ben-hamida\/\" data-wpel-link=\"internal\" rel=\"nofollow noopener\" target=\"_blank\">Mohamed Amine Ben Hamida<\/a>, <a href=\"https:\/\/africafoot.com\/tag\/ali-abdi\/\" data-wpel-link=\"internal\" rel=\"nofollow noopener\" target=\"_blank\">Ali Abdi<\/a><\/p>\n<p>Milieux de terrain\u00a0: <a href=\"https:\/\/africafoot.com\/tag\/ellyes-skhiri\/\" data-wpel-link=\"internal\" rel=\"nofollow noopener\" target=\"_blank\">Ellyes Skhiri<\/a>, <a href=\"https:\/\/africafoot.com\/tag\/rani-khedira\/\" data-wpel-link=\"internal\" rel=\"nofollow noopener\" target=\"_blank\">Rani Khedira<\/a>, <a href=\"https:\/\/africafoot.com\/tag\/hannibal-mejbri\/\" data-wpel-link=\"internal\" rel=\"nofollow noopener\" target=\"_blank\">Hannibal Mejbri<\/a><\/p>\n<p>Attaquants\u00a0: <a href=\"https:\/\/africafoot.com\/tag\/firas-chaouat\/\" data-wpel-link=\"internal\" rel=\"nofollow noopener\" target=\"_blank\">Firas Chaouat<\/a>, <a href=\"https:\/\/africafoot.com\/tag\/ismael-gharbi\/\" data-wpel-link=\"internal\" rel=\"nofollow noopener\" target=\"_blank\">Isma\u00ebl Gharbi<\/a><\/p>\n<p><a href=\"https:\/\/africafoot.com\/tunisie-japon-heure-chaine-et-ou-regarder-le-match\/\" data-wpel-link=\"internal\" rel=\"nofollow noopener\" target=\"_blank\">Tunisie \u2013 Japon : heure, cha\u00eene et o\u00f9 regarder le match<\/a><\/p>\n<p>Japon<\/p>\n<p>Hajime Moriyasu, s\u00e9lectionneur du Japon, arrive dans ce match contre la Tunisie avec une \u00e9quipe en pleine confiance apr\u00e8s une bonne entame de Mondial 2026. Il devrait reconduire son 3-4-2-1 avec ses meilleurs cadres.<\/p>\n<p><a href=\"https:\/\/africafoot.com\/pronostic-tunisie-japon-le-match-de-la-derniere-chance-pour-les-aigles-de-carthage\/\" data-wpel-link=\"internal\" rel=\"nofollow noopener\" target=\"_blank\">Pronostic Tunisie \u2013 Japon : le match de la derni\u00e8re chance pour les Aigles de Carthage<\/a><br \/>\nLe XI probable du Japon<\/p>\n<p>Gardien de but\u00a0: Zion Suzuki<\/p>\n<p>D\u00e9fenseurs\u00a0: Taniguchi, Watanabe, H Ito<\/p>\n<p>Milieux de terrain\u00a0: Doan, Sano, Kamada, Nakamura<\/p>\n<p>Attaquants\u00a0: Takefusa Kubo, Daizen Maeda \u2013 Ayase Ueda<\/p>\n<p>Tr\u00e8s bient\u00f4t, la Tunisie disputera son match de la 3e journ\u00e9e de la Coupe du monde 2026 face au Japon. La soci\u00e9t\u00e9 de paris 1xbet (vous pouvez\u00a0<a href=\"https:\/\/africafoot.com\/telecharger-1xbet\/\" data-wpel-link=\"internal\" rel=\"nofollow noopener\" target=\"_blank\">t\u00e9l\u00e9charger 1xbet<\/a>\u00a0ici) propose les cotes suivantes pour ce match \u2013 la Tunisie gagne \u00e0 5,70, un match nul est \u00e9valu\u00e9 \u00e0 4,00, et le Japon gagne \u00e0 1,60.<\/p>\n","protected":false},"excerpt":{"rendered":"Pour son deuxi\u00e8me match de la phase de groupes de la Coupe du monde 2026, la Tunisie affronte&hellip;\n","protected":false},"author":2,"featured_media":134983,"comment_status":"","ping_status":"","sticky":false,"template":"","format":"standard","meta":{"footnotes":"","_share_on_mastodon":"0"},"categories":[120],"tags":[15180,21451,42980,1452,15181,40016,25098,23940,37790,37791,25099,15838,5826,124,41224,3166],"class_list":["post-134982","post","type-post","status-publish","format-standard","has-post-thumbnail","category-tunisie","tag-ali-abdi","tag-avant-match","tag-aymen-dahmen","tag-coupe-du-monde-2026","tag-ellyes-skhiri","tag-firas-chaouat","tag-hannibal-mejbri","tag-herve-renard","tag-ismael-gharbi","tag-mohamed-ben-hamida","tag-montassar-talbi","tag-omar-rekik","tag-rani-khedira","tag-tunisie","tag-yan-valery","tag--tunisie"],"share_on_mastodon":{"url":"https:\/\/pubeurope.com\/@afrique\/116777492333781149","error":""},"_links":{"self":[{"href":"https:\/\/www.europesays.com\/afrique\/wp-json\/wp\/v2\/posts\/134982","targetHints":{"allow":["GET"]}}],"collection":[{"href":"https:\/\/www.europesays.com\/afrique\/wp-json\/wp\/v2\/posts"}],"about":[{"href":"https:\/\/www.europesays.com\/afrique\/wp-json\/wp\/v2\/types\/post"}],"author":[{"embeddable":true,"href":"https:\/\/www.europesays.com\/afrique\/wp-json\/wp\/v2\/users\/2"}],"replies":[{"embeddable":true,"href":"https:\/\/www.europesays.com\/afrique\/wp-json\/wp\/v2\/comments?post=134982"}],"version-history":[{"count":0,"href":"https:\/\/www.europesays.com\/afrique\/wp-json\/wp\/v2\/posts\/134982\/revisions"}],"wp:featuredmedia":[{"embeddable":true,"href":"https:\/\/www.europesays.com\/afrique\/wp-json\/wp\/v2\/media\/134983"}],"wp:attachment":[{"href":"https:\/\/www.europesays.com\/afrique\/wp-json\/wp\/v2\/media?parent=134982"}],"wp:term":[{"taxonomy":"category","embeddable":true,"href":"https:\/\/www.europesays.com\/afrique\/wp-json\/wp\/v2\/categories?post=134982"},{"taxonomy":"post_tag","embeddable":true,"href":"https:\/\/www.europesays.com\/afrique\/wp-json\/wp\/v2\/tags?post=134982"}],"curies":[{"name":"wp","href":"https:\/\/api.w.org\/{rel}","templated":true}]}}