{"id":135653,"date":"2026-06-20T10:22:15","date_gmt":"2026-06-20T10:22:15","guid":{"rendered":"https:\/\/www.europesays.com\/afrique\/135653\/"},"modified":"2026-06-20T10:22:15","modified_gmt":"2026-06-20T10:22:15","slug":"cote-divoire-sur-quelle-chaine-et-a-quelle-heure-voir-le-match-de-la-coupe-du-monde-2026-en-direct","status":"publish","type":"post","link":"https:\/\/www.europesays.com\/afrique\/135653\/","title":{"rendered":"C\u00f4te d\u2019Ivoire\u00a0: sur quelle cha\u00eene et \u00e0 quelle heure voir le match de la Coupe du Monde 2026 en direct\u00a0?"},"content":{"rendered":"<p>Grand favori du groupe E, l\u2019Allemagne a r\u00e9ussi ses d\u00e9buts dans la comp\u00e9tition en surclassant le Cura\u00e7ao sur le score fleuve de 7-1. La Mannschaft a rapidement pris les devants gr\u00e2ce \u00e0 Felix Nmecha\u00a0(6\u2019). Malgr\u00e9 une br\u00e8ve \u00e9galisation\u00a0(20\u2019), les hommes de Julian Nagelsmann ont ensuite d\u00e9roul\u00e9, reprenant imm\u00e9diatement le contr\u00f4le pour confirmer leur sup\u00e9riorit\u00e9. Nico Schlotterbeck\u00a0(38\u2019), Kai Havertz\u00a0(45+\u00a05\u2019, 88\u2019), Jamal Musiala\u00a0(47\u2019), Nathaniel Brown\u00a0(68\u2019) et Deniz Undav\u00a0(78\u2019) ont permis aux Allemands de s\u2019emparer de la t\u00eate de la poule gr\u00e2ce \u00e0 cette large victoire. La C\u00f4te d\u2019Ivoire aussi a pris 3\u00a0points pr\u00e9cieux dans la course \u00e0 la qualification. Les \u00c9l\u00e9phants ont battu l\u2019\u00c9quateur 1-0, avec un maximum de r\u00e9ussite. C\u2019est Amad Diallo qui a permis aux siens de l\u2019emporter en toute fin de rencontre\u00a0(90\u2019). Malgr\u00e9 ce succ\u00e8s, les joueurs d\u2019Emerse Fa\u00e9 ont fait preuve d\u2019une certaine vuln\u00e9rabilit\u00e9, \u00e9tant sauv\u00e9s \u00e0 trois reprises par leurs montants face \u00e0 une \u00e9quipe \u00e9quatorienne malheureuse. Gr\u00e2ce \u00e0 cette victoire face \u00e0 leur concurrent direct pour la deuxi\u00e8me place du groupe, les \u00c9l\u00e9phants prennent une option s\u00e9rieuse sur la qualification. Allemagne &#8211; C\u00f4te d\u2019Ivoire\u00a0: sur quelle cha\u00eene et \u00e0 quelle heure voir le match de la Coupe du Monde 2026 en direct\u00a0?<\/p>\n<p>Coupe du Monde 2026\u00a0: <a href=\"https:\/\/paris-sportifs.ouest-france.fr\/\" rel=\"sponsored nofollow noopener\" target=\"_blank\">D\u00e9couvrez le guide des paris sportifs agr\u00e9g\u00e9s par les experts Ouest-France Shopping<\/a><\/p>\n<p>        Diffusion Allemagne &#8211; C\u00f4te d\u2019Ivoire\u00a0: sur quelle cha\u00eene TV voir le match en direct\u00a0?<\/p>\n<p>Le choc de la Coupe du Monde entre l\u2019Allemagne et la C\u00f4te d\u2019Ivoire se tient ce samedi 20\u00a0juin. Le coup d\u2019envoi est donn\u00e9 \u00e0 22h heure fran\u00e7aise. Deux cha\u00eenes TV assurent la diffusion d\u2019Allemagne &#8211; C\u00f4te d\u2019Ivoire en direct aujourd\u2019hui. Vous pouvez regarder cette affiche en clair et gratuitement sur M6. BeIN SPORTS propose \u00e9galement Allemagne &#8211; C\u00f4te d\u2019Ivoire en direct, comme 100\u00a0% des matchs du Mondial. Des reportages, des magazines et autres \u00e9missions d\u2019analyse sont \u00e0 voir sur les cha\u00eenes TV de beIN SPORTS. Celles-ci sont accessibles sur vos \u00e9crans connect\u00e9s tels que la Smart TV, l\u2019ordinateur, la tablette et le smartphone.<\/p>\n<p>En savoir plus sur <a href=\"https:\/\/ad.doubleclick.net\/ddm\/trackclk\/N6600.145413.OUESTFRANCE.FR\/B32944843.412593389;dc_trk_aid=604786552;dc_trk_cid=228480032;dc_lat=;dc_rdid=;tag_for_child_directed_treatment=;tfua=;gdpr=$%7BGDPR%7D;gdpr_consent=$%7BGDPR_CONSENT_755%7D;ltd=;dc_tdv=1\" rel=\"nofollow,sponsored noopener\" target=\"_blank\">beIN SPORTS CONNECT \u00e0 partir de 15\u20ac<\/a><\/p>\n<p>Newsletter Bons Plans<\/p>\n<p>Retrouvez les meilleures offres s\u00e9lectionn\u00e9es par nos experts Shopping<\/p>\n<p>Ce contenu a \u00e9t\u00e9 r\u00e9dig\u00e9 par un expert de l\u2019\u00e9quipe Ouest-France Shopping. Les prix mentionn\u00e9s sont fournis \u00e0 titre indicatif et peuvent \u00e9voluer. Certains articles peuvent comporter des liens affili\u00e9s pour lesquels Ouest-France peut percevoir une commission si vous effectuez un achat.<\/p>\n","protected":false},"excerpt":{"rendered":"Grand favori du groupe E, l\u2019Allemagne a r\u00e9ussi ses d\u00e9buts dans la comp\u00e9tition en surclassant le Cura\u00e7ao sur&hellip;\n","protected":false},"author":2,"featured_media":135654,"comment_status":"","ping_status":"","sticky":false,"template":"","format":"standard","meta":{"footnotes":"","_share_on_mastodon":"0"},"categories":[154],"tags":[216,2631,23316,12576,308,13402,46,3482,3672],"class_list":["post-135653","post","type-post","status-publish","format-standard","has-post-thumbnail","category-cote-divoire","tag-cote-divoire","tag-coupe-du-monde-de-football","tag-equipe-allemagne-football","tag-equipe-cote-divoire-football","tag-football","tag-shopping","tag-sport","tag-streaming","tag-television"],"share_on_mastodon":{"url":"https:\/\/pubeurope.com\/@afrique\/116781943702478122","error":""},"_links":{"self":[{"href":"https:\/\/www.europesays.com\/afrique\/wp-json\/wp\/v2\/posts\/135653","targetHints":{"allow":["GET"]}}],"collection":[{"href":"https:\/\/www.europesays.com\/afrique\/wp-json\/wp\/v2\/posts"}],"about":[{"href":"https:\/\/www.europesays.com\/afrique\/wp-json\/wp\/v2\/types\/post"}],"author":[{"embeddable":true,"href":"https:\/\/www.europesays.com\/afrique\/wp-json\/wp\/v2\/users\/2"}],"replies":[{"embeddable":true,"href":"https:\/\/www.europesays.com\/afrique\/wp-json\/wp\/v2\/comments?post=135653"}],"version-history":[{"count":0,"href":"https:\/\/www.europesays.com\/afrique\/wp-json\/wp\/v2\/posts\/135653\/revisions"}],"wp:featuredmedia":[{"embeddable":true,"href":"https:\/\/www.europesays.com\/afrique\/wp-json\/wp\/v2\/media\/135654"}],"wp:attachment":[{"href":"https:\/\/www.europesays.com\/afrique\/wp-json\/wp\/v2\/media?parent=135653"}],"wp:term":[{"taxonomy":"category","embeddable":true,"href":"https:\/\/www.europesays.com\/afrique\/wp-json\/wp\/v2\/categories?post=135653"},{"taxonomy":"post_tag","embeddable":true,"href":"https:\/\/www.europesays.com\/afrique\/wp-json\/wp\/v2\/tags?post=135653"}],"curies":[{"name":"wp","href":"https:\/\/api.w.org\/{rel}","templated":true}]}}