{"id":135906,"date":"2026-06-20T16:35:59","date_gmt":"2026-06-20T16:35:59","guid":{"rendered":"https:\/\/www.europesays.com\/afrique\/135906\/"},"modified":"2026-06-20T16:35:59","modified_gmt":"2026-06-20T16:35:59","slug":"grand-yoff-un-peintre-interpelle-avec-6-kg-de-chanvre-indien-un-complice-en-fuite","status":"publish","type":"post","link":"https:\/\/www.europesays.com\/afrique\/135906\/","title":{"rendered":"Grand-Yoff : un peintre interpell\u00e9 avec 6 kg de chanvre indien, un complice en fuite"},"content":{"rendered":"<p>\t\t\t\t\t La traque des trafiquants de stup\u00e9fiants se poursuit dans la banlieue dakaroise. Les \u00e9l\u00e9ments de la Brigade de recherches du commissariat de police ont proc\u00e9d\u00e9 \u00e0 l&rsquo;arrestation d&rsquo;I. Bald\u00e9, \u00e0 l&rsquo;issue d&rsquo;une op\u00e9ration men\u00e9e dans le secteur de Khar Yalla, \u00e0 Grand-Yoff, qui a abouti \u00e0 la d\u00e9couverte de six kilogrammes de chanvre indien. <\/p>\n<p>Selon L&rsquo;Observateur, les policiers \u00e9taient d\u00e9ploy\u00e9s au march\u00e9 surnomm\u00e9 \u00ab Gang \u00bb dans le cadre d&rsquo;une mission de surveillance cibl\u00e9e. Leur attention a \u00e9t\u00e9 attir\u00e9e par un individu au comportement suspect. \u00c0 la vue des forces de l&rsquo;ordre, ce dernier a pris la fuite et, malgr\u00e9 une course-poursuite, a r\u00e9ussi \u00e0 dispara\u00eetre sans avoir pu \u00eatre identifi\u00e9. <\/p>\n<p>Cette fuite a toutefois conduit les enqu\u00eateurs \u00e0 se concentrer sur une concession voisine. C&rsquo;est l\u00e0 qu&rsquo;ils ont aper\u00e7u un autre homme sortir pr\u00e9cipitamment d&rsquo;une chambre. Identifi\u00e9 comme I. Bald\u00e9, il a tent\u00e9 d&rsquo;escalader le mur de cl\u00f4ture, pieds nus, pour \u00e9chapper au contr\u00f4le.\u00a0 <\/p>\n<p>Interpell\u00e9, il a d&rsquo;abord invoqu\u00e9 la peur d&rsquo;un voleur poursuivi dans le secteur, une explication qui n&rsquo;a pas convaincu les policiers, d&rsquo;autant qu&rsquo;une fouille de s\u00e9curit\u00e9 a r\u00e9v\u00e9l\u00e9 la pr\u00e9sence d&rsquo;une somme d&rsquo;argent sur lui. <\/p>\n<p>Les enqu\u00eateurs ont alors perquisitionn\u00e9 la chambre d&rsquo;o\u00f9 il venait de sortir et y ont d\u00e9couvert un sachet contenant une importante quantit\u00e9 de chanvre indien, \u00e9valu\u00e9e \u00e0 six kilogrammes, imm\u00e9diatement saisie. <br \/>Plac\u00e9 en garde \u00e0 vue dans les locaux de la Brigade de recherches, I. Bald\u00e9, \u00e2g\u00e9 de 32 ans, peintre de profession et domicili\u00e9 \u00e0 Khar Yalla, a ni\u00e9 \u00eatre le propri\u00e9taire de la drogue, tout en reconnaissant que celle-ci avait bien \u00e9t\u00e9 retrouv\u00e9e dans la pi\u00e8ce qu&rsquo;il occupait. Il n&rsquo;a pas fourni d&rsquo;explications convaincantes sur sa pr\u00e9sence sur les lieux. <\/p>\n<p>Outre les six kilos de chanvre indien, les enqu\u00eateurs ont \u00e9galement saisi la somme de 40.000 FCFA en sa possession. La drogue et l&rsquo;argent ont \u00e9t\u00e9 plac\u00e9s sous scell\u00e9s. Le dossier est d&rsquo;autant plus suivi que le suspect serait d\u00e9j\u00e0 connu des services de police pour des affaires similaires. <\/p>\n<p>\u00c0 l&rsquo;issue de son audition, I. Bald\u00e9 a \u00e9t\u00e9 plac\u00e9 en garde \u00e0 vue pour trafic int\u00e9rieur de drogue. L&rsquo;enqu\u00eate se poursuit, les policiers restant mobilis\u00e9s pour retrouver le premier fuyard et d\u00e9terminer le r\u00f4le exact de chacun dans cette affaire.\n\t\t\t\t <\/p>\n","protected":false},"excerpt":{"rendered":"La traque des trafiquants de stup\u00e9fiants se poursuit dans la banlieue dakaroise. Les \u00e9l\u00e9ments de la Brigade de&hellip;\n","protected":false},"author":2,"featured_media":135907,"comment_status":"","ping_status":"","sticky":false,"template":"","format":"standard","meta":{"footnotes":"","_share_on_mastodon":"0"},"categories":[84],"tags":[44789,11,44790],"class_list":["post-135906","post","type-post","status-publish","format-standard","has-post-thumbnail","category-senegal","tag-grand-yoff-un-peintre-interpelle-avec-6-kg-de-chanvre-indien","tag-senegal","tag-un-complice-en-fuite"],"share_on_mastodon":{"url":"https:\/\/pubeurope.com\/@afrique\/116783414146191540","error":""},"_links":{"self":[{"href":"https:\/\/www.europesays.com\/afrique\/wp-json\/wp\/v2\/posts\/135906","targetHints":{"allow":["GET"]}}],"collection":[{"href":"https:\/\/www.europesays.com\/afrique\/wp-json\/wp\/v2\/posts"}],"about":[{"href":"https:\/\/www.europesays.com\/afrique\/wp-json\/wp\/v2\/types\/post"}],"author":[{"embeddable":true,"href":"https:\/\/www.europesays.com\/afrique\/wp-json\/wp\/v2\/users\/2"}],"replies":[{"embeddable":true,"href":"https:\/\/www.europesays.com\/afrique\/wp-json\/wp\/v2\/comments?post=135906"}],"version-history":[{"count":0,"href":"https:\/\/www.europesays.com\/afrique\/wp-json\/wp\/v2\/posts\/135906\/revisions"}],"wp:featuredmedia":[{"embeddable":true,"href":"https:\/\/www.europesays.com\/afrique\/wp-json\/wp\/v2\/media\/135907"}],"wp:attachment":[{"href":"https:\/\/www.europesays.com\/afrique\/wp-json\/wp\/v2\/media?parent=135906"}],"wp:term":[{"taxonomy":"category","embeddable":true,"href":"https:\/\/www.europesays.com\/afrique\/wp-json\/wp\/v2\/categories?post=135906"},{"taxonomy":"post_tag","embeddable":true,"href":"https:\/\/www.europesays.com\/afrique\/wp-json\/wp\/v2\/tags?post=135906"}],"curies":[{"name":"wp","href":"https:\/\/api.w.org\/{rel}","templated":true}]}}