{"id":136032,"date":"2026-06-20T19:28:06","date_gmt":"2026-06-20T19:28:06","guid":{"rendered":"https:\/\/www.europesays.com\/afrique\/136032\/"},"modified":"2026-06-20T19:28:06","modified_gmt":"2026-06-20T19:28:06","slug":"direct-allemagne-cote-divoire-les-compos-sont-tombees-suivez-le-match-du-groupe-e-de-la-coupe-du-monde-en-live","status":"publish","type":"post","link":"https:\/\/www.europesays.com\/afrique\/136032\/","title":{"rendered":"DIRECT. Allemagne &#8211; C\u00f4te d&rsquo;Ivoire\u00a0: les compos sont tomb\u00e9es, suivez le match du groupe E de la Coupe du monde en live"},"content":{"rendered":"<p>Entre l\u2019Allemagne et la C\u00f4te d&rsquo;Ivoire ce samedi 20\u00a0juin, <a data-trk-sipa=\"{&quot;BlockCategory&quot;:&quot;Live - lien externe&quot;,&quot;BlockInfo&quot;:[{&quot;label&quot;:&quot;Description&quot;,&quot;type&quot;:&quot;Simple&quot;}]}\" href=\"https:\/\/www.ouest-france.fr\/sport\/coupe-du-monde\/coupe-du-monde-argentine-allemagne-cote-divoire-quelles-equipes-peuvent-se-qualifier-des-la-deuxieme-journee-f360c36a-6a57-11f1-a3cf-41dac410473f\" target=\"_blank\" rel=\"nofollow noopener\">un billet pour la phase \u00e0 \u00e9limination directe de la Coupe du monde 2026<\/a> est en jeu.<\/p>\n<p>        La C\u00f4te d&rsquo;Ivoire impressionne<\/p>\n<p>Dans ce groupe E, pour son entr\u00e9e en lice, l\u2019Allemagne a r\u00e9alis\u00e9 un carton contre le petit poucet Cura\u00e7ao\u00a0(7-1), soignant au passage sa diff\u00e9rence de buts. Leader, la Maanschaft aborde cette deuxi\u00e8me journ\u00e9e avec le costume de favori.<\/p>\n<p>Mais l\u2019adversaire du soir sera d\u2019un tout autre calibre, puisqu\u2019il s\u2019agit de la C\u00f4te d&rsquo;Ivoire, victorieuse en ayant trouv\u00e9 la faille dans les ultimes instants contre l\u2019\u00c9quateur\u00a0(1-0).<\/p>\n<p>Lire aussi\u00a0: <a data-trk-sipa=\"{&quot;BlockCategory&quot;:&quot;Live - lien externe&quot;,&quot;BlockInfo&quot;:[{&quot;label&quot;:&quot;Description&quot;,&quot;type&quot;:&quot;Simple&quot;}]}\" href=\"https:\/\/www.ouest-france.fr\/sport\/coupe-du-monde\/coupe-du-monde-fin-de-laffaire-rocambolesque-elye-wahi-autorise-a-rentrer-au-canada-pour-le-match-contre-lallemagne-094c09ae-6b3a-11f1-a957-8132d97a74be\" target=\"_blank\" rel=\"nofollow noopener\">Coupe du monde. Fin de l\u2019affaire rocambolesque, Elye Wahi autoris\u00e9 \u00e0 rentrer au Canada pour le match contre l\u2019Allemagne<\/a><\/p>\n<p>Les deux s\u00e9lections s\u2019affrontent seulement pour la deuxi\u00e8me fois de leur histoire. La premi\u00e8re remonte \u00e0 un match amical en 2009\u00a0(2-2).<\/p>\n<p>        La feuille de match<\/p>\n<p>ALLEMAGNE : Neuer &#8211; Kimmich (cap), Tah, Schlotterbeck, Tah, Brown &#8211; Nmecha, Pavlovic &#8211; San\u00e9, Musiala, Wirtz &#8211; Havertz.<\/p>\n<p>C\u00d4TE D&rsquo;IVOIRE : Fofana &#8211; Konan, Agbadou, Kossounou, Singo &#8211; Kessi\u00e9 (cap), Sangar\u00e9, Inao Oulai &#8211; Diomand\u00e9, Bonny, Diallo.<\/p>\n","protected":false},"excerpt":{"rendered":"Entre l\u2019Allemagne et la C\u00f4te d&rsquo;Ivoire ce samedi 20\u00a0juin, un billet pour la phase \u00e0 \u00e9limination directe de&hellip;\n","protected":false},"author":2,"featured_media":136033,"comment_status":"","ping_status":"","sticky":false,"template":"","format":"standard","meta":{"footnotes":"","_share_on_mastodon":"0"},"categories":[154],"tags":[1012,216,2631,40768,23316,12576,308,46,225],"class_list":["post-136032","post","type-post","status-publish","format-standard","has-post-thumbnail","category-cote-divoire","tag-actualite-en-continu","tag-cote-divoire","tag-coupe-du-monde-de-football","tag-direct-de-la-coupe-du-monde","tag-equipe-allemagne-football","tag-equipe-cote-divoire-football","tag-football","tag-sport","tag-une"],"share_on_mastodon":{"url":"https:\/\/pubeurope.com\/@afrique\/116784090653803861","error":""},"_links":{"self":[{"href":"https:\/\/www.europesays.com\/afrique\/wp-json\/wp\/v2\/posts\/136032","targetHints":{"allow":["GET"]}}],"collection":[{"href":"https:\/\/www.europesays.com\/afrique\/wp-json\/wp\/v2\/posts"}],"about":[{"href":"https:\/\/www.europesays.com\/afrique\/wp-json\/wp\/v2\/types\/post"}],"author":[{"embeddable":true,"href":"https:\/\/www.europesays.com\/afrique\/wp-json\/wp\/v2\/users\/2"}],"replies":[{"embeddable":true,"href":"https:\/\/www.europesays.com\/afrique\/wp-json\/wp\/v2\/comments?post=136032"}],"version-history":[{"count":0,"href":"https:\/\/www.europesays.com\/afrique\/wp-json\/wp\/v2\/posts\/136032\/revisions"}],"wp:featuredmedia":[{"embeddable":true,"href":"https:\/\/www.europesays.com\/afrique\/wp-json\/wp\/v2\/media\/136033"}],"wp:attachment":[{"href":"https:\/\/www.europesays.com\/afrique\/wp-json\/wp\/v2\/media?parent=136032"}],"wp:term":[{"taxonomy":"category","embeddable":true,"href":"https:\/\/www.europesays.com\/afrique\/wp-json\/wp\/v2\/categories?post=136032"},{"taxonomy":"post_tag","embeddable":true,"href":"https:\/\/www.europesays.com\/afrique\/wp-json\/wp\/v2\/tags?post=136032"}],"curies":[{"name":"wp","href":"https:\/\/api.w.org\/{rel}","templated":true}]}}