{"id":136417,"date":"2026-06-21T08:10:09","date_gmt":"2026-06-21T08:10:09","guid":{"rendered":"https:\/\/www.europesays.com\/afrique\/136417\/"},"modified":"2026-06-21T08:10:09","modified_gmt":"2026-06-21T08:10:09","slug":"coupe-du-monde-inquietude-pour-le-defenseur-de-la-cote-divoire-wilfried-singo-blesse-et-en-pleurs-contre-lallemagne","status":"publish","type":"post","link":"https:\/\/www.europesays.com\/afrique\/136417\/","title":{"rendered":"Coupe du monde. Inqui\u00e9tude pour le d\u00e9fenseur de la C\u00f4te d\u2019Ivoire Wilfried Singo, bless\u00e9 et en pleurs contre l\u2019Allemagne"},"content":{"rendered":"<p>Coup dur pour la C\u00f4te d\u2019Ivoire. Battus par l\u2019Allemagne\u00a0(1-2) et un but de Deniz Undav dans le temps additionnel (90\u2019+4), les \u00c9l\u00e9phants du s\u00e9lectionneur\u00a0\u00c9merse Fa\u00e9 ont aussi perdu\u00a0Wilfried Singo en fin de partie, ce dimanche 20\u00a0juin \u00e0 Toronto\u00a0(Canada), lors de la deuxi\u00e8me journ\u00e9e de la Coupe du monde de football.<\/p>\n<p>Lire aussi.  <a href=\"https:\/\/www.ouest-france.fr\/sport\/coupe-du-monde\/direct\/direct-allemagne-cote-d-ivoire-suivez-le-match-du-groupe-e-de-la-coupe-du-monde-en-live-762ff773-3ccc-4919-b7d4-e7188c471ac9\" target=\"_self\" rel=\"nofollow noopener\">Coupe du monde. Deniz Undav qualifie l\u2019Allemagne contre la C\u00f4te d\u2019Ivoire dans une fin de match irrespirable<\/a><\/p>\n<p>Au duel avec l\u2019Allemand Kai Havertz, comme toute la partie, le d\u00e9fenseur de 25\u00a0ans aux 35\u00a0s\u00e9lections\u00a0a sorti volontairement le ballon en touche \u00e0 la 80e minute et s\u2019est tout de suite tenu la cuisse gauche, avant de s\u2019effondrer au sol pour \u00eatre soign\u00e9. Finalement, le joueur de Galatasaray a \u00e9t\u00e9 contraint de laisser sa place \u00e0 Gu\u00e9la Dou\u00e9 pour le dernier quart d\u2019heure de jeu, qui a finalement vu la Mannschaft se qualifier pour les 16es de finale.<\/p>\n<p>Lire aussi.  <a href=\"https:\/\/www.ouest-france.fr\/sport\/coupe-du-monde\/coupe-du-monde-un-france-allemagne-des-les-8es-largentine-epargnee-les-predictions-du-tableau-final-b484bb8e-6b19-11f1-a3cf-41dac410473f\" target=\"_self\" rel=\"nofollow noopener\">Coupe du monde. Un France &#8211; Allemagne d\u00e8s les 8es, l\u2019Argentine \u00e9pargn\u00e9e\u2026 Les pr\u00e9dictions du tableau final<\/a><\/p>\n<p>        D\u00e9j\u00e0 forfait pour la CAN l\u2019hiver dernier<\/p>\n<p>Alors que le jeu continuait, Wilfried Singo, auteur d\u2019un excellent d\u00e9but de Mondial\u00a0(deux titularisations), son premier avec les \u00c9l\u00e9phants, est apparu en larmes, la t\u00eate dans son maillot sur le banc de touche. Il avait d\u00e9j\u00e0 manqu\u00e9 toute la Coupe d\u2019Afrique des Nations l\u2019hiver dernier pour une blessure aux\u00a0ischio-jambiers.<\/p>\n<p>Pour rappel, les Ivoiriens ont rendez-vous contre Cura\u00e7ao pour leur dernier match de poule le jeudi 25\u00a0juin \u00e0 22\u00a0h. S\u2019ils se qualifient pour les 16es de finale, ils joueront le mardi 30\u00a0juin ou le mercredi 1er\u00a0juillet.<\/p>\n","protected":false},"excerpt":{"rendered":"Coup dur pour la C\u00f4te d\u2019Ivoire. Battus par l\u2019Allemagne\u00a0(1-2) et un but de Deniz Undav dans le temps&hellip;\n","protected":false},"author":2,"featured_media":136418,"comment_status":"","ping_status":"","sticky":false,"template":"","format":"standard","meta":{"footnotes":"","_share_on_mastodon":"0"},"categories":[154],"tags":[216,2631,12576,308,46],"class_list":["post-136417","post","type-post","status-publish","format-standard","has-post-thumbnail","category-cote-divoire","tag-cote-divoire","tag-coupe-du-monde-de-football","tag-equipe-cote-divoire-football","tag-football","tag-sport"],"share_on_mastodon":{"url":"https:\/\/pubeurope.com\/@afrique\/116787086790645183","error":""},"_links":{"self":[{"href":"https:\/\/www.europesays.com\/afrique\/wp-json\/wp\/v2\/posts\/136417","targetHints":{"allow":["GET"]}}],"collection":[{"href":"https:\/\/www.europesays.com\/afrique\/wp-json\/wp\/v2\/posts"}],"about":[{"href":"https:\/\/www.europesays.com\/afrique\/wp-json\/wp\/v2\/types\/post"}],"author":[{"embeddable":true,"href":"https:\/\/www.europesays.com\/afrique\/wp-json\/wp\/v2\/users\/2"}],"replies":[{"embeddable":true,"href":"https:\/\/www.europesays.com\/afrique\/wp-json\/wp\/v2\/comments?post=136417"}],"version-history":[{"count":0,"href":"https:\/\/www.europesays.com\/afrique\/wp-json\/wp\/v2\/posts\/136417\/revisions"}],"wp:featuredmedia":[{"embeddable":true,"href":"https:\/\/www.europesays.com\/afrique\/wp-json\/wp\/v2\/media\/136418"}],"wp:attachment":[{"href":"https:\/\/www.europesays.com\/afrique\/wp-json\/wp\/v2\/media?parent=136417"}],"wp:term":[{"taxonomy":"category","embeddable":true,"href":"https:\/\/www.europesays.com\/afrique\/wp-json\/wp\/v2\/categories?post=136417"},{"taxonomy":"post_tag","embeddable":true,"href":"https:\/\/www.europesays.com\/afrique\/wp-json\/wp\/v2\/tags?post=136417"}],"curies":[{"name":"wp","href":"https:\/\/api.w.org\/{rel}","templated":true}]}}