{"id":136435,"date":"2026-06-21T08:36:26","date_gmt":"2026-06-21T08:36:26","guid":{"rendered":"https:\/\/www.europesays.com\/afrique\/136435\/"},"modified":"2026-06-21T08:36:26","modified_gmt":"2026-06-21T08:36:26","slug":"plus-decole-langoisse-des-familles-un-mois-apres-lenlevement-deleves-dans-le-sud-du-nigeria","status":"publish","type":"post","link":"https:\/\/www.europesays.com\/afrique\/136435\/","title":{"rendered":"\u00ab\u00a0Plus d\u2019\u00e9cole\u00a0\u00bb : l\u2019angoisse des familles un mois apr\u00e8s l\u2019enl\u00e8vement d\u2019\u00e9l\u00e8ves dans le sud du Nigeria"},"content":{"rendered":"<p class=\"mb-4 text-lg md:leading-8 break-words\">Dans leur modeste maison du village de Yawota, dans l\u2019\u00c9tat d\u2019Oyo, au Nigeria, Deborah Oyedele et sa s\u0153ur Abosede Ojedele se rongent les sangs depuis un mois, dans l&rsquo;attente de nouvelles de leurs enfants kidnapp\u00e9s dans leur \u00e9cole par des hommes arm\u00e9s.<\/p>\n<p class=\"mb-4 text-lg md:leading-8 break-words\">Le fils de Deborah et les deux gar\u00e7ons d\u2019Abosede font partie des 46 enfants \u00e2g\u00e9s de 2 \u00e0 16 ans et membres du personnel enlev\u00e9s le 15 mai dans les \u00e9coles de Yawota et Ahoro-Esinele, deux localit\u00e9s voisines situ\u00e9es en bordure du parc national Old Oyo.<\/p>\n<p class=\"mb-4 text-lg md:leading-8 break-words\">Quatre personnes, dont un chasseur qui a affirm\u00e9 avoir particip\u00e9 \u00e0 une op\u00e9ration de sauvetage infructueuse le lendemain des raids, ont d\u00e9clar\u00e9 \u00e0 l&rsquo;AFP que les assaillants avaient fait irruption dans les villages \u00e0 moto, v\u00eatus de treillis militaires.<\/p>\n<p class=\"mb-4 text-lg md:leading-8 break-words\">L\u2019arm\u00e9e nig\u00e9riane a attribu\u00e9 ce kidnapping aux jihadistes de Boko Haram, sans \u00e9tayer toutefois cette accusation.<\/p>\n<p class=\"mb-4 text-lg md:leading-8 break-words\">Ces kidnappings de masse ont profond\u00e9ment choqu\u00e9 l&rsquo;opinion publique nig\u00e9riane, notamment dans le sud du pays, car les enl\u00e8vements contre ran\u00e7on des jihadistes ou autres groupes criminels, r\u00e9currents, se concentraient jusqu&rsquo;ici dans le nord.<\/p>\n<p class=\"mb-4 text-lg md:leading-8 break-words\">Et ils inqui\u00e8tent particuli\u00e8rement dans l\u2019\u00c9tat d\u2019Oyo, l\u2019un des plus peupl\u00e9s du pays, dont la capitale Ibadan est un important p\u00f4le \u00e9ducatif.<\/p>\n<p class=\"mb-4 text-lg md:leading-8 break-words\">Des manifestations r\u00e9clamant le retour des enfants ont eu lieu, les enseignants de l&rsquo;Etat se sont mis en gr\u00e8ve et ses stars de l&rsquo;Afrobeats, g\u00e9n\u00e9ralement mutiques sur la situation s\u00e9curitaire du pays, ont pris la parole. La superstar Davido a port\u00e9 une veste sur laquelle figuraient les noms des personnes enlev\u00e9es lors du concert de compte \u00e0 rebours pour la Coupe du monde \u00e0 Los Angeles.<\/p>\n<p class=\"mb-4 text-lg md:leading-8 break-words\">\u00ab\u00a0Hannah me demande sans cesse o\u00f9 sont ses fr\u00e8res et son cousin\u00a0\u00bb, indique Abosede en ber\u00e7ant sa fille de trois ans dans ses bras. \u00ab\u00a0Elle ne comprend pas pourquoi elle ne les voit plus\u00a0\u00bb, ajoute-t-elle.<\/p>\n<p class=\"mb-4 text-lg md:leading-8 break-words\">&#8211; Remords &#8211;<\/p>\n<p class=\"mb-4 text-lg md:leading-8 break-words\">Dans le sud, l&rsquo;inqui\u00e9tude monte \u00e0 propos de la s\u00e9curit\u00e9 des enfants dans les \u00e9tablissements scolaires.<\/p>\n<p class=\"mb-4 text-lg md:leading-8 break-words\">\u00c9puis\u00e9e, Abosede Ojedele confie \u00e0 l\u2019AFP ne plus vouloir envoyer ses enfants \u00e0 l\u2019\u00e9cole pour le moment, du moins pas dans la localit\u00e9.<\/p>\n<p class=\"mb-4 text-lg md:leading-8 break-words\">\u00ab\u00a0Il n\u2019y aura plus d\u2019\u00e9cole pour eux ici\u00a0\u00bb, affirme-t-elle.\u00a0\u00ab\u00a0Aucun parent n\u2019enverrait volontairement son enfant dans une \u00e9cole o\u00f9 des bandits ont enlev\u00e9 des \u00e9l\u00e8ves\u00a0\u00bb, ajoute-t-elle.<\/p>\n<p class=\"mb-4 text-lg md:leading-8 break-words\">La m\u00e8re de Deborah et Abosede, Funmilayo Ojo, est pleine de remords. C&rsquo;est elle qui avait encourag\u00e9 sa belle-fille Mary \u00e0 accepter un poste d\u2019enseignante \u00e0 Yawota et lui avait fait quitter la ville d&rsquo;Ogbomoso, \u00e0 41 kilom\u00e8tres de l\u00e0.<\/p>\n<p class=\"mb-4 text-lg md:leading-8 break-words\">Mary et son enfant de deux ans comptent parmi les 25 personnes enlev\u00e9es \u00e0 l\u2019\u00e9cole maternelle et primaire baptiste de Yawota.<\/p>\n<p class=\"mb-4 text-lg md:leading-8 break-words\">\u00ab\u00a0Je ne pourrai plus lui conseiller de continuer \u00e0 enseigner\u00a0\u00bb, d\u00e9plore la grand-m\u00e8re qui garde espoir de retrouver ses quatre petits-enfants et sa belle fille sains et saufs.<\/p>\n<p class=\"mb-4 text-lg md:leading-8 break-words\">Depuis le d\u00e9but de l\u2019insurrection de Boko Haram en 2009 dans le nord-est du pays, des groupes jihadistes ont \u00e9tabli leurs campements dans les zones foresti\u00e8res et parcs nationaux du Nigeria, profitant d&rsquo;une pr\u00e9sence de l\u2019\u00c9tat limit\u00e9e. Plusieurs ont peu \u00e0 peu gagn\u00e9 du terrain dans la moiti\u00e9 nord du Nigeria.<\/p>\n<p class=\"mb-4 text-lg md:leading-8 break-words\">Le lendemain des attaques des \u00e9coles, une \u00e9quipe de soldats, de membres d&rsquo;une force paramilitaire et de chasseurs a affront\u00e9 les assaillants pendant environ deux heures.<\/p>\n<p class=\"mb-4 text-lg md:leading-8 break-words\">\u00ab\u00a0Nous avons pris environ 40 motos et roul\u00e9 pendant cinq heures dans la r\u00e9serve\u00a0\u00bb, d\u00e9crit Waliu Aje, un chasseur qui a particip\u00e9 \u00e0 la traque.\u00a0\u00ab\u00a0Ils ont ouvert le feu en entendant le bruit de nos motos\u00a0\u00bb, se rem\u00e9more-t-il.\u00a0Une personne a \u00e9t\u00e9 tu\u00e9e et plusieurs bless\u00e9es par une bombe dissimul\u00e9e dans une moto abandonn\u00e9e, selon lui.<\/p>\n<p class=\"mb-4 text-lg md:leading-8 break-words\">&#8211; Rues silencieuses &#8211;<\/p>\n<p class=\"mb-4 text-lg md:leading-8 break-words\">Les localit\u00e9s de Yawota et Ahoro-Esinele ne disposaient d\u2019aucun dispositif de s\u00e9curit\u00e9 avant les attaques. Une unit\u00e9 militaire a depuis \u00e9t\u00e9 d\u00e9ploy\u00e9e dans l\u2019une des \u00e9coles vis\u00e9es pour prot\u00e9ger les habitants.<\/p>\n<p class=\"mb-4 text-lg md:leading-8 break-words\">Mais les villages ont \u00e9t\u00e9 d\u00e9sert\u00e9s, de nombreuses maisons et commerces gardent porte close, a constat\u00e9 l&rsquo;AFP.<\/p>\n<p class=\"mb-4 text-lg md:leading-8 break-words\">\u00c0 quelques kilom\u00e8tres, dans le village d\u2019Oko Ile, des enfants travaillent dans les champs, dans un joyeux chahut qui contraste avec le silence pesant des zones attaqu\u00e9es.<\/p>\n<p class=\"mb-4 text-lg md:leading-8 break-words\">\u00ab\u00a0Toutes les forces sont mobilis\u00e9es pour s\u2019assurer que ces enfants et leurs enseignants soient bient\u00f4t ramen\u00e9s sains et saufs\u00a0\u00bb, a affirm\u00e9 \u00e0 l&rsquo;AFP Fayoade Adegoke, le directeur adjoint de la police.<\/p>\n<p class=\"mb-4 text-lg md:leading-8 break-words\">L\u2019attaque, in\u00e9dite dans l\u2019\u00c9tat d\u2019Oyo, suscite des craintes d\u2019expansion jihadiste vers des r\u00e9gions jusque-l\u00e0 consid\u00e9r\u00e9es comme plus s\u00fbres. Elle repr\u00e9sente aussi un d\u00e9fi politique pour le pr\u00e9sident Bola Tinubu, qui briguera un second mandat en janvier.<\/p>\n<p class=\"mb-4 text-lg md:leading-8 break-words\">Le syndicat national des enseignants a demand\u00e9 au d\u00e9but du mois le retrait des professeurs des \u00e9coles jusqu\u2019\u00e0 nouvel ordre dans l\u2019\u00c9tat d&rsquo;Oyo. \u00ab\u00a0Nous ne nous sentons pas en s\u00e9curit\u00e9. Si cela a pu leur arriver l\u00e0-bas, personne n\u2019est en s\u00e9curit\u00e9\u00a0\u00bb, explique Gbeko Fatai, enseignant \u00e0 Iseyin, \u00e0 environ 55 kilom\u00e8tres de Yawota qui craint une baisse des inscriptions scolaires.<\/p>\n<p class=\"mb-4 text-lg md:leading-8 break-words\">Le pr\u00e9sident du syndicat dans l\u2019\u00c9tat d\u2019Oyo, Hassan Ajibola Fatai, affirme que des discussions sont en cours sur de nouvelles mesures de s\u00e9curit\u00e9 pour les zones rurales vuln\u00e9rables. \u00ab\u00a0Le gouvernement a pris la s\u00e9curit\u00e9 des \u00e9coles tr\u00e8s au s\u00e9rieux, et lorsque ces mesures seront mises en \u0153uvre, nous l\u00e8verons la gr\u00e8ve\u00a0\u00bb, assure-t-il.<\/p>\n<p class=\"mb-4 text-lg md:leading-8 break-words\">Au Nigeria, seuls 61 % des enfants \u00e2g\u00e9s de 6 \u00e0 11 ans fr\u00e9quentent r\u00e9guli\u00e8rement l\u2019\u00e9cole primaire, selon l&rsquo;Unicef.<\/p>\n<p class=\"mb-4 text-lg md:leading-8 break-words\">tba\/ks\/fvl\/am\/cpy<\/p>\n","protected":false},"excerpt":{"rendered":"Dans leur modeste maison du village de Yawota, dans l\u2019\u00c9tat d\u2019Oyo, au Nigeria, Deborah Oyedele et sa s\u0153ur&hellip;\n","protected":false},"author":2,"featured_media":136436,"comment_status":"","ping_status":"","sticky":false,"template":"","format":"standard","meta":{"footnotes":"","_share_on_mastodon":"0"},"categories":[176],"tags":[44927,11962,44928,192,16978,44502],"class_list":["post-136435","post","type-post","status-publish","format-standard","has-post-thumbnail","category-nigeria","tag-abosede-ojedele","tag-le-lendemain","tag-le-sud","tag-nigeria","tag-operation-de-sauvetage","tag-securite-des-enfants"],"share_on_mastodon":{"url":"https:\/\/pubeurope.com\/@afrique\/116787189025897718","error":""},"_links":{"self":[{"href":"https:\/\/www.europesays.com\/afrique\/wp-json\/wp\/v2\/posts\/136435","targetHints":{"allow":["GET"]}}],"collection":[{"href":"https:\/\/www.europesays.com\/afrique\/wp-json\/wp\/v2\/posts"}],"about":[{"href":"https:\/\/www.europesays.com\/afrique\/wp-json\/wp\/v2\/types\/post"}],"author":[{"embeddable":true,"href":"https:\/\/www.europesays.com\/afrique\/wp-json\/wp\/v2\/users\/2"}],"replies":[{"embeddable":true,"href":"https:\/\/www.europesays.com\/afrique\/wp-json\/wp\/v2\/comments?post=136435"}],"version-history":[{"count":0,"href":"https:\/\/www.europesays.com\/afrique\/wp-json\/wp\/v2\/posts\/136435\/revisions"}],"wp:featuredmedia":[{"embeddable":true,"href":"https:\/\/www.europesays.com\/afrique\/wp-json\/wp\/v2\/media\/136436"}],"wp:attachment":[{"href":"https:\/\/www.europesays.com\/afrique\/wp-json\/wp\/v2\/media?parent=136435"}],"wp:term":[{"taxonomy":"category","embeddable":true,"href":"https:\/\/www.europesays.com\/afrique\/wp-json\/wp\/v2\/categories?post=136435"},{"taxonomy":"post_tag","embeddable":true,"href":"https:\/\/www.europesays.com\/afrique\/wp-json\/wp\/v2\/tags?post=136435"}],"curies":[{"name":"wp","href":"https:\/\/api.w.org\/{rel}","templated":true}]}}