{"id":136779,"date":"2026-06-21T17:00:13","date_gmt":"2026-06-21T17:00:13","guid":{"rendered":"https:\/\/www.europesays.com\/afrique\/136779\/"},"modified":"2026-06-21T17:00:13","modified_gmt":"2026-06-21T17:00:13","slug":"les-plateformes-numeriques-bouleversent-le-marche-culturel-algerien","status":"publish","type":"post","link":"https:\/\/www.europesays.com\/afrique\/136779\/","title":{"rendered":"Les plateformes num\u00e9riques bouleversent le march\u00e9 culturel alg\u00e9rien"},"content":{"rendered":"<p>La r\u00e9volution num\u00e9rique transforme profond\u00e9ment les habitudes culturelles en Alg\u00e9rie. Cin\u00e9ma, musique, litt\u00e9rature et cr\u00e9ation audiovisuelle sont d\u00e9sormais confront\u00e9s \u00e0 un changement majeur : la domination croissante des plateformes num\u00e9riques dans les modes de consommation culturelle.<\/p>\n<p class=\"wp-block-paragraph\">Les jeunes g\u00e9n\u00e9rations acc\u00e8dent davantage aux \u0153uvres via les plateformes de streaming que par les circuits traditionnels. Cette \u00e9volution modifie la mani\u00e8re dont les artistes produisent, diffusent et financent leurs cr\u00e9ations.<\/p>\n<p class=\"wp-block-paragraph\">Pour les cr\u00e9ateurs, les opportunit\u00e9s sont r\u00e9elles. Les <a href=\"https:\/\/lematindalgerie.com\/le-triomphe-du-bruit-sur-la-pensee-autopsie-dune-societe-en-desordre\/\" rel=\"nofollow noopener\" target=\"_blank\">barri\u00e8res <\/a>d\u2019acc\u00e8s au public se r\u00e9duisent consid\u00e9rablement. Un musicien ou un vid\u00e9aste peut d\u00e9sormais atteindre une audience nationale, voire internationale, sans passer par les circuits institutionnels classiques. Pour autant, cela ne dynamise pas un secteur emp\u00eatr\u00e9 dans la censure, la morosit\u00e9, voire la m\u00e9diocrit\u00e9. <\/p>\n<p class=\"wp-block-paragraph\">En vrai, cette ouverture qu\u2019on peut qualifier de factice, s\u2019accompagne \u00e9galement de s\u00e9rieuses faiblesses. Les revenus g\u00e9n\u00e9r\u00e9s par les plateformes restent souvent faibles pour les producteurs locaux. Les contenus internationaux dominent largement les catalogues et b\u00e9n\u00e9ficient de moyens promotionnels incomparables. Et en la mati\u00e8re, les artistes artistes n\u2019en tirent que peu de dividendes.<\/p>\n<p class=\"wp-block-paragraph\">Le secteur du livre est lui aussi concern\u00e9. Les r\u00e9seaux sociaux jouent un r\u00f4le croissant dans la visibilit\u00e9 des auteurs. Certains ouvrages connaissent d\u00e9sormais leur succ\u00e8s gr\u00e2ce \u00e0 leur circulation num\u00e9rique avant m\u00eame leur diffusion en librairie. L\u00e0 encore, le contr\u00f4le totale par l\u2019Etat du secteur du livre, la censure et les interdictions de plusieurs salons de livres notamment en Kabylie ont s\u00e9rieusement mis \u00e0 mal<a href=\"https:\/\/lematindalgerie.com\/tag\/interdiction-de-koukou-editions\/\" type=\"post_tag\" id=\"17732\" rel=\"nofollow noopener\" target=\"_blank\"> certains \u00e9diteurs.<\/a><\/p>\n<p>\u00ab\u00a0Pour organiser notre salon du livre, il a fallu que je pr\u00e9sente un dossier d\u00e9taill\u00e9 \u00e0 la maison de la culture Mouloud Mammeri, laquelle se r\u00e9f\u00e8re au minist\u00e8re de la Culture, t\u00e9moigne un acteur de la vie associative en Kabylie. Evidemment, j&rsquo;ai supprim\u00e9 tous les noms d&rsquo;auteurs susceptibles de conduire \u00e0 une interdiction de notre salon. Nous sommes oblig\u00e9s d&rsquo;en arriver l\u00e0 si l&rsquo;on veut garder un semblant de culture, sinon c&rsquo;est la mort certaine\u00a0\u00bb<\/p>\n<p class=\"wp-block-paragraph\">Cette mutation soul\u00e8ve une question culturelle majeure : comment pr\u00e9server la diversit\u00e9 des expressions nationales dans un environnement domin\u00e9 par quelques acteurs technologiques mondiaux ?<\/p>\n<p class=\"wp-block-paragraph\">Plusieurs pays ont engag\u00e9 des politiques de soutien \u00e0 la production locale ou de r\u00e9gulation des plateformes. En Alg\u00e9rie, le d\u00e9bat commence \u00e0 \u00e9merger mais reste encore limit\u00e9.<\/p>\n<p class=\"wp-block-paragraph\">L\u2019enjeu d\u00e9passe la seule \u00e9conomie culturelle. Il concerne \u00e9galement la capacit\u00e9 d\u2019une soci\u00e9t\u00e9 \u00e0 produire ses propres r\u00e9cits, ses propres r\u00e9f\u00e9rences et ses propres imaginaires dans un espace num\u00e9rique de plus en plus globalis\u00e9.<\/p>\n<p class=\"wp-block-paragraph\">Les plateformes ont ouvert un espace in\u00e9dit de libert\u00e9 cr\u00e9ative. Reste \u00e0 savoir si cette ouverture permettra l\u2019\u00e9mergence durable d\u2019une industrie culturelle nationale ou si elle renforcera davantage la domination des contenus produits ailleurs.<\/p>\n<p class=\"wp-block-paragraph\">Lila Tazrout <\/p>\n","protected":false},"excerpt":{"rendered":"La r\u00e9volution num\u00e9rique transforme profond\u00e9ment les habitudes culturelles en Alg\u00e9rie. Cin\u00e9ma, musique, litt\u00e9rature et cr\u00e9ation audiovisuelle sont d\u00e9sormais&hellip;\n","protected":false},"author":2,"featured_media":136780,"comment_status":"","ping_status":"","sticky":false,"template":"","format":"standard","meta":{"footnotes":"","_share_on_mastodon":"0"},"categories":[85],"tags":[116,6839,4457,245,45002,16114],"class_list":["post-136779","post","type-post","status-publish","format-standard","has-post-thumbnail","category-algerie","tag-algerie","tag-censure","tag-cinema","tag-culture","tag-plateformes-numeriques","tag-salon-du-livre"],"share_on_mastodon":{"url":"https:\/\/pubeurope.com\/@afrique\/116789171063447496","error":""},"_links":{"self":[{"href":"https:\/\/www.europesays.com\/afrique\/wp-json\/wp\/v2\/posts\/136779","targetHints":{"allow":["GET"]}}],"collection":[{"href":"https:\/\/www.europesays.com\/afrique\/wp-json\/wp\/v2\/posts"}],"about":[{"href":"https:\/\/www.europesays.com\/afrique\/wp-json\/wp\/v2\/types\/post"}],"author":[{"embeddable":true,"href":"https:\/\/www.europesays.com\/afrique\/wp-json\/wp\/v2\/users\/2"}],"replies":[{"embeddable":true,"href":"https:\/\/www.europesays.com\/afrique\/wp-json\/wp\/v2\/comments?post=136779"}],"version-history":[{"count":0,"href":"https:\/\/www.europesays.com\/afrique\/wp-json\/wp\/v2\/posts\/136779\/revisions"}],"wp:featuredmedia":[{"embeddable":true,"href":"https:\/\/www.europesays.com\/afrique\/wp-json\/wp\/v2\/media\/136780"}],"wp:attachment":[{"href":"https:\/\/www.europesays.com\/afrique\/wp-json\/wp\/v2\/media?parent=136779"}],"wp:term":[{"taxonomy":"category","embeddable":true,"href":"https:\/\/www.europesays.com\/afrique\/wp-json\/wp\/v2\/categories?post=136779"},{"taxonomy":"post_tag","embeddable":true,"href":"https:\/\/www.europesays.com\/afrique\/wp-json\/wp\/v2\/tags?post=136779"}],"curies":[{"name":"wp","href":"https:\/\/api.w.org\/{rel}","templated":true}]}}