{"id":136827,"date":"2026-06-21T18:09:28","date_gmt":"2026-06-21T18:09:28","guid":{"rendered":"https:\/\/www.europesays.com\/afrique\/136827\/"},"modified":"2026-06-21T18:09:28","modified_gmt":"2026-06-21T18:09:28","slug":"video-coupe-du-monde-la-tunisie-ny-arrive-pas-curacao-insubmersible-les-resumes-des-matches-de-la-nuit","status":"publish","type":"post","link":"https:\/\/www.europesays.com\/afrique\/136827\/","title":{"rendered":"VID\u00c9O. Coupe du monde\u00a0: la Tunisie n\u2019y arrive pas, Cura\u00e7ao insubmersible\u2026 Les r\u00e9sum\u00e9s des matches de la nuit"},"content":{"rendered":"<p>Apr\u00e8s deux \u00e9checs traumatisants en 2018 et 2022, l\u2019Allemagne est parvenue \u00e0 sortir de son groupe pour avancer en 16es de finale du Mondial, dont se sont rapproch\u00e9s les Pays-Bas et le Japon, au contraire de la Tunisie d\u00e9j\u00e0 \u00e9limin\u00e9e.<\/p>\n<p>\u00c0 Toronto, les Allemands <a href=\"https:\/\/www.ouest-france.fr\/sport\/coupe-du-monde\/direct\/direct-allemagne-cote-d-ivoire-suivez-le-match-du-groupe-e-de-la-coupe-du-monde-en-live-762ff773-3ccc-4919-b7d4-e7188c471ac9\" target=\"_blank\" rel=\"nofollow noopener\">ont renvers\u00e9 in extremis\u00a0(2-1)<\/a> les Ivoiriens qui ont pourtant men\u00e9 au score dans un choc qui a tenu ses promesses. \u00c0 Houston, les N\u00e9erlandais, gr\u00e2ce \u00e0 leur attaque d\u00e9brid\u00e9e, <a href=\"https:\/\/www.ouest-france.fr\/sport\/coupe-du-monde\/direct\/direct-pays-bas-suede-suivez-le-match-du-groupe-f-de-la-coupe-du-monde-en-live-0e1c3f5c-d205-4b05-a3f7-f6800863c25d\" target=\"_blank\" rel=\"nofollow noopener\">ont fait voler en \u00e9clats la Su\u00e8de\u00a0(5-1)<\/a>. \u00c0 Monterrey, le 1\u00a0000e match du Mondial a vu <a href=\"https:\/\/www.ouest-france.fr\/sport\/coupe-du-monde\/direct\/direct-tunisie-japon-suivez-le-match-de-coupe-du-monde-en-live-e52731ee-2f65-4aa5-bb3c-eb5c71cc7b83\" target=\"_blank\" rel=\"nofollow noopener\">les Japonais balayer\u00a0(4-0)<\/a> de bien faibles Tunisiens.<\/p>\n<p>        La Mannschaft douze ans apr\u00e8s<\/p>\n<p>Difficile \u00e0 croire quand on \u00e9voque les Allemands, quadruples champions du monde, mais le fait est qu\u2019ils n\u2019\u00e9taient plus sortis qualifi\u00e9s d\u2019une phase de groupe depuis 2014. C\u2019\u00e9tait au Br\u00e9sil et ils avaient fini par coudre une quatri\u00e8me \u00e9toile sur leur maillot.<\/p>\n<p>Manuel Neuer \u00e9tait d\u00e9j\u00e0 pr\u00e9sent, en train de r\u00e9volutionner le poste de gardien avec des airs de libero, fort d\u2019un jeu au pied valant bien celui de nombreux joueurs de champ. Alors forc\u00e9ment, ce duel du groupe E, face \u00e0 des Ivoiriens qui avaient \u00e9galement entam\u00e9 le tournoi par une victoire contre l\u2019\u00c9quateur, avait une saveur particuli\u00e8re puisque c\u2019\u00e9tait l\u00e0 le 21e match du joueur du Bayern en Coupe du monde, un record qui laisse Hugo Lloris juste derri\u00e8re. Mais au grand dam du gardien de 40\u00a0ans, ce sont les \u00c9l\u00e9phants qui ont ouvert le score par Franck Kessi\u00e9, opportuniste dans la surface pour reprendre une reprise contr\u00e9e d\u2019Amad Diallo\u00a0(30\u2019). Un but m\u00e9rit\u00e9 refl\u00e9tant l\u2019excellente premi\u00e8re p\u00e9riode ivoirienne.<\/p>\n<p>En seconde p\u00e9riode, les Allemands ont r\u00e9ussi \u00e0 forcer la d\u00e9cision, par l\u2019interm\u00e9diaire de Deniz Undav, qui a remplac\u00e9 Jamal Musiala gu\u00e8re en vue. L\u2019attaquant de Stuttgart a d\u2019abord repris de pr\u00e8s un centre de Nadiem Amiri\u00a0(68\u2019), puis il a marqu\u00e9 d\u2019un tir en pivot apr\u00e8s une lumineuse ouverture de Felix Nmecha dans le temps additionnel (90\u2019+4).<\/p>\n<p>        Un point historique pour Cura\u00e7ao<\/p>\n<p>L\u2019Allemagne, troisi\u00e8me nation qualifi\u00e9e apr\u00e8s le Mexique et les \u00c9tats-Unis, est en outre assur\u00e9e de finir en t\u00eate du groupe E, <a href=\"https:\/\/www.ouest-france.fr\/sport\/coupe-du-monde\/coupe-du-monde-porte-par-son-gardien-curacao-decroche-un-point-historique-contre-lequateur-8285e4dc-6d26-11f1-bda1-40414195e76f\" target=\"_blank\" rel=\"nofollow noopener\">puisque l\u2019\u00c9quateur et Cura\u00e7ao sont rest\u00e9s dos \u00e0 dos\u00a0(0-0)<\/a>, \u00e0 Kansas City. Un premier point historique pour le plus petit participant de l\u2019\u00e9preuve, qui jouera sa qualification face \u00e0 la C\u00f4te d\u2019Ivoire, en meilleure posture avec ses 3\u00a0points.<\/p>\n<p>        Les Pays-Bas d\u00e9collent<\/p>\n<p>Apr\u00e8s leur entr\u00e9e en mati\u00e8re cors\u00e9e contre le Japon\u00a0(2-2), les N\u00e9erlandais ont \u00e9t\u00e9 impressionnants contre des Su\u00e9dois totalement d\u00e9pass\u00e9s. Le s\u00e9lectionneur Ronald Koeman n\u2019avait op\u00e9r\u00e9 qu\u2019un changement, mais quel changement\u00a0! Brian Brobbey, positionn\u00e9 en pointe pour apporter sa pr\u00e9sence physique et sa percussion, a marqu\u00e9 deux buts en moins de 17\u00a0minutes.<\/p>\n<p>Cody Gakpo, l\u2019ailier de Liverpool, y est all\u00e9 ensuite de son propre doubl\u00e9, avant que Crysencio Summerville, sorti du banc, ne vienne enfoncer le clou\u00a0(5-1). Les Pays-Bas, qui comptent parmi les s\u00e9rieux outsiders du Mondial, sont en t\u00eate du groupe F avec 4\u00a0points, comme le Japon qui compte la m\u00eame diff\u00e9rence de buts\u00a0(+\u00a04) mais en a marqu\u00e9 un de moins que les N\u00e9erlandais, en d\u00e9pit de la correction inflig\u00e9e aux Tunisiens.<\/p>\n<p>        La Tunisie au fond du trou<\/p>\n<p>Pour les Aigles de Carthage, il n\u2019y a pas eu d\u2019effet Herv\u00e9 Renard, nomm\u00e9 quatre jours apr\u00e8s avoir remplac\u00e9 Sabri Lamouchi, limog\u00e9 dans la foul\u00e9e de la d\u00e9route contre la Su\u00e8de\u00a0(5-1). La punition a \u00e9t\u00e9 la m\u00eame dans les grandes largeurs, comme celles offertes en d\u00e9fense aux \u00ab\u00a0Samoura\u00efs bleus\u00a0\u00bb qui se sont r\u00e9gal\u00e9s \u00e0 l\u2019image d\u2019Ayase Ueda auteur d\u2019un doubl\u00e9.<\/p>\n<p>Lire aussi\u00a0:  <a href=\"https:\/\/www.ouest-france.fr\/sport\/coupe-du-monde\/la-tunisie-pire-equipe-de-lhistoire-de-la-coupe-du-monde-ce-que-disent-les-statistiques-f8b848cc-6d42-11f1-bda1-40414195e76f\" target=\"_blank\" rel=\"nofollow noopener\">La Tunisie pire \u00e9quipe de l\u2019histoire de la Coupe du monde\u00a0? Ce que disent les statistiques<\/a><\/p>\n<p>\u00c0 sens unique, le 1\u00a0000e match de l\u2019histoire de la comp\u00e9tition, cr\u00e9\u00e9e par Jules Rimet et \u00e9trenn\u00e9e en Uruguay en 1930, aura au moins \u00e9t\u00e9 prolifique en buts. De quoi garder un rythme \u00e9lev\u00e9 dans ce d\u00e9but d\u2019\u00e9dition puisque 109\u00a0ont \u00e9t\u00e9 marqu\u00e9s en 36\u00a0rencontres\u00a0(3\u00a0de moyenne).<\/p>\n","protected":false},"excerpt":{"rendered":"Apr\u00e8s deux \u00e9checs traumatisants en 2018 et 2022, l\u2019Allemagne est parvenue \u00e0 sortir de son groupe pour avancer&hellip;\n","protected":false},"author":2,"featured_media":136828,"comment_status":"","ping_status":"","sticky":false,"template":"","format":"standard","meta":{"footnotes":"","_share_on_mastodon":"0"},"categories":[120],"tags":[1012,2631,23316,12576,37572,22215,38721,23554,38720,7098,308,46,124],"class_list":["post-136827","post","type-post","status-publish","format-standard","has-post-thumbnail","category-tunisie","tag-actualite-en-continu","tag-coupe-du-monde-de-football","tag-equipe-allemagne-football","tag-equipe-cote-divoire-football","tag-equipe-curacao-football","tag-equipe-equateur-football","tag-equipe-japon-football","tag-equipe-pays-bas-football","tag-equipe-suede-football","tag-equipe-tunisie-football","tag-football","tag-sport","tag-tunisie"],"share_on_mastodon":{"url":"https:\/\/pubeurope.com\/@afrique\/116789442303036545","error":""},"_links":{"self":[{"href":"https:\/\/www.europesays.com\/afrique\/wp-json\/wp\/v2\/posts\/136827","targetHints":{"allow":["GET"]}}],"collection":[{"href":"https:\/\/www.europesays.com\/afrique\/wp-json\/wp\/v2\/posts"}],"about":[{"href":"https:\/\/www.europesays.com\/afrique\/wp-json\/wp\/v2\/types\/post"}],"author":[{"embeddable":true,"href":"https:\/\/www.europesays.com\/afrique\/wp-json\/wp\/v2\/users\/2"}],"replies":[{"embeddable":true,"href":"https:\/\/www.europesays.com\/afrique\/wp-json\/wp\/v2\/comments?post=136827"}],"version-history":[{"count":0,"href":"https:\/\/www.europesays.com\/afrique\/wp-json\/wp\/v2\/posts\/136827\/revisions"}],"wp:featuredmedia":[{"embeddable":true,"href":"https:\/\/www.europesays.com\/afrique\/wp-json\/wp\/v2\/media\/136828"}],"wp:attachment":[{"href":"https:\/\/www.europesays.com\/afrique\/wp-json\/wp\/v2\/media?parent=136827"}],"wp:term":[{"taxonomy":"category","embeddable":true,"href":"https:\/\/www.europesays.com\/afrique\/wp-json\/wp\/v2\/categories?post=136827"},{"taxonomy":"post_tag","embeddable":true,"href":"https:\/\/www.europesays.com\/afrique\/wp-json\/wp\/v2\/tags?post=136827"}],"curies":[{"name":"wp","href":"https:\/\/api.w.org\/{rel}","templated":true}]}}