{"id":139183,"date":"2026-06-24T08:46:49","date_gmt":"2026-06-24T08:46:49","guid":{"rendered":"https:\/\/www.europesays.com\/afrique\/139183\/"},"modified":"2026-06-24T08:46:49","modified_gmt":"2026-06-24T08:46:49","slug":"ouganda-lopposant-erias-lukwago-poursuivi-pour-complicite-de-trahison-apres-son-enlevement-2","status":"publish","type":"post","link":"https:\/\/www.europesays.com\/afrique\/139183\/","title":{"rendered":"Ouganda : L&rsquo;opposant Erias Lukwago poursuivi pour \u00abcomplicit\u00e9 de trahison \u00bb apr\u00e8s son enl\u00e8vement"},"content":{"rendered":"<p>\u00a9 Koaci.com &#8211; jeudi 18 juin 2026 &#8211; 11:57<\/p>\n<p><a href=\"https:\/\/www.koaci.com\/recherche?search=Erias+Lukwago\" rel=\"nofollow noopener\" target=\"_blank\">Erias Lukwago<\/a><\/p>\n<p>L\u2019avocat et homme politique ougandais <a href=\"https:\/\/www.koaci.com\/recherche?search=Erias+Lukwago\" rel=\"nofollow noopener\" target=\"_blank\">Erias Lukwago<\/a> a comparu mercredi devant un tribunal de Kampala, o\u00f9 il a \u00e9t\u00e9 inculp\u00e9 pour non-d\u00e9nonciation pr\u00e9sum\u00e9e d\u2019un acte de trahison.<\/p>\n<p>Proche de l\u2019opposant historique <a href=\"https:\/\/www.koaci.com\/recherche?search=Kizza+Besigye\" rel=\"nofollow noopener\" target=\"_blank\">Kizza Besigye<\/a>, Lukwago est accus\u00e9 de ne pas avoir inform\u00e9 les autorit\u00e9s d\u2019un suppos\u00e9 complot pr\u00e9par\u00e9 au Kenya entre 2021 et 2024.\u00a0<\/p>\n<p>S\u2019il est reconnu coupable, il risque une peine pouvant aller jusqu\u2019\u00e0 la r\u00e9clusion \u00e0 perp\u00e9tuit\u00e9.<\/p>\n<p>Son arrestation intervient apr\u00e8s son enl\u00e8vement pr\u00e9sum\u00e9 le 15 juin \u00e0 son domicile par des hommes en tenue militaire, selon ses proches.<\/p>\n<p><\/p>\n<p>D\u2019apr\u00e8s des informations relay\u00e9es par des responsables ougandais, il aurait \u00e9t\u00e9 d\u00e9tenu pendant deux jours avant d\u2019\u00eatre transf\u00e9r\u00e9 au commissariat de Kira, au nord-est de Kampala.<\/p>\n<p>Son avocat, Medard Sseggona, affirme que l\u2019accusation repose uniquement sur le fait que son client aurait eu connaissance d\u2019infractions attribu\u00e9es \u00e0 d\u2019autres personnes poursuivies pour trahison sans les avoir signal\u00e9es.<\/p>\n<p>Cette proc\u00e9dure intervient dans un climat de tensions croissantes entre le pouvoir ougandais et les forces d\u2019opposition, qui d\u00e9noncent r\u00e9guli\u00e8rement des restrictions contre leurs activit\u00e9s politiques.<\/p>\n","protected":false},"excerpt":{"rendered":"\u00a9 Koaci.com &#8211; jeudi 18 juin 2026 &#8211; 11:57 Erias Lukwago L\u2019avocat et homme politique ougandais Erias Lukwago&hellip;\n","protected":false},"author":2,"featured_media":133888,"comment_status":"","ping_status":"","sticky":false,"template":"","format":"standard","meta":{"footnotes":"","_share_on_mastodon":"0"},"categories":[177],"tags":[281,280,251,279,14478,285,314,126],"class_list":["post-139183","post","type-post","status-publish","format-standard","has-post-thumbnail","category-ouganda","tag-actualite","tag-article","tag-info","tag-koaci","tag-koaci-ouganda","tag-l","tag-ouganda","tag-politique"],"share_on_mastodon":{"url":"https:\/\/pubeurope.com\/@afrique\/116804219130579804","error":""},"_links":{"self":[{"href":"https:\/\/www.europesays.com\/afrique\/wp-json\/wp\/v2\/posts\/139183","targetHints":{"allow":["GET"]}}],"collection":[{"href":"https:\/\/www.europesays.com\/afrique\/wp-json\/wp\/v2\/posts"}],"about":[{"href":"https:\/\/www.europesays.com\/afrique\/wp-json\/wp\/v2\/types\/post"}],"author":[{"embeddable":true,"href":"https:\/\/www.europesays.com\/afrique\/wp-json\/wp\/v2\/users\/2"}],"replies":[{"embeddable":true,"href":"https:\/\/www.europesays.com\/afrique\/wp-json\/wp\/v2\/comments?post=139183"}],"version-history":[{"count":0,"href":"https:\/\/www.europesays.com\/afrique\/wp-json\/wp\/v2\/posts\/139183\/revisions"}],"wp:featuredmedia":[{"embeddable":true,"href":"https:\/\/www.europesays.com\/afrique\/wp-json\/wp\/v2\/media\/133888"}],"wp:attachment":[{"href":"https:\/\/www.europesays.com\/afrique\/wp-json\/wp\/v2\/media?parent=139183"}],"wp:term":[{"taxonomy":"category","embeddable":true,"href":"https:\/\/www.europesays.com\/afrique\/wp-json\/wp\/v2\/categories?post=139183"},{"taxonomy":"post_tag","embeddable":true,"href":"https:\/\/www.europesays.com\/afrique\/wp-json\/wp\/v2\/tags?post=139183"}],"curies":[{"name":"wp","href":"https:\/\/api.w.org\/{rel}","templated":true}]}}