{"id":139313,"date":"2026-06-24T11:45:13","date_gmt":"2026-06-24T11:45:13","guid":{"rendered":"https:\/\/www.europesays.com\/afrique\/139313\/"},"modified":"2026-06-24T11:45:13","modified_gmt":"2026-06-24T11:45:13","slug":"mondial-2026-fact-checking-echec-de-la-tunisie-ali-abdi-accuse-la-politique-de-rajeunissement-de-la-ftf","status":"publish","type":"post","link":"https:\/\/www.europesays.com\/afrique\/139313\/","title":{"rendered":"Mondial 2026. Fact checking : Echec de la Tunisie, Ali Abdi accuse la politique de rajeunissement de la FTF"},"content":{"rendered":"<p>A la sortie de <a href=\"https:\/\/www.lecourrierdelatlas.com\/mondial-tunisie-japon-a-monterrey-le-naufrage-dune-selection-sans-reperes\/\" target=\"_blank\" rel=\"noopener nofollow\">la rencontre Tunisie \u2013 Japon<\/a> lundi au mondial (0 \u2013 4), le d\u00e9fenseur tunisien Ali Abdi, \u00e9mu mais inquisiteur, a fait une d\u00e9claration pol\u00e9mique qui continue de faire r\u00e9agir 72 heures plus tard. Des propos qui accusent essentiellement la politique de rajeunissement de l\u2019effectif. Des all\u00e9gations qui ne r\u00e9sistent pas toutefois \u00e0 l\u2019\u00e9preuve de l\u2019analyse des faits. <\/p>\n<p>L\u2019heure est d\u00e9j\u00e0 \u00e0 la reddition des comptes au lendemain de l\u2019immense d\u00e9ception qui plane sur l\u2019\u00e9quipe de Tunisie au terme de la double lourde d\u00e9faite conc\u00e9d\u00e9e face \u00e0 la Su\u00e8de d\u2019abord, puis face au Japon dimanche \u00e0 l\u2019aube, ce qui scelle l\u2019\u00e9limination quasi acquise d\u00e9sormais des Aigles de cette Coupe du monde. Visiblement \u00e9mu avant d\u2019entrer aux vestiaires, le lat\u00e9ral arri\u00e8re gauche tunisien Ali Abdi (32 ans, OGC Nice) n\u2019a pas cach\u00e9 son m\u00e9contentement face \u00e0 la situation que traverse la s\u00e9lection. Appel\u00e9 \u00e0 r\u00e9pondre aux questions des m\u00e9dias, il a exprim\u00e9 sa col\u00e8re et sa tristesse apr\u00e8s cette \u00e9limination pr\u00e9coce du Mondial. Mais l\u2019\u00e9motion, m\u00eame l\u00e9gitime, n\u2019excuse pas un certain nombre d\u2019approximations.<\/p>\n<p>\u00ab Je pr\u00e9sente mes excuses aux supporters, ce qui nous arrive est incompr\u00e9hensible \u00bb. Le d\u00e9fenseur tunisien a \u00e9galement pr\u00e9sent\u00e9 ses excuses \u00e0 <a href=\"https:\/\/www.lecourrierdelatlas.com\/mondial-tunisie-herve-renard-appele-a-la-rescousse-apres-le-fiasco-suedois\/\" target=\"_blank\" rel=\"noopener nofollow\">l\u2019entra\u00eeneur fran\u00e7ais Herv\u00e9 Renard<\/a>, arriv\u00e9 \u00e0 la t\u00eate de l\u2019\u00e9quipe dans des circonstances exceptionnelles pour succ\u00e9der \u00e0 Sabri Lamouchi. Selon lui, le temps n\u2019a pas \u00e9t\u00e9 suffisant pour op\u00e9rer les changements n\u00e9cessaires.<\/p>\n<p>\u00a0<\/p>\n<p>Des accusations infond\u00e9es<\/p>\n<p>Mais Ali Abdi ne s\u2019est pas limit\u00e9 aux excuses. Il a aussi adress\u00e9 des critiques directes \u00e0 la F\u00e9d\u00e9ration tunisienne de football : \u00ab Nous n\u2019avons pas le temps de travailler : \u00e0 chaque fois, nous cassons tout pour tout reconstruire, au lieu de corriger les d\u00e9fauts. \u00bb En filigrane, le joueur a \u00e9galement critiqu\u00e9 les choix de l\u2019ancien s\u00e9lectionneur Sabri Lamouchi, estimant que l\u2019\u00e9quipe n\u2019\u00e9tait pas engag\u00e9e sur la bonne voie d\u00e8s le d\u00e9part. \u00ab Nous venons jouer un Mondial avec des joueurs qui n\u2019ont jamais jou\u00e9 ensemble auparavant. Construire une s\u00e9lection comp\u00e9titive exige du temps et de la stabilit\u00e9\u2026\u00a0Nous voulions le rajeunissement, eh bien voil\u00e0 le r\u00e9sultat\u00a0! \u00bb, a-t-il ajout\u00e9.<\/p>\n<p>Il s\u2019agit l\u00e0 de la premi\u00e8re contre-v\u00e9rit\u00e9 manifeste de Abdi. Examinons \u00e0 titre d\u2019exemple la composition de la Tunisie lors de <a href=\"https:\/\/www.lecourrierdelatlas.com\/la-tunisie-accroche-le-bresil-a-lille-dans-un-amical-de-prestige\/\" target=\"_blank\" rel=\"noopener nofollow\">la rencontre amicale de prestige opposant la Tunisie au Br\u00e9sil<\/a>, disput\u00e9e il y a 7 mois, le 18 novembre 2025 \u00e0 Lille, o\u00f9 les deux \u00e9quipes se sont quitt\u00e9es sur un tr\u00e8s flatteur score de parit\u00e9 (1-1), lorsque \u00ab\u00a0tout allait bien\u00a0\u00bb, \u00e0 en croire Abdi.<\/p>\n<p>Le s\u00e9lectionneur Sami Trabelsi avait alors align\u00e9 une formation plut\u00f4t d\u00e9fensive, con\u00e7ue pour faire face \u00e0 la puissance offensive de la Sele\u00e7\u00e3o : Gardien : Aymen Dahmen. D\u00e9fenseurs : Yan Valery, Yassine Meriah, Dylan Bronn, Montassar Talbi, Ali Abdi (remplac\u00e9 par Mortadha Ben Ouanes). Milieux de terrain : Ellyes Skhiri, Ferjani Sassi (Capitaine), Hannibal Mejbri (remplac\u00e9 par Isma\u00ebl Gharbi). Attaquants : Elias Saad (remplac\u00e9 par Elias Achouri), Hamza Mastouri.<\/p>\n<p>Seuls deux \u00e9l\u00e9ments uniquement ne figurent pas sur la feuille de match Tunisie \u2013 Japon au Mondial 2026\u00a0pour n\u2019avoir pas \u00e9t\u00e9 s\u00e9lectionn\u00e9s : le milieu Ferjani Sassi extr\u00eamement critiqu\u00e9 pour ses performances en d\u00e9clin, et le d\u00e9fenseur Yassine Meriah, \u00e9galement contest\u00e9 au vu de ses performances r\u00e9centes en club avec l\u2019Esp\u00e9rance de Tunis.<\/p>\n<p>Mieux, la moyenne d\u2019\u00e2ge des joueurs tunisiens pr\u00e9sents sur le terrain est de plus de 27 ans, aucune des jeunes recrues tunisiennes n\u2019ayant dispos\u00e9 de la moindre minute de jeu jusqu\u2019ici, hormis le gardien Mouhib Chammekh (24 ans) qui n\u2019a notamment jou\u00e9 qu\u2019une rencontre sur deux.<\/p>\n<p>Le jeune <a href=\"https:\/\/www.lecourrierdelatlas.com\/khalil-ayari-jeune-prodige-tunisien-signe-au-psg\/\" target=\"_blank\" rel=\"noopener nofollow\">talent offensif Khalil Ayari (20 ans)<\/a>, qui a sign\u00e9 au PSG en septembre 2025, n\u2019aura en effet pas \u00e9t\u00e9 retenu ne serait-ce qu\u2019en rempla\u00e7ant rentrant ni par Lamouchi ni par Renard, au grand dam des supporters qui auraient aim\u00e9 le voir comme alternative lorsque les Aigles n\u2019avaient plus grand-chose \u00e0 perdre.<\/p>\n<p>\u00ab\u00a0C\u2019est une d\u00e9claration populiste destin\u00e9e \u00e0 tromper l\u2019opinion\u00a0! A titre de comparaison, le Maroc aura en somme op\u00e9r\u00e9 davantage de changements dans sa s\u00e9lection depuis sa finale en Coupe d\u2019Afrique des nations que ne l\u2019ont fait les tr\u00e8s conservateurs coachs de la Tunisie en ce Mondial\u00a0\u00bb, <a href=\"https:\/\/www.youtube.com\/watch?v=AdJFZ08ttbM\" target=\"_blank\" rel=\"noopener nofollow\">ironise \u00e0 juste titre le plateau sportif<\/a> du m\u00e9dia Misk FM qui pointe du doigt le caract\u00e8re de surcro\u00eet irresponsable des propos d\u2019un cadre de la s\u00e9lection tunisienne comme Abdi, cens\u00e9 veiller \u00e0 la coh\u00e9sion du groupe. \u00ab\u00a0Au lieu de cela, il a ces mots d\u00e9sobligeants \u00e0 l\u2019\u00e9gard de ses jeunes camarades, au moment m\u00eame o\u00f9 la comp\u00e9tition n\u2019est pas encore termin\u00e9e\u00a0\u00bb, note un analyste pour qui Abdi est simplement \u00ab\u00a0m\u00e9content que l\u2019on ait \u00e9cart\u00e9 deux de ses vieux potes\u00a0\u00bb.<\/p>\n<p>\u00a0<\/p>\n<p>Donn\u00e9es erron\u00e9es \u00e0 propos de la s\u00e9lection japonaise<\/p>\n<p>Par ailleurs, le lat\u00e9ral gauche tunisien a \u00e9voqu\u00e9, \u00e0 demi-mot, la mani\u00e8re dont l\u2019ancien staff technique dirig\u00e9 par Sami Trabelsi avait \u00e9t\u00e9 \u00e9cart\u00e9 apr\u00e8s l\u2019\u00e9limination de la Coupe d\u2019Afrique des nations 2026, organis\u00e9e au Maroc. \u00ab On a sacrifi\u00e9 Trabelsi au lieu de corriger les erreurs et de construire apr\u00e8s la CAN. Regardez l\u2019\u00e9quipe japonaise que nous avons affront\u00e9e : elle s\u2019appuie sur le m\u00eame groupe que j\u2019avais personnellement rencontr\u00e9 en 2022. Nous, au contraire, nous changeons toute l\u2019\u00e9quipe au lieu de b\u00e2tir et de corriger \u00bb, a-t-il d\u00e9clar\u00e9.<\/p>\n<p>C\u2019est totalement faux. En v\u00e9rifiant les compositions respectives du Japon <a href=\"https:\/\/www.footballdatabase.eu\/fr\/match\/resume\/2395742-japon-tunisie\" target=\"_blank\" rel=\"noopener nofollow\">\u00e0 la Kirin Cup en 2022<\/a> (victoire de la Tunisie 3-0) et \u00e0 la deuxi\u00e8me journ\u00e9e <a href=\"https:\/\/www.footmercato.net\/a7576555607030513741-tunisie-japon-les-compositions-officielles\" target=\"_blank\" rel=\"noopener nofollow\">face \u00e0 la Tunisie au Mondial<\/a>, seuls quatre joueurs japonais figurent sur les deux compos\u00a0: Ito, Kamada, Itakura, et Kamada. Un degr\u00e9 d\u2019approximation qui confine donc \u00e0 l\u2019intox.<\/p>\n<p>Soyons clairs, il ne s\u2019agit pas ici de mettre en doute l\u2019authenticit\u00e9 de l\u2019\u00e9motion d\u2019Ali Abdi, mais de r\u00e9tablir certaines v\u00e9rit\u00e9s factuelles, sans pour autant d\u00e9douaner la F\u00e9d\u00e9ration tunisienne de football de nombre d\u2019erreurs de gestion. Vouloir anticiper un retour houleux au pays est une chose, mais induire l\u2019opinion en erreur en est une autre. Car ce n\u2019est vraisemblablement pas en rappelant d\u2019anciens joueurs en s\u00e9lection que la Tunisie pourra avancer. Miser sur la d\u00e9couverte de talents pr\u00e9coces et de binationaux, m\u00eame \u00e0 quelques encablures du Mondial, est probablement ce qu\u2019on peut reprocher le moins \u00e0 la FTF.<\/p>\n","protected":false},"excerpt":{"rendered":"A la sortie de la rencontre Tunisie \u2013 Japon lundi au mondial (0 \u2013 4), le d\u00e9fenseur tunisien&hellip;\n","protected":false},"author":2,"featured_media":139314,"comment_status":"","ping_status":"","sticky":false,"template":"","format":"standard","meta":{"footnotes":"","_share_on_mastodon":"0"},"categories":[120],"tags":[5824,15180,34999,2352,2421,1976,124],"class_list":["post-139313","post","type-post","status-publish","format-standard","has-post-thumbnail","category-tunisie","tag-aigles-de-carthage","tag-ali-abdi","tag-elimination","tag-fact-checking","tag-japon","tag-mondial-2026","tag-tunisie"],"share_on_mastodon":{"url":"https:\/\/pubeurope.com\/@afrique\/116804919251859039","error":""},"_links":{"self":[{"href":"https:\/\/www.europesays.com\/afrique\/wp-json\/wp\/v2\/posts\/139313","targetHints":{"allow":["GET"]}}],"collection":[{"href":"https:\/\/www.europesays.com\/afrique\/wp-json\/wp\/v2\/posts"}],"about":[{"href":"https:\/\/www.europesays.com\/afrique\/wp-json\/wp\/v2\/types\/post"}],"author":[{"embeddable":true,"href":"https:\/\/www.europesays.com\/afrique\/wp-json\/wp\/v2\/users\/2"}],"replies":[{"embeddable":true,"href":"https:\/\/www.europesays.com\/afrique\/wp-json\/wp\/v2\/comments?post=139313"}],"version-history":[{"count":0,"href":"https:\/\/www.europesays.com\/afrique\/wp-json\/wp\/v2\/posts\/139313\/revisions"}],"wp:featuredmedia":[{"embeddable":true,"href":"https:\/\/www.europesays.com\/afrique\/wp-json\/wp\/v2\/media\/139314"}],"wp:attachment":[{"href":"https:\/\/www.europesays.com\/afrique\/wp-json\/wp\/v2\/media?parent=139313"}],"wp:term":[{"taxonomy":"category","embeddable":true,"href":"https:\/\/www.europesays.com\/afrique\/wp-json\/wp\/v2\/categories?post=139313"},{"taxonomy":"post_tag","embeddable":true,"href":"https:\/\/www.europesays.com\/afrique\/wp-json\/wp\/v2\/tags?post=139313"}],"curies":[{"name":"wp","href":"https:\/\/api.w.org\/{rel}","templated":true}]}}