{"id":140346,"date":"2026-06-25T12:30:17","date_gmt":"2026-06-25T12:30:17","guid":{"rendered":"https:\/\/www.europesays.com\/afrique\/140346\/"},"modified":"2026-06-25T12:30:17","modified_gmt":"2026-06-25T12:30:17","slug":"cote-divoire-sur-quelle-chaine-et-a-quelle-heure-voir-le-match-de-la-coupe-du-monde-2026-en-direct-2","status":"publish","type":"post","link":"https:\/\/www.europesays.com\/afrique\/140346\/","title":{"rendered":"C\u00f4te d\u2019Ivoire\u00a0: sur quelle cha\u00eene et \u00e0 quelle heure voir le match de la Coupe du Monde 2026 en direct\u00a0?"},"content":{"rendered":"<p>Petit pays de 150\u00a0000\u00a0habitants, Cura\u00e7ao a marqu\u00e9 l\u2019histoire de la Coupe du Monde 2026. Apr\u00e8s des d\u00e9buts difficiles face \u00e0 l\u2019Allemagne\u00a0(7-1), la Vague Bleue a cr\u00e9\u00e9 la surprise samedi dernier en tenant l\u2019\u00c9quateur en \u00e9chec\u00a0(0-0). Cette performance, la premi\u00e8re de son histoire dans le tournoi, permet \u00e0 la 82\u00e8me nation mondiale de rester math\u00e9matiquement dans la course pour les seizi\u00e8mes de finale. Malgr\u00e9 cet exploit, les joueurs de Dick Advocaat semblent moins arm\u00e9s que la C\u00f4te d\u2019Ivoire qu\u2019ils affrontent aujourd\u2019hui. De leur c\u00f4t\u00e9, les \u00c9l\u00e9phants ont laiss\u00e9 passer une occasion en or de se qualifier d\u00e8s la deuxi\u00e8me journ\u00e9e. Malgr\u00e9 une prestation solide contre l\u2019Allemagne, les joueurs d\u2019Emerse Fa\u00e9 ont craqu\u00e9 dans les arr\u00eats de jeu\u00a0(2-1). Une d\u00e9faite cruelle apr\u00e8s leur succ\u00e8s inaugural contre l\u2019\u00c9quateur\u00a0(1-0). Avant cette derni\u00e8re journ\u00e9e face \u00e0 Cura\u00e7ao, avec 3\u00a0points, les Ivoiriens ont leur destin entre les mains. Un simple match nul leur suffirait pour verrouiller cette position et acc\u00e9der aux seizi\u00e8mes de finale. Cela serait un moment grav\u00e9 \u00e0 jamais dans l\u2019histoire du pays qui n\u2019a jamais pass\u00e9 les poules dans un Mondial. Cura\u00e7ao &#8211; C\u00f4te d\u2019Ivoire\u00a0: sur quelle cha\u00eene et \u00e0 quelle heure voir le match de la Coupe du Monde 2026 en direct\u00a0?<\/p>\n<p>Coupe du Monde 2026\u00a0:  <a href=\"https:\/\/paris-sportifs.ouest-france.fr\/\" rel=\"sponsored nofollow noopener\" target=\"_blank\"> D\u00e9couvrez le guide des paris sportifs agr\u00e9g\u00e9s par les experts Ouest-France Shopping <\/a><\/p>\n<p>        Diffusion Cura\u00e7ao &#8211; C\u00f4te d\u2019Ivoire\u00a0: sur quelle cha\u00eene TV voir le match en direct\u00a0?<\/p>\n<p>La rencontre entre Cura\u00e7ao et la C\u00f4te d\u2019Ivoire est \u00e0 voir ce jeudi 25\u00a0juin. La partie d\u00e9bute \u00e0 22h00 heure fran\u00e7aise. Rendez-vous sur la cha\u00eene TV beIN SPORTS 2\u00a0pour voir Cura\u00e7ao &#8211; C\u00f4te d\u2019Ivoire en direct et en exclusivit\u00e9 ce soir. La totalit\u00e9 des matchs de la Coupe du Monde de la FIFA 2026 est \u00e0 voir en direct sur les antennes de beIN SPORTS. Elles vous proposent de multiples comp\u00e9titions toute l\u2019ann\u00e9e avec la Ligue 2\u00a0BKT, LaLiga, Wimbledon, l\u2019INVESTEC Champions Cup et bien d\u2019autres \u00e9v\u00e9nements. Ces programmes sont disponibles sur tous vos \u00e9crans connect\u00e9s compatibles\u00a0(Smart TV, ordinateur, tablette).<\/p>\n<p>En savoir plus sur <a href=\"https:\/\/ad.doubleclick.net\/ddm\/trackclk\/N6600.145413.OUESTFRANCE.FR\/B32944843.412593389;dc_trk_aid=604786552;dc_trk_cid=228480032;dc_lat=;dc_rdid=;tag_for_child_directed_treatment=;tfua=;gdpr=$%7BGDPR%7D;gdpr_consent=$%7BGDPR_CONSENT_755%7D;ltd=;dc_tdv=1\" rel=\"nofollow,sponsored noopener\" target=\"_blank\">beIN SPORTS CONNECT \u00e0 partir de 15\u20ac<\/a><\/p>\n<p>Newsletter Bons Plans<\/p>\n<p>Retrouvez les meilleures offres s\u00e9lectionn\u00e9es par nos experts Shopping<\/p>\n<p>Ce contenu a \u00e9t\u00e9 r\u00e9dig\u00e9 par un expert de l\u2019\u00e9quipe Ouest-France Shopping. Les prix mentionn\u00e9s sont fournis \u00e0 titre indicatif et peuvent \u00e9voluer. Certains articles peuvent comporter des liens affili\u00e9s pour lesquels Ouest-France peut percevoir une commission si vous effectuez un achat.<\/p>\n","protected":false},"excerpt":{"rendered":"Petit pays de 150\u00a0000\u00a0habitants, Cura\u00e7ao a marqu\u00e9 l\u2019histoire de la Coupe du Monde 2026. Apr\u00e8s des d\u00e9buts difficiles&hellip;\n","protected":false},"author":2,"featured_media":140347,"comment_status":"","ping_status":"","sticky":false,"template":"","format":"standard","meta":{"footnotes":"","_share_on_mastodon":"0"},"categories":[154],"tags":[216,2631,12576,37572,308,13402,46,3482,3672],"class_list":["post-140346","post","type-post","status-publish","format-standard","has-post-thumbnail","category-cote-divoire","tag-cote-divoire","tag-coupe-du-monde-de-football","tag-equipe-cote-divoire-football","tag-equipe-curacao-football","tag-football","tag-shopping","tag-sport","tag-streaming","tag-television"],"share_on_mastodon":{"url":"https:\/\/pubeurope.com\/@afrique\/116810758415778278","error":""},"_links":{"self":[{"href":"https:\/\/www.europesays.com\/afrique\/wp-json\/wp\/v2\/posts\/140346","targetHints":{"allow":["GET"]}}],"collection":[{"href":"https:\/\/www.europesays.com\/afrique\/wp-json\/wp\/v2\/posts"}],"about":[{"href":"https:\/\/www.europesays.com\/afrique\/wp-json\/wp\/v2\/types\/post"}],"author":[{"embeddable":true,"href":"https:\/\/www.europesays.com\/afrique\/wp-json\/wp\/v2\/users\/2"}],"replies":[{"embeddable":true,"href":"https:\/\/www.europesays.com\/afrique\/wp-json\/wp\/v2\/comments?post=140346"}],"version-history":[{"count":0,"href":"https:\/\/www.europesays.com\/afrique\/wp-json\/wp\/v2\/posts\/140346\/revisions"}],"wp:featuredmedia":[{"embeddable":true,"href":"https:\/\/www.europesays.com\/afrique\/wp-json\/wp\/v2\/media\/140347"}],"wp:attachment":[{"href":"https:\/\/www.europesays.com\/afrique\/wp-json\/wp\/v2\/media?parent=140346"}],"wp:term":[{"taxonomy":"category","embeddable":true,"href":"https:\/\/www.europesays.com\/afrique\/wp-json\/wp\/v2\/categories?post=140346"},{"taxonomy":"post_tag","embeddable":true,"href":"https:\/\/www.europesays.com\/afrique\/wp-json\/wp\/v2\/tags?post=140346"}],"curies":[{"name":"wp","href":"https:\/\/api.w.org\/{rel}","templated":true}]}}