{"id":140574,"date":"2026-06-25T17:03:14","date_gmt":"2026-06-25T17:03:14","guid":{"rendered":"https:\/\/www.europesays.com\/afrique\/140574\/"},"modified":"2026-06-25T17:03:14","modified_gmt":"2026-06-25T17:03:14","slug":"drones-un-equipement-dexception-unique-en-europe-a-lensta-a-brest","status":"publish","type":"post","link":"https:\/\/www.europesays.com\/afrique\/140574\/","title":{"rendered":"Drones : un \u00e9quipement d\u2019exception, unique en Europe, \u00e0 l\u2019Ensta \u00e0 Brest"},"content":{"rendered":"<p>                    Par<\/p>\n<p>            <a href=\"https:\/\/actu.fr\/auteur\/yann-guenegou\" title=\"Consulter tous les articles de Yann Gu\u00e9n\u00e9gou\" rel=\"nofollow noopener\" target=\"_blank\">Yann Gu\u00e9n\u00e9gou<\/a><\/p>\n<p>        Publi\u00e9 le<\/p>\n<p>            25 juin 2026 \u00e0 18h14        <\/p>\n<p>Construit sur le campus de l\u2019Ensta (\u00c9cole nationale sup\u00e9rieure de techniques avanc\u00e9es) dans le quartier de l\u2019Europe \u00e0 Brest et op\u00e9rationnel depuis avril\u00a02026, le nouveau b\u00e2timent de plus de 900\u00a0m2 de surfaces techniques abrite un \u00e9quipement unique en Europe\u2009: le bassin d\u2019exp\u00e9rimentation air-mer. Avec sa voli\u00e8re de drones. Il a \u00e9t\u00e9 inaugur\u00e9 mercredi matin, 24\u00a0juin.<br \/>Un investissement de 3,54\u00a0millions d\u2019euros, financ\u00e9s par le contrat de plan \u00c9tat R\u00e9gion 2021-2027\u2009: <a href=\"https:\/\/actu.fr\/tag\/europe\" rel=\"nofollow noopener\" target=\"_blank\">Europe<\/a>, minist\u00e8re des <a href=\"https:\/\/actu.fr\/tag\/armee\" rel=\"nofollow noopener\" target=\"_blank\">Arm\u00e9es<\/a>, R\u00e9gion Bretagne, D\u00e9partement du <a href=\"https:\/\/actu.fr\/bretagne\/finistere_29\" rel=\"nofollow noopener\" target=\"_blank\">Finist\u00e8re<\/a>, <a href=\"https:\/\/actu.fr\/tag\/brest-metropole\" rel=\"nofollow noopener\" target=\"_blank\">Brest m\u00e9tropole<\/a>.<\/p>\n<p>Une voli\u00e8re \u00e0 drones<\/p>\n<p class=\" wall-content\">Mais pourquoi cet \u00e9quipement est-il dit d\u2019exception\u2009? \u00ab\u2009Parce qu\u2019il est unique en Europe\u2009\u00bb, assurent Estelle Iacona et Raymond Levet, respectivement directrice g\u00e9n\u00e9rale et directeur g\u00e9n\u00e9ral d\u00e9l\u00e9gu\u00e9 de l\u2019Ensta.<\/p>\n<p>    <img   decoding=\"async\" loading=\"lazy\" class=\"size-large\" src=\"https:\/\/www.europesays.com\/afrique\/wp-content\/uploads\/2026\/06\/4a610b825d3a6ae610b825d3ad2710v-960x640.jpg\" alt=\"Le nouveau b\u00e2timent construit sur le campus de l'Ensta \u00e0 Brest abrite le bassin d'exp\u00e9rimentation air mer\" width=\"960\" height=\"640\"\/><br \/>\n    Le nouveau b\u00e2timent construit sur le campus de l\u2019Ensta \u00e0 Brest abrite le bassin d\u2019exp\u00e9rimentation air mer. \u00a9C\u00f4t\u00e9 Brest<\/p>\n<p class=\" wall-content\">Le b\u00e2timent, con\u00e7u sur deux \u00e9tages, abrite un grand bassin d\u2019eau douce de 20\u00a0m de long, 12 de large et 6 de profondeur. \u00ab\u2009L\u2019une de ses <a href=\"https:\/\/actu.fr\/tag\/innovation\" rel=\"nofollow noopener\" target=\"_blank\">innovations<\/a> majeures tient \u00e0 sa couverture en toile, qui laisse passer les ondes satellites et radio\u2009\u00bb, renseigne Beno\u00eet Cl\u00e9ment, enseignant chercheur en acoustique sous-marine. \u00ab\u2009Cette architecture originale permet aux drones et autres technologies de capter les signaux GPS directement \u00e0 l\u2019int\u00e9rieur du b\u00e2timent.\u2009\u00bb<\/p>\n<p class=\" wall-content\">Autre point qui le distingue\u2009: une voli\u00e8re \u00e0 drones surplombant l\u2019eau jusqu\u2019\u00e0 5\u00a0m de haut. \u00ab\u2009Tout cela va offrir des conditions id\u00e9ales pour tester des prototypes de grande taille, des meutes de robots et les combinaisons de syst\u00e8mes d\u2019observation n\u00e9cessaires \u00e0 la description du milieu oc\u00e9anique\u2009\u00bb, affirment les sp\u00e9cialistes.<\/p>\n<p>Vid\u00e9os : en ce moment sur Actu<br \/>\n    <img   decoding=\"async\" loading=\"lazy\" class=\"size-large\" src=\"https:\/\/www.europesays.com\/afrique\/wp-content\/uploads\/2026\/06\/6ded5be25d3a641fd5be25d3a25fd5v-960x640.jpg\" alt=\"Avant l'inauguration officielle des \u00e9tudiants de l'Ensta ont propos\u00e9 quelques d\u00e9monstrations.\" width=\"960\" height=\"640\"\/><br \/>\n    Avant l\u2019inauguration des \u00e9tudiants de l\u2019Ensta ont propos\u00e9 quelques d\u00e9monstrations. \u00a9C\u00f4t\u00e9 Brest<\/p>\n<p class=\" wall-content\">\u00ab\u2009C\u2019est un v\u00e9ritable acc\u00e9l\u00e9rateur de l\u2019innovation maritime en robotique autonome, syst\u00e8mes acoustiques et nouvelles technologies d\u2019observation mobiles, qui vient renforcer les capacit\u00e9s nationales et europ\u00e9ennes de compr\u00e9hension et de surveillance de l\u2019oc\u00e9an.\u2009\u00bb<\/p>\n<p>Sous-marins, marins, a\u00e9riens\u2026<\/p>\n<p class=\" wall-content\">Fabrice Le Bars, enseignant chercheur en robotique, le rappelle\u2009: \u00ab\u2009\u00c0 l\u2019origine, c\u2019est un projet qu\u2019on avait appel\u00e9 salle de tests pour drones multimilieux, renseigne-t-il. L\u2019id\u00e9e \u00e9tait d\u2019avoir un espace con\u00e7u d\u00e8s le d\u00e9part pour nous aider \u00e0 mettre au point diff\u00e9rents types de robots et drones, qu\u2019ils soient <a href=\"https:\/\/actu.fr\/tag\/sous-marins\" rel=\"nofollow noopener\" target=\"_blank\">sous-marins<\/a>, marins, a\u00e9riens ou m\u00eame roulants, amphibies. Pour les tester dans des conditions relativement contr\u00f4l\u00e9es. C\u2019\u00e9tait le cha\u00eenon manquant, entre une petite salle de tests (que nous avons) et l\u2019ultime \u00e9tape, la <a href=\"https:\/\/actu.fr\/tag\/mer\" rel=\"nofollow noopener\" target=\"_blank\">mer<\/a>, ici la rade de Brest.\u2009\u00bb<\/p>\n<p class=\" wall-content\">Enseignant chercheur en robotique, Lionel Lapierre ajoute\u2009: \u00ab\u2009Nous constatons que ce bassin va non seulement nous servir de lieu d\u2019exp\u00e9rimentation pour valider nos preuves de concept sur les d\u00e9veloppements de nos recherches, mais qu\u2019il sera aussi un support p\u00e9dagogique \u00e0 toute la formation de l\u2019\u00e9cole. Et sera un point d\u2019attractivit\u00e9 international aussi, parce que des bassins comme \u00e7a, qui puissent accueillir des engins sous-marins et des engins a\u00e9riens, c\u2019est assez unique en Europe. Nous imaginons d\u00e9j\u00e0 des \u00e9v\u00e9nements internationaux avec des concours autour de ce bassin, que nous organiserions.\u2009\u00bb<\/p>\n<p>Des exemples de projets<\/p>\n<p class=\" wall-content\">Les professionnels l\u2019assurent\u2009: \u00ab\u2009Les domaines d\u2019application de ce bassin son vastes.\u2009\u00bb De la d\u00e9fense et s\u00e9curit\u00e9 en mer jusqu\u2019\u00e0 la veille environnementale marine en passant par les \u00e9nergies marines, le transport maritime, la mod\u00e9lisation et surveillance des fonds marins et littoraux, l\u2019exploration et description des grands fonds\u2026<\/p>\n<p class=\" wall-content\">\u00ab\u2009Nous accueillons d\u00e9j\u00e0 des projets d\u2019envergure\u2009\u00bb, se f\u00e9licitent-ils. En citant RACAM, une flotte de robots d\u00e9di\u00e9e \u00e0 l\u2019\u00e9tude de la cybers\u00e9curit\u00e9 des meutes de drones. Mais aussi ID-GF (pour Imageur distribu\u00e9 grand fond), un programme de flotteurs autonomes avec de nouvelles modalit\u00e9s de communications hybrides, sous-marines, pour l\u2019exploration des grands fonds.<\/p>\n<p>    <img   decoding=\"async\" loading=\"lazy\" class=\"size-large\" src=\"https:\/\/www.europesays.com\/afrique\/wp-content\/uploads\/2026\/06\/b21a27435d3a6961a27435d3a7a1a2v-960x640.jpg\" alt=\"D\u00e9monstration dans le bassin d'exp\u00e9rimentation air mer \u00e0 l'Ensta \u00e0 Brest.\" width=\"960\" height=\"640\"\/><br \/>\n    D\u00e9monstration dans le bassin d\u2019exp\u00e9rimentation air mer \u00e0 l\u2019Ensta \u00e0 Brest. \u00a9Yann Gu\u00e9n\u00e9gou<\/p>\n<p class=\" wall-content\">Ou encore Robot sous-marin ravitailleur, un syst\u00e8me permettantaux drones en immersion sous-marine de se connecter pour du transfert de donn\u00e9es ou la recharge en \u00e9nergie.<\/p>\n<p class=\" wall-content\">Dernier exemple\u2009: MOSTS, une flotte de robots coordonn\u00e9s, reli\u00e9s par des c\u00e2bles, pour d\u00e9placer des objets lourds sous l\u2019eau (manipulation aujourd\u2019hui r\u00e9alis\u00e9e depuis la surface) avec plus de pr\u00e9cision, de stabilit\u00e9 et de flexibilit\u00e9.<\/p>\n<p class=\" wall-content\">Des projets de pointe. \u00c0 la pointe du Finist\u00e8re.<\/p>\n<p class=\" wall-content\">Personnalisez votre actualit\u00e9 en ajoutant vos villes et m\u00e9dias en favori avec <a href=\"https:\/\/moncompte.actu.fr\" title=\"D\u00e9couvez Mon Actu\" rel=\"nofollow noopener\" data-trk=\"{&quot;cta&quot;:{&quot;action&quot;:&quot;https:\\\/\\\/moncompte.actu.fr&quot;,&quot;category&quot;:&quot;mon compte&quot;,&quot;from&quot;:&quot;article footer&quot;,&quot;name&quot;:&quot;Mon actu&quot;,&quot;type&quot;:&quot;cta&quot;}}\" target=\"_blank\">Mon Actu<\/a>.<\/p>\n","protected":false},"excerpt":{"rendered":"Par Yann Gu\u00e9n\u00e9gou Publi\u00e9 le 25 juin 2026 \u00e0 18h14 Construit sur le campus de l\u2019Ensta (\u00c9cole nationale&hellip;\n","protected":false},"author":2,"featured_media":140575,"comment_status":"","ping_status":"","sticky":false,"template":"","format":"standard","meta":{"footnotes":"","_share_on_mastodon":"0"},"categories":[2],"tags":[18,2652,19,115,8754],"class_list":["post-140574","post","type-post","status-publish","format-standard","has-post-thumbnail","category-europe","tag-europe","tag-innovation","tag-mer","tag-societe","tag-sous-marins"],"share_on_mastodon":{"url":"https:\/\/pubeurope.com\/@afrique\/116811832096995271","error":""},"_links":{"self":[{"href":"https:\/\/www.europesays.com\/afrique\/wp-json\/wp\/v2\/posts\/140574","targetHints":{"allow":["GET"]}}],"collection":[{"href":"https:\/\/www.europesays.com\/afrique\/wp-json\/wp\/v2\/posts"}],"about":[{"href":"https:\/\/www.europesays.com\/afrique\/wp-json\/wp\/v2\/types\/post"}],"author":[{"embeddable":true,"href":"https:\/\/www.europesays.com\/afrique\/wp-json\/wp\/v2\/users\/2"}],"replies":[{"embeddable":true,"href":"https:\/\/www.europesays.com\/afrique\/wp-json\/wp\/v2\/comments?post=140574"}],"version-history":[{"count":0,"href":"https:\/\/www.europesays.com\/afrique\/wp-json\/wp\/v2\/posts\/140574\/revisions"}],"wp:featuredmedia":[{"embeddable":true,"href":"https:\/\/www.europesays.com\/afrique\/wp-json\/wp\/v2\/media\/140575"}],"wp:attachment":[{"href":"https:\/\/www.europesays.com\/afrique\/wp-json\/wp\/v2\/media?parent=140574"}],"wp:term":[{"taxonomy":"category","embeddable":true,"href":"https:\/\/www.europesays.com\/afrique\/wp-json\/wp\/v2\/categories?post=140574"},{"taxonomy":"post_tag","embeddable":true,"href":"https:\/\/www.europesays.com\/afrique\/wp-json\/wp\/v2\/tags?post=140574"}],"curies":[{"name":"wp","href":"https:\/\/api.w.org\/{rel}","templated":true}]}}