{"id":140929,"date":"2026-06-26T02:41:13","date_gmt":"2026-06-26T02:41:13","guid":{"rendered":"https:\/\/www.europesays.com\/afrique\/140929\/"},"modified":"2026-06-26T02:41:13","modified_gmt":"2026-06-26T02:41:13","slug":"grand-yoff-deux-presumes-trafiquants-de-drogue-arretes-plus-de-6-kg-de-chanvre-indien-saisis","status":"publish","type":"post","link":"https:\/\/www.europesays.com\/afrique\/140929\/","title":{"rendered":"Grand-Yoff : deux pr\u00e9sum\u00e9s trafiquants de drogue arr\u00eat\u00e9s, plus de 6 kg de chanvre indien saisis"},"content":{"rendered":"<p>\t\t\t\t\t Le Commissariat d\u2019arrondissement de Grand-Yoff a proc\u00e9d\u00e9, le 18 juin 2026, \u00e0 l\u2019interpellation de deux individus pour trafic int\u00e9rieur, offre et cession de stup\u00e9fiants. <\/p>\n<p>Selon la Police nationale, les deux suspects, d\u00e9j\u00e0 connus des services de s\u00e9curit\u00e9 pour des faits similaires, ont \u00e9t\u00e9 arr\u00eat\u00e9s \u00e0 la suite d\u2019un renseignement faisant \u00e9tat d\u2019un trafic de drogue dans le secteur de \u00ab\u00a0Khar Yalla\u00a0\u00bb, plus pr\u00e9cis\u00e9ment au march\u00e9 commun\u00e9ment appel\u00e9 \u00ab Gang \u00bb. <\/p>\n<p>Au cours de l\u2019op\u00e9ration, l\u2019un des mis en cause, ayant aper\u00e7u les policiers, a tent\u00e9 de prendre la fuite avant de se r\u00e9fugier dans une concession. Poursuivi par les agents, il a \u00e9t\u00e9 intercept\u00e9 alors qu\u2019il sortait pr\u00e9cipitamment d\u2019une chambre dans l\u2019intention d\u2019escalader le mur de cl\u00f4ture. <\/p>\n<p>La fouille corporelle effectu\u00e9e sur le suspect a permis de d\u00e9couvrir une somme d\u2019argent en sa possession. La perquisition de la chambre qu\u2019il occupait a conduit \u00e0 la saisie d\u2019un sachet contenant six kilogrammes de chanvre indien. Entendu par les enqu\u00eateurs, l\u2019int\u00e9ress\u00e9 a toutefois ni\u00e9 \u00eatre le propri\u00e9taire de cette drogue. <\/p>\n<p>Les investigations se sont poursuivies et ont abouti \u00e0 l\u2019arrestation d\u2019un second suspect. Ce dernier d\u00e9tenait un paquet renfermant 125 grammes de chanvre indien. Il a d\u00e9clar\u00e9 aux enqu\u00eateurs avoir achet\u00e9 la marchandise aupr\u00e8s d\u2019un individu inconnu rencontr\u00e9 dans la rue. <\/p>\n<p>Au total, les policiers ont saisi 6,125 kilogrammes de chanvre indien ainsi que des fonds dont le montant n\u2019a pas \u00e9t\u00e9 pr\u00e9cis\u00e9. Les produits et l\u2019argent ont \u00e9t\u00e9 plac\u00e9s sous scell\u00e9s. <\/p>\n<p>\u00c0 l\u2019issue de l\u2019enqu\u00eate, les deux mis en cause\u00a0 ont \u00e9t\u00e9 d\u00e9f\u00e9r\u00e9s devant le parquet pour r\u00e9pondre des faits qui leur sont reproch\u00e9s.\n\t\t\t\t <\/p>\n","protected":false},"excerpt":{"rendered":"Le Commissariat d\u2019arrondissement de Grand-Yoff a proc\u00e9d\u00e9, le 18 juin 2026, \u00e0 l\u2019interpellation de deux individus pour trafic&hellip;\n","protected":false},"author":2,"featured_media":140930,"comment_status":"","ping_status":"","sticky":false,"template":"","format":"standard","meta":{"footnotes":"","_share_on_mastodon":"0"},"categories":[84],"tags":[45857,45858,11],"class_list":["post-140929","post","type-post","status-publish","format-standard","has-post-thumbnail","category-senegal","tag-grand-yoff-deux-presumes-trafiquants-de-drogue-arretes","tag-plus-de-6-kg-de-chanvre-indien-saisis","tag-senegal"],"share_on_mastodon":{"url":"https:\/\/pubeurope.com\/@afrique\/116814104682761026","error":""},"_links":{"self":[{"href":"https:\/\/www.europesays.com\/afrique\/wp-json\/wp\/v2\/posts\/140929","targetHints":{"allow":["GET"]}}],"collection":[{"href":"https:\/\/www.europesays.com\/afrique\/wp-json\/wp\/v2\/posts"}],"about":[{"href":"https:\/\/www.europesays.com\/afrique\/wp-json\/wp\/v2\/types\/post"}],"author":[{"embeddable":true,"href":"https:\/\/www.europesays.com\/afrique\/wp-json\/wp\/v2\/users\/2"}],"replies":[{"embeddable":true,"href":"https:\/\/www.europesays.com\/afrique\/wp-json\/wp\/v2\/comments?post=140929"}],"version-history":[{"count":0,"href":"https:\/\/www.europesays.com\/afrique\/wp-json\/wp\/v2\/posts\/140929\/revisions"}],"wp:featuredmedia":[{"embeddable":true,"href":"https:\/\/www.europesays.com\/afrique\/wp-json\/wp\/v2\/media\/140930"}],"wp:attachment":[{"href":"https:\/\/www.europesays.com\/afrique\/wp-json\/wp\/v2\/media?parent=140929"}],"wp:term":[{"taxonomy":"category","embeddable":true,"href":"https:\/\/www.europesays.com\/afrique\/wp-json\/wp\/v2\/categories?post=140929"},{"taxonomy":"post_tag","embeddable":true,"href":"https:\/\/www.europesays.com\/afrique\/wp-json\/wp\/v2\/tags?post=140929"}],"curies":[{"name":"wp","href":"https:\/\/api.w.org\/{rel}","templated":true}]}}