{"id":141549,"date":"2026-06-26T18:05:11","date_gmt":"2026-06-26T18:05:11","guid":{"rendered":"https:\/\/www.europesays.com\/afrique\/141549\/"},"modified":"2026-06-26T18:05:11","modified_gmt":"2026-06-26T18:05:11","slug":"mewelle-peul-un-eleveur-de-46-ans-retrouve-mort-des-difficultes-financieres-evoquees","status":"publish","type":"post","link":"https:\/\/www.europesays.com\/afrique\/141549\/","title":{"rendered":"M\u00e9welle Peul : Un \u00e9leveur de 46 ans retrouv\u00e9 mort, des difficult\u00e9s financi\u00e8res \u00e9voqu\u00e9es"},"content":{"rendered":"<p>Le village de M\u00e9welle Peul est en deuil apr\u00e8s la d\u00e9couverte tragique du corps d\u2019un \u00e9leveur de 46 ans, en proie \u00e0 des difficult\u00e9s financi\u00e8res. Cette situation soul\u00e8ve des questions sur le soutien accord\u00e9 aux agriculteurs en d\u00e9tresse et sur l&rsquo;impact de la crise \u00e9conomique sur leur bien-\u00eatre.<\/p>\n<p class=\"firstp\">Le village de M\u00e9welle Peul, situ\u00e9 dans la commune de Yang-Yang, est en \u00e9moi apr\u00e8s la d\u00e9couverte, ce vendredi matin, du corps sans vie d\u2019un \u00e9leveur \u00e2g\u00e9 de 46 ans.<\/p>\n<p data-start=\"297\" data-end=\"512\">Selon les premi\u00e8res informations rapport\u00e9es par Seneweb, la victime traversait d\u2019importantes difficult\u00e9s financi\u00e8res li\u00e9es \u00e0 un pr\u00eat contract\u00e9 pour d\u00e9velopper ses activit\u00e9s commerciales \u00e0 l\u2019occasion de la Tabaski.\n<\/p>\n<p>Intervention des autorit\u00e9s sur les lieux<\/p>\n<p>Alert\u00e9s, les gendarmes, accompagn\u00e9s des sapeurs-pompiers et du personnel de sant\u00e9, se sont rendus sur les lieux pour effectuer les constatations d\u2019usage. La <a href=\"https:\/\/www.senenews.com\/actualites\/saraya-un-jeune-eleveur-de-23-ans-tue-par-la-foudre_589082.html\" rel=\"nofollow noopener\" target=\"_blank\">d\u00e9pouille<\/a> a ensuite \u00e9t\u00e9 transf\u00e9r\u00e9e \u00e0 la morgue du centre de sant\u00e9 de Dahra.\n<\/p>\n<p data-start=\"780\" data-end=\"870\">Une enqu\u00eate a \u00e9t\u00e9 ouverte afin de faire la lumi\u00e8re sur les circonstances exactes du d\u00e9c\u00e8s.\n<\/p>\n<p data-start=\"872\" data-end=\"1141\" data-is-last-node=\"\" data-is-only-node=\"\">Si vous ou une personne de votre entourage traversez une p\u00e9riode de d\u00e9tresse ou a des pens\u00e9es suicidaires, il est important d\u2019en parler \u00e0 un proche de confiance ou \u00e0 un professionnel de sant\u00e9. En cas de danger imm\u00e9diat, contactez les services d\u2019urgence de votre r\u00e9gion.<\/p>\n","protected":false},"excerpt":{"rendered":"Le village de M\u00e9welle Peul est en deuil apr\u00e8s la d\u00e9couverte tragique du corps d\u2019un \u00e9leveur de 46&hellip;\n","protected":false},"author":2,"featured_media":141550,"comment_status":"","ping_status":"","sticky":false,"template":"","format":"standard","meta":{"footnotes":"","_share_on_mastodon":"0"},"categories":[84],"tags":[46006,11],"class_list":["post-141549","post","type-post","status-publish","format-standard","has-post-thumbnail","category-senegal","tag-eleveur","tag-senegal"],"share_on_mastodon":{"url":"https:\/\/pubeurope.com\/@afrique\/116817738265697348","error":""},"_links":{"self":[{"href":"https:\/\/www.europesays.com\/afrique\/wp-json\/wp\/v2\/posts\/141549","targetHints":{"allow":["GET"]}}],"collection":[{"href":"https:\/\/www.europesays.com\/afrique\/wp-json\/wp\/v2\/posts"}],"about":[{"href":"https:\/\/www.europesays.com\/afrique\/wp-json\/wp\/v2\/types\/post"}],"author":[{"embeddable":true,"href":"https:\/\/www.europesays.com\/afrique\/wp-json\/wp\/v2\/users\/2"}],"replies":[{"embeddable":true,"href":"https:\/\/www.europesays.com\/afrique\/wp-json\/wp\/v2\/comments?post=141549"}],"version-history":[{"count":0,"href":"https:\/\/www.europesays.com\/afrique\/wp-json\/wp\/v2\/posts\/141549\/revisions"}],"wp:featuredmedia":[{"embeddable":true,"href":"https:\/\/www.europesays.com\/afrique\/wp-json\/wp\/v2\/media\/141550"}],"wp:attachment":[{"href":"https:\/\/www.europesays.com\/afrique\/wp-json\/wp\/v2\/media?parent=141549"}],"wp:term":[{"taxonomy":"category","embeddable":true,"href":"https:\/\/www.europesays.com\/afrique\/wp-json\/wp\/v2\/categories?post=141549"},{"taxonomy":"post_tag","embeddable":true,"href":"https:\/\/www.europesays.com\/afrique\/wp-json\/wp\/v2\/tags?post=141549"}],"curies":[{"name":"wp","href":"https:\/\/api.w.org\/{rel}","templated":true}]}}