{"id":142018,"date":"2026-06-27T08:29:11","date_gmt":"2026-06-27T08:29:11","guid":{"rendered":"https:\/\/www.europesays.com\/afrique\/142018\/"},"modified":"2026-06-27T08:29:11","modified_gmt":"2026-06-27T08:29:11","slug":"mondial-2026-pourquoi-les-joueurs-binationaux-de-lalgerie-representent-aussi-la-france","status":"publish","type":"post","link":"https:\/\/www.europesays.com\/afrique\/142018\/","title":{"rendered":"Mondial 2026\u00a0: pourquoi les joueurs binationaux de l\u2019Alg\u00e9rie repr\u00e9sentent aussi la France"},"content":{"rendered":"\n<p class=\"latino-500b text-grey-600\">Pour aller plus loin<\/p>\n<p class=\"node__paragraphe antonia-750r text-grey-800 pb-24 pb-md-32\"> Lors de ce Mondial, la France compte 26\u00a0s\u00e9lectionn\u00e9s, mais 99\u00a0joueurs qui disputent le tournoi sont n\u00e9s sur son sol\u00a0: c\u2019est le pays de naissance le plus repr\u00e9sent\u00e9 de la Coupe du Monde \u2013 avec pr\u00e8s de 8\u00a0% de l\u2019ensemble des 1\u00a0248\u00a0footballeurs engag\u00e9s dans la comp\u00e9tition. Juste apr\u00e8s les Bleus \u2013 dont trois des 26\u00a0appel\u00e9s par Didier Deschamps n\u2019ont pas vu le jour en France \u2013, c\u2019est la s\u00e9lection alg\u00e9rienne qui en aligne le plus\u00a0: 13\u00a0joueurs sont n\u00e9s dans l\u2019Hexagone, soit la moiti\u00e9 de l\u2019effectif des Fennecs qui affrontent l\u2019Autriche ce dimanche 28\u00a0juin. Rien d\u2019\u00e9tonnant pour cette \u00e9quipe qui s\u2019est toujours construite dans un rapport singulier avec la France, \u00e0 la fois sportif et surtout politique <\/p>\n<p>                                       Le poids du pass\u00e9                              <\/p>\n<p class=\"node__paragraphe antonia-750r text-grey-800 pb-8\"> De <a href=\"https:\/\/www.nouvelobs.com\/sport\/20111115.OBS4559\/les-selections-de-foot-disparues-le-fln-algerien.html\" rel=\"nofollow noopener\" target=\"_blank\">l\u2019\u00e9quipe du FLN<\/a> (Front de Lib\u00e9ration nationale) entre 1958\u00a0et 1962\u00a0\u00e0 l\u2019\u00ab\u00a0affaire des quotas\u00a0\u00bb au d\u00e9but des ann\u00e9es 2010, en passant par le match France-Alg\u00e9rie d\u2019octobre 2001, la place des Fran\u00e7ais issus de l\u2019immigration alg\u00e9rienne a toujours \u00e9t\u00e9 l\u2019objet d\u2019un d\u00e9bat soci\u00e9tal. <a href=\"https:\/\/www.nouvelobs.com\/monde\/20220217.OBS54629\/l-algerie-coloniale-1830-1962.html\" rel=\"nofollow noopener\" target=\"_blank\">Le pa\u2026<\/a> <\/p>\n<p class=\"latino-600m text-green-500\">Cet article est une carte blanche, r\u00e9dig\u00e9e par un auteur ext\u00e9rieur<br \/>\n            au journal et dont le point de vue n\u2019engage pas la r\u00e9daction.<\/p>\n<p class=\"latino-100m text-blue-400\">Article r\u00e9serv\u00e9 aux abonn\u00e9s.<\/p>\n<p>    Se connecter     <\/p>\n<p class=\"title text-center antonia-1850c\" style=\"margin-bottom:4px;\">Offre sp\u00e9ciale<\/p>\n<p class=\"description pb-8 pb-md-16 antonia-800c text-center\">Tous nos contenus exclusifs en acc\u00e8s illimit\u00e9<\/p>\n<p>     S\u2019abonner :\u00a01\u20ac par semaine  pendant 1\u00a0an    <\/p>\n<p class=\"or d-none d-md-flex\">ou<\/p>\n<p>      <img width=\"164\" height=\"20\" src=\"data:image\/svg+xml,%3Csvg%20xmlns%3D%27http%3A%2F%2Fwww.w3.org%2F2000%2Fsvg%27%20fill%3D%22%23e4e4e4%22%20viewBox%3D%270%200%20282%2054%27%20width%3D%22282%22%20height%3D%2254%22%3E%3Cpath%20d%3D%27M0%200h282v54H0z%27%2F%3E%3C%2Fsvg%3E\"  class=\"js-swg-placeholder\" alt=\"Subscribe with Google\" loading=\"lazy\" decoding=\"async\"\/>                         <\/p>\n","protected":false},"excerpt":{"rendered":"Pour aller plus loin Lors de ce Mondial, la France compte 26\u00a0s\u00e9lectionn\u00e9s, mais 99\u00a0joueurs qui disputent le tournoi&hellip;\n","protected":false},"author":2,"featured_media":142019,"comment_status":"","ping_status":"","sticky":false,"template":"","format":"standard","meta":{"footnotes":"","_share_on_mastodon":"0"},"categories":[85],"tags":[58,116,35683,41141,453,4165,133,2374,46075,46],"class_list":["post-142018","post","type-post","status-publish","format-standard","has-post-thumbnail","category-algerie","tag-58","tag-algerie","tag-binationaux","tag-coupe-du-monde-de-football-2026","tag-france","tag-joueurs","tag-monde","tag-mondial","tag-representent","tag-sport"],"share_on_mastodon":{"url":"https:\/\/pubeurope.com\/@afrique\/116821135457289088","error":""},"_links":{"self":[{"href":"https:\/\/www.europesays.com\/afrique\/wp-json\/wp\/v2\/posts\/142018","targetHints":{"allow":["GET"]}}],"collection":[{"href":"https:\/\/www.europesays.com\/afrique\/wp-json\/wp\/v2\/posts"}],"about":[{"href":"https:\/\/www.europesays.com\/afrique\/wp-json\/wp\/v2\/types\/post"}],"author":[{"embeddable":true,"href":"https:\/\/www.europesays.com\/afrique\/wp-json\/wp\/v2\/users\/2"}],"replies":[{"embeddable":true,"href":"https:\/\/www.europesays.com\/afrique\/wp-json\/wp\/v2\/comments?post=142018"}],"version-history":[{"count":0,"href":"https:\/\/www.europesays.com\/afrique\/wp-json\/wp\/v2\/posts\/142018\/revisions"}],"wp:featuredmedia":[{"embeddable":true,"href":"https:\/\/www.europesays.com\/afrique\/wp-json\/wp\/v2\/media\/142019"}],"wp:attachment":[{"href":"https:\/\/www.europesays.com\/afrique\/wp-json\/wp\/v2\/media?parent=142018"}],"wp:term":[{"taxonomy":"category","embeddable":true,"href":"https:\/\/www.europesays.com\/afrique\/wp-json\/wp\/v2\/categories?post=142018"},{"taxonomy":"post_tag","embeddable":true,"href":"https:\/\/www.europesays.com\/afrique\/wp-json\/wp\/v2\/tags?post=142018"}],"curies":[{"name":"wp","href":"https:\/\/api.w.org\/{rel}","templated":true}]}}