{"id":143796,"date":"2026-06-29T11:54:40","date_gmt":"2026-06-29T11:54:40","guid":{"rendered":"https:\/\/www.europesays.com\/afrique\/143796\/"},"modified":"2026-06-29T11:54:40","modified_gmt":"2026-06-29T11:54:40","slug":"mondial-2026-les-bafana-sortis-par-le-canada","status":"publish","type":"post","link":"https:\/\/www.europesays.com\/afrique\/143796\/","title":{"rendered":"Mondial 2026 : les Bafana sortis par le Canada"},"content":{"rendered":"<p>Le r\u00eave sud-africain s\u2019est arr\u00eat\u00e9 au bout du suspense. Les Bafana Bafana ont \u00e9t\u00e9 \u00e9limin\u00e9s du Mondial 2026 par le Canada, battus 1-0 apr\u00e8s un but inscrit dans les arr\u00eats de jeu par Stephen Eustaquio.<\/p>\n<p>Le sc\u00e9nario est cruel pour l\u2019Afrique du Sud, qui avait d\u00e9j\u00e0 marqu\u00e9 son tournoi en atteignant la phase \u00e0 \u00e9limination directe. Face au Canada, les joueurs sud-africains ont longtemps r\u00e9sist\u00e9, avec l\u2019id\u00e9e de pousser l\u2019adversaire vers la prolongation, voire jusqu\u2019aux tirs au but.<\/p>\n<p>Un but tardif qui change tout<\/p>\n<p>Alors que la rencontre semblait se diriger vers une prolongation, Stephen Eustaquio a re\u00e7u le ballon \u00e0 l\u2019entr\u00e9e de la surface sud-africaine. Sa frappe lointaine a surpris Ronwen Williams et envoy\u00e9 le Canada au tour suivant.<\/p>\n<p>Quelques minutes plus t\u00f4t, les deux \u00e9quipes s\u2019\u00e9taient neutralis\u00e9es dans un match ferm\u00e9, avec peu d\u2019occasions franches. Le Canada avait pourtant eu plusieurs situations dangereuses, notamment sur corner, mais la d\u00e9fense sud-africaine avait tenu bon.<\/p>\n<p>La fin de match a tout fait basculer. Apr\u00e8s le but canadien, les Bafana Bafana ont tent\u00e9 de r\u00e9agir dans l\u2019urgence, sans r\u00e9ussir \u00e0 trouver l\u2019\u00e9galisation.<\/p>\n<p>\t\t\t\t\t<a href=\"https:\/\/www.mafibremoov.ci\/\" title=\"\" target=\"_blank\" rel=\"nofollow noopener\"><br \/>\n\t\t\t\t\t\t<img loading=\"lazy\" title=\"\" decoding=\"async\" src=\"data:image\/svg+xml,%3Csvg%20xmlns=\" http:=\"\" alt=\"Mondial 2026 : les Bafana Bafana sortis par le Canada dans les arr\u00eats de jeu\" width=\"728\" height=\"91\" data-lazy-src=\"https:\/\/www.europesays.com\/afrique\/wp-content\/uploads\/2026\/06\/banniere_300x250_50mbps.jpg.webp\"\/><img loading=\"lazy\" title=\"\" decoding=\"async\" src=\"https:\/\/www.europesays.com\/afrique\/wp-content\/uploads\/2026\/06\/banniere_300x250_50mbps.jpg.webp\" alt=\"Mondial 2026 : les Bafana Bafana sortis par le Canada dans les arr\u00eats de jeu\" width=\"728\" height=\"91\"\/><br \/>\n\t\t\t\t\t<\/a><\/p>\n<p>Une sortie douloureuse, mais un parcours historique<\/p>\n<p>Pour l\u2019Afrique du Sud, l\u2019\u00e9limination fait mal parce qu\u2019elle arrive si tard. Mais elle ne doit pas effacer le parcours r\u00e9alis\u00e9 dans cette Coupe du monde. Les Bafana Bafana avaient d\u00e9j\u00e0 franchi une \u00e9tape symbolique en se hissant dans la phase \u00e0 \u00e9limination directe.<\/p>\n<p>Cette g\u00e9n\u00e9ration quitte donc le tournoi avec de la frustration, mais aussi avec une base sur laquelle construire. Le s\u00e9lectionneur et ses joueurs ont montr\u00e9 une \u00e9quipe plus solide, plus disciplin\u00e9e et capable de rivaliser dans des matches \u00e0 forte pression.<\/p>\n<p>Le Canada, de son c\u00f4t\u00e9, poursuit son aventure et attend d\u00e9sormais le vainqueur du duel entre le Maroc et les Pays-Bas. Pour le football africain, l\u2019attention se tourne donc aussi vers les Lions de l\u2019Atlas, qui peuvent prolonger l\u2019espoir du continent dans ce Mondial.<\/p>\n<p>Le football africain perd un repr\u00e9sentant<\/p>\n<p>Cette \u00e9limination r\u00e9duit les chances africaines dans la comp\u00e9tition, mais elle rappelle aussi une chose : les s\u00e9lections du continent ne viennent plus seulement pour participer. Elles sont capables de cr\u00e9er des matches serr\u00e9s, de d\u00e9fendre leur chance et de pousser leurs adversaires jusque dans les derni\u00e8res minutes.<\/p>\n<p>Pour les supporters sud-africains, la d\u00e9ception est immense. Le but encaiss\u00e9 dans les arr\u00eats de jeu restera longtemps dans les m\u00e9moires. Mais le parcours des Bafana Bafana aura aussi raviv\u00e9 une fiert\u00e9 autour d\u2019une \u00e9quipe qui a retrouv\u00e9 une vraie place dans le grand rendez-vous mondial.<\/p>\n","protected":false},"excerpt":{"rendered":"Le r\u00eave sud-africain s\u2019est arr\u00eat\u00e9 au bout du suspense. Les Bafana Bafana ont \u00e9t\u00e9 \u00e9limin\u00e9s du Mondial 2026&hellip;\n","protected":false},"author":2,"featured_media":143797,"comment_status":"","ping_status":"","sticky":false,"template":"","format":"standard","meta":{"footnotes":"","_share_on_mastodon":"0"},"categories":[2],"tags":[140,22002,2904,1452,18,51,1976,42258,46419,67,68,69,70],"class_list":["post-143796","post","type-post","status-publish","format-standard","has-post-thumbnail","category-europe","tag-afrique-du-sud","tag-bafana-bafana","tag-canada","tag-coupe-du-monde-2026","tag-europe","tag-europe-afrique","tag-mondial-2026","tag-ronwen-williams","tag-stephen-eustaquio","tag-ue","tag-ue-afrique","tag-union-europeenne","tag-union-europeenne-afrique"],"share_on_mastodon":{"url":"https:\/\/pubeurope.com\/@afrique\/116833266367617416","error":""},"_links":{"self":[{"href":"https:\/\/www.europesays.com\/afrique\/wp-json\/wp\/v2\/posts\/143796","targetHints":{"allow":["GET"]}}],"collection":[{"href":"https:\/\/www.europesays.com\/afrique\/wp-json\/wp\/v2\/posts"}],"about":[{"href":"https:\/\/www.europesays.com\/afrique\/wp-json\/wp\/v2\/types\/post"}],"author":[{"embeddable":true,"href":"https:\/\/www.europesays.com\/afrique\/wp-json\/wp\/v2\/users\/2"}],"replies":[{"embeddable":true,"href":"https:\/\/www.europesays.com\/afrique\/wp-json\/wp\/v2\/comments?post=143796"}],"version-history":[{"count":0,"href":"https:\/\/www.europesays.com\/afrique\/wp-json\/wp\/v2\/posts\/143796\/revisions"}],"wp:featuredmedia":[{"embeddable":true,"href":"https:\/\/www.europesays.com\/afrique\/wp-json\/wp\/v2\/media\/143797"}],"wp:attachment":[{"href":"https:\/\/www.europesays.com\/afrique\/wp-json\/wp\/v2\/media?parent=143796"}],"wp:term":[{"taxonomy":"category","embeddable":true,"href":"https:\/\/www.europesays.com\/afrique\/wp-json\/wp\/v2\/categories?post=143796"},{"taxonomy":"post_tag","embeddable":true,"href":"https:\/\/www.europesays.com\/afrique\/wp-json\/wp\/v2\/tags?post=143796"}],"curies":[{"name":"wp","href":"https:\/\/api.w.org\/{rel}","templated":true}]}}