{"id":143873,"date":"2026-06-29T13:49:08","date_gmt":"2026-06-29T13:49:08","guid":{"rendered":"https:\/\/www.europesays.com\/afrique\/143873\/"},"modified":"2026-06-29T13:49:08","modified_gmt":"2026-06-29T13:49:08","slug":"a-djerba-la-tunisie-teste-son-premier-bateau-de-peche-artisanal-propulse-a-lenergie-solaire","status":"publish","type":"post","link":"https:\/\/www.europesays.com\/afrique\/143873\/","title":{"rendered":"A Djerba, la Tunisie teste son premier bateau de p\u00eache artisanal propuls\u00e9 \u00e0 l\u2019\u00e9nergie solaire"},"content":{"rendered":"<p class=\"wp-block-paragraph\">bateau de p\u00eache artisanal<\/p>\n<p class=\"wp-block-paragraph\">La transition \u00e9nerg\u00e9tique gagne le secteur de la p\u00eache artisanale en Tunisie. Une premi\u00e8re navigation op\u00e9rationnelle d\u2019une embarcation fonctionnant enti\u00e8rement gr\u00e2ce \u00e0 une propulsion \u00e9lectrique aliment\u00e9e par l\u2019\u00e9nergie solaire a \u00e9t\u00e9 r\u00e9alis\u00e9e, lundi 29 juin, \u00e0 Ajim, sur l\u2019\u00eele de Djerba. Cette exp\u00e9rimentation, port\u00e9e par le WWF Afrique du Nord, ouvre la voie \u00e0 une p\u00eache plus durable et moins d\u00e9pendante des carburants fossiles.<\/p>\n<p>Une premi\u00e8re nationale pour la p\u00eache artisanale<\/p>\n<p class=\"wp-block-paragraph\">Le WWF Afrique du Nord a annonc\u00e9 la r\u00e9ussite de la premi\u00e8re navigation op\u00e9rationnelle en Tunisie d\u2019un bateau de p\u00eache artisanale \u00e9quip\u00e9 d\u2019un syst\u00e8me de propulsion \u00e9lectrique aliment\u00e9 par l\u2019\u00e9nergie solaire.<\/p>\n<p class=\"wp-block-paragraph\">Cette d\u00e9monstration, organis\u00e9e \u00e0 Ajim, constitue la premi\u00e8re application concr\u00e8te de cette technologie dans le pays. Selon l\u2019organisation, elle prouve qu\u2019une alternative aux moteurs thermiques est d\u00e9sormais envisageable pour les communaut\u00e9s de p\u00eacheurs, conciliant performance, durabilit\u00e9 et r\u00e9duction de l\u2019empreinte environnementale.<\/p>\n<p class=\"wp-block-paragraph\">Au-del\u00e0 de cette premi\u00e8re nationale, l\u2019initiative place la Tunisie parmi les pays pionniers du bassin m\u00e9diterran\u00e9en dans le domaine de la d\u00e9carbonisation de la p\u00eache artisanale.<\/p>\n<p>Pourquoi Ajim a \u00e9t\u00e9 choisie<\/p>\n<p class=\"wp-block-paragraph\">Le choix d\u2019Ajim, sur l\u2019\u00eele de Djerba, s\u2019explique par le dynamisme de sa communaut\u00e9 de p\u00eacheurs artisanaux, l\u2019engagement des acteurs locaux en faveur de la transition \u00e9nerg\u00e9tique ainsi que par des conditions d\u2019ensoleillement particuli\u00e8rement favorables \u00e0 l\u2019exploitation de l\u2019\u00e9nergie solaire.<\/p>\n<p class=\"wp-block-paragraph\">L\u2019exp\u00e9rimentation s\u2019inscrit dans le projet \u00ab D\u00e9carbonisation de la p\u00eache artisanale en Tunisie : Promotion de l\u2019\u00e9nergie propre pour des communaut\u00e9s c\u00f4ti\u00e8res durables \u00bb, financ\u00e9 par le Foreign, Commonwealth and Development Office (FCDO) du Royaume-Uni.<\/p>\n<p class=\"wp-block-paragraph\">Ce programme ambitionne d\u2019acc\u00e9l\u00e9rer l\u2019utilisation des \u00e9nergies propres dans la p\u00eache artisanale, de r\u00e9duire les \u00e9missions de gaz \u00e0 effet de serre, d\u2019am\u00e9liorer les conditions de vie des p\u00eacheurs et de pr\u00e9server les \u00e9cosyst\u00e8mes marins.<\/p>\n<p>Huit embarcations \u00e9quip\u00e9es et plus de 100 p\u00eacheurs form\u00e9s<\/p>\n<p class=\"wp-block-paragraph\">Mis en \u0153uvre pendant douze mois dans le golfe de Gab\u00e8s, le projet doit d\u00e9montrer la viabilit\u00e9 technique et \u00e9conomique de cette technologie.<\/p>\n<p class=\"wp-block-paragraph\">Il pr\u00e9voit notamment l\u2019\u00e9quipement de huit embarcations de p\u00eache artisanale avec des syst\u00e8mes de propulsion \u00e9lectrique aliment\u00e9s par l\u2019\u00e9nergie solaire ; la formation de plus de 100 p\u00eacheurs et repr\u00e9sentants d\u2019institutions concern\u00e9es ; la r\u00e9alisation d\u2019\u00e9tudes techniques et \u00e9conomiques afin d\u2019accompagner les futures politiques nationales de transition \u00e9nerg\u00e9tique dans le secteur.<\/p>\n<p class=\"wp-block-paragraph\">Le dispositif repose sur un moteur \u00e9lectrique adapt\u00e9 \u00e0 la navigation c\u00f4ti\u00e8re, une batterie rechargeable assurant l\u2019autonomie des sorties en mer et une station de recharge aliment\u00e9e par des panneaux photovolta\u00efques.<\/p>\n<p class=\"wp-block-paragraph\">Deux stations de recharge seront install\u00e9es au profit des Groupements de d\u00e9veloppement de la p\u00eache \u00e0 Ghannouch (gouvernorat de Gab\u00e8s) et \u00e0 Ajim (gouvernorat de M\u00e9denine).<\/p>\n<p>R\u00e9duire les co\u00fbts et pr\u00e9server le milieu marin<\/p>\n<p class=\"wp-block-paragraph\">Selon le WWF Afrique du Nord, cette technologie devrait permettre aux p\u00eacheurs de r\u00e9duire leurs d\u00e9penses en carburant tout en limitant les risques de pollution li\u00e9s aux hydrocarbures.<\/p>\n<p class=\"wp-block-paragraph\">Parmi les b\u00e9n\u00e9fices attendus figurent \u00e9galement une baisse des \u00e9missions de dioxyde de carbone (CO\u2082), une r\u00e9duction de la pollution sonore des moteurs thermiques, une am\u00e9lioration de la qualit\u00e9 de l\u2019air dans les zones c\u00f4ti\u00e8res et un renforcement de la r\u00e9silience \u00e9conomique des communaut\u00e9s de p\u00eacheurs.<\/p>\n<p class=\"wp-block-paragraph\">L\u2019objectif est enfin de faire de cette exp\u00e9rimentation un mod\u00e8le reproductible dans d\u2019autres r\u00e9gions tunisiennes ainsi que dans plusieurs pays du bassin m\u00e9diterran\u00e9en.<\/p>\n<p class=\"wp-block-paragraph\">Lire aussi :<\/p>\n","protected":false},"excerpt":{"rendered":"bateau de p\u00eache artisanal La transition \u00e9nerg\u00e9tique gagne le secteur de la p\u00eache artisanale en Tunisie. Une premi\u00e8re&hellip;\n","protected":false},"author":2,"featured_media":143874,"comment_status":"","ping_status":"","sticky":false,"template":"","format":"standard","meta":{"footnotes":"","_share_on_mastodon":"0"},"categories":[120],"tags":[4708,11892,46436,124],"class_list":["post-143873","post","type-post","status-publish","format-standard","has-post-thumbnail","category-tunisie","tag-djerba","tag-energie-solaire","tag-peche-artisanale-propre","tag-tunisie"],"share_on_mastodon":{"url":"https:\/\/pubeurope.com\/@afrique\/116833718348713757","error":""},"_links":{"self":[{"href":"https:\/\/www.europesays.com\/afrique\/wp-json\/wp\/v2\/posts\/143873","targetHints":{"allow":["GET"]}}],"collection":[{"href":"https:\/\/www.europesays.com\/afrique\/wp-json\/wp\/v2\/posts"}],"about":[{"href":"https:\/\/www.europesays.com\/afrique\/wp-json\/wp\/v2\/types\/post"}],"author":[{"embeddable":true,"href":"https:\/\/www.europesays.com\/afrique\/wp-json\/wp\/v2\/users\/2"}],"replies":[{"embeddable":true,"href":"https:\/\/www.europesays.com\/afrique\/wp-json\/wp\/v2\/comments?post=143873"}],"version-history":[{"count":0,"href":"https:\/\/www.europesays.com\/afrique\/wp-json\/wp\/v2\/posts\/143873\/revisions"}],"wp:featuredmedia":[{"embeddable":true,"href":"https:\/\/www.europesays.com\/afrique\/wp-json\/wp\/v2\/media\/143874"}],"wp:attachment":[{"href":"https:\/\/www.europesays.com\/afrique\/wp-json\/wp\/v2\/media?parent=143873"}],"wp:term":[{"taxonomy":"category","embeddable":true,"href":"https:\/\/www.europesays.com\/afrique\/wp-json\/wp\/v2\/categories?post=143873"},{"taxonomy":"post_tag","embeddable":true,"href":"https:\/\/www.europesays.com\/afrique\/wp-json\/wp\/v2\/tags?post=143873"}],"curies":[{"name":"wp","href":"https:\/\/api.w.org\/{rel}","templated":true}]}}