{"id":143973,"date":"2026-06-29T16:06:19","date_gmt":"2026-06-29T16:06:19","guid":{"rendered":"https:\/\/www.europesays.com\/afrique\/143973\/"},"modified":"2026-06-29T16:06:19","modified_gmt":"2026-06-29T16:06:19","slug":"mondial-2026-lafrique-du-sud-sort-de-peu-contre-le-canada","status":"publish","type":"post","link":"https:\/\/www.europesays.com\/afrique\/143973\/","title":{"rendered":"Mondial 2026 : l&rsquo;Afrique du Sud sort de peu contre le Canada"},"content":{"rendered":"<p class=\"mb-4 text-lg md:leading-8 break-words\">Le Canada bat l&rsquo;Afrique du Sud 1-0 lors du premier match \u00e0 \u00e9limination directe de la Coupe du monde gr\u00e2ce \u00e0 un but tardif de Stephen Eust\u00e1quio.<\/p>\n<p class=\"mb-4 text-lg md:leading-8 break-words\">Apr\u00e8s plus de 90 minutes de frustration et d\u2019incapacit\u00e9 \u00e0 d\u00e9stabiliser une \u00e9quipe sud-africaine tr\u00e8s prudente au SoFi Stadium, le Canada est entr\u00e9 dans l\u2019histoire en un instant lorsque la longue passe d\u2019Alistair Johnston dans la surface a \u00e9t\u00e9 d\u00e9gag\u00e9e directement dans la course de Stephen Eust\u00e1quio.<\/p>\n<p class=\"mb-4 text-lg md:leading-8 break-words\">Le milieu de terrain, qui \u00e9volue au Los Angeles FC, situ\u00e9 \u00e0 proximit\u00e9, a contr\u00f4l\u00e9 le ballon de la poitrine avec sang-froid avant de le propulser, sur le rebond, dans le coin inf\u00e9rieur du but de Ronwen Williams, puis de s\u2019\u00e9lancer pour c\u00e9l\u00e9brer avec le banc canadien \u00e0 la deuxi\u00e8me minute du temps additionnel de la seconde mi-temps.<\/p>\n<p class=\"mb-4 text-lg md:leading-8 break-words\">Juste apr\u00e8s que le Canada eut remport\u00e9 son premier match \u00e0 \u00e9limination directe en Coupe du monde, l&rsquo;entra\u00eeneur Jesse Marsch a rassembl\u00e9 ses joueurs sur la pelouse d&rsquo;un stade encore en pleine effervescence et qui a f\u00e9licit\u00e9 ses joueurs les remerciant de donner envies aux prochaines g\u00e9\u00e9nrations de jeunes canadiens de pratiquer ce sport.<\/p>\n<p class=\"mb-4 text-lg md:leading-8 break-words\">Le football n\u2019a jamais \u00e9t\u00e9 l\u2019\u00e9v\u00e9nement phare du calendrier sportif bien rempli du Canada, et Les Rouges ne disputent que leur troisi\u00e8me Coupe du monde cet \u00e9t\u00e9. Mais Marsch a compris que cette victoire historique 1-0 contre l\u2019Afrique du Sud dimanche est le genre d\u2019exploit capable de captiver l\u2019attention de toute une nation pendant une g\u00e9n\u00e9ration.<\/p>\n<p class=\"mb-4 text-lg md:leading-8 break-words\">Le Canada, qui occupe la 30e place du dernier classement mondial de la FIFA, s\u2019est qualifi\u00e9 pour affronter les Pays-Bas ou le Maroc samedi \u00e0 Houston.<\/p>\n","protected":false},"excerpt":{"rendered":"Le Canada bat l&rsquo;Afrique du Sud 1-0 lors du premier match \u00e0 \u00e9limination directe de la Coupe du&hellip;\n","protected":false},"author":2,"featured_media":143974,"comment_status":"","ping_status":"","sticky":false,"template":"","format":"standard","meta":{"footnotes":"","_share_on_mastodon":"0"},"categories":[123],"tags":[140,46467,295,44386,46468,42258,46419],"class_list":["post-143973","post","type-post","status-publish","format-standard","has-post-thumbnail","category-afrique-du-sud","tag-afrique-du-sud","tag-classement-mondial-de-la-fifa","tag-coupe-du-monde","tag-jesse-marsch","tag-los-angeles-fc","tag-ronwen-williams","tag-stephen-eustaquio"],"share_on_mastodon":{"url":"https:\/\/pubeurope.com\/@afrique\/116834256983602378","error":""},"_links":{"self":[{"href":"https:\/\/www.europesays.com\/afrique\/wp-json\/wp\/v2\/posts\/143973","targetHints":{"allow":["GET"]}}],"collection":[{"href":"https:\/\/www.europesays.com\/afrique\/wp-json\/wp\/v2\/posts"}],"about":[{"href":"https:\/\/www.europesays.com\/afrique\/wp-json\/wp\/v2\/types\/post"}],"author":[{"embeddable":true,"href":"https:\/\/www.europesays.com\/afrique\/wp-json\/wp\/v2\/users\/2"}],"replies":[{"embeddable":true,"href":"https:\/\/www.europesays.com\/afrique\/wp-json\/wp\/v2\/comments?post=143973"}],"version-history":[{"count":0,"href":"https:\/\/www.europesays.com\/afrique\/wp-json\/wp\/v2\/posts\/143973\/revisions"}],"wp:featuredmedia":[{"embeddable":true,"href":"https:\/\/www.europesays.com\/afrique\/wp-json\/wp\/v2\/media\/143974"}],"wp:attachment":[{"href":"https:\/\/www.europesays.com\/afrique\/wp-json\/wp\/v2\/media?parent=143973"}],"wp:term":[{"taxonomy":"category","embeddable":true,"href":"https:\/\/www.europesays.com\/afrique\/wp-json\/wp\/v2\/categories?post=143973"},{"taxonomy":"post_tag","embeddable":true,"href":"https:\/\/www.europesays.com\/afrique\/wp-json\/wp\/v2\/tags?post=143973"}],"curies":[{"name":"wp","href":"https:\/\/api.w.org\/{rel}","templated":true}]}}