{"id":145481,"date":"2026-07-01T12:47:42","date_gmt":"2026-07-01T12:47:42","guid":{"rendered":"https:\/\/www.europesays.com\/afrique\/145481\/"},"modified":"2026-07-01T12:47:42","modified_gmt":"2026-07-01T12:47:42","slug":"mondial-2026-le-canada-bat-lafrique-du-sud-et-va-en-8es","status":"publish","type":"post","link":"https:\/\/www.europesays.com\/afrique\/145481\/","title":{"rendered":"Mondial 2026 : le Canada bat l&rsquo;Afrique du Sud et va en 8es"},"content":{"rendered":"<p>Le Canada est qualifi\u00e9 pour les 8es de finale de \u00ab\u00a0son\u00a0\u00bb Mondial. Un but de Stephen Eustaquio dans le temps additionnel a permis aux \u00ab\u00a0Canucks\u00a0\u00bb de battre l&rsquo;Afrique du Sud 1-0, dimanche \u00e0 Los Angeles.<\/p>\n<p>Stephen Eustaquio a inscrit le but le plus important de l&rsquo;histoire du \u00ab\u00a0soccer\u00a0\u00bb au Canada. Apr\u00e8s 90 minutes insipides, les hommes du s\u00e9lectionneur Jesse Marsch ont fini par faire plier l&rsquo;Afrique du Sud dans leur premier match en phase finale d&rsquo;une Coupe du monde, mais ne retiendront que le r\u00e9sultat apr\u00e8s une performance peu convaincante.<\/p>\n<p>Le Canada, pour sa troisi\u00e8me participation \u00e0 un Mondial, et l&rsquo;Afrique du Sud (quatri\u00e8me tournoi), faisaient en effet leur premi\u00e8re apparition en phase \u00e0 \u00e9limination directe. De quoi forc\u00e9ment mettre une certaine pression sur les \u00e9paules des 22 acteurs.<\/p>\n<p>Alphonso Davies emballe le match<\/p>\n<p>La tension s&rsquo;est faite ressentir en premi\u00e8re p\u00e9riode, o\u00f9 l&rsquo;enjeu a pris le dessus sur le jeu. Trop timides, les \u00ab\u00a0Canucks\u00a0\u00bb se sont certes procur\u00e9 la plus grosse occasion d&rsquo;ouvrir le score lorsque Aubrey Modiba puis Ronwen Williams ont sauv\u00e9 sur leur ligne (44e), mais la rencontre, marqu\u00e9e par de nombreuses impr\u00e9cisions techniques, a mis du temps \u00e0 s&#8217;emballer.<\/p>\n<p>Il a fallu pour cela l&rsquo;entr\u00e9e de la star Alphonso Davies, de retour de blessure et qui avait regard\u00e9 les trois premi\u00e8res rencontres depuis le banc, \u00e0 la 75e. Revigor\u00e9s par l&rsquo;arriv\u00e9e de leur capitaine, joueur du Bayern Munich, les Canadiens ont montr\u00e9 un autre visage.<\/p>\n<p>C&rsquo;est finalement Eustaquio qui a d\u00e9livr\u00e9 les siens dans les derni\u00e8res minutes, gr\u00e2ce \u00e0 une belle demi-vol\u00e9e apr\u00e8s un ballon mal d\u00e9gag\u00e9 par les \u00ab\u00a0Bafana Bafana\u00a0\u00bb (90e+2). Le Canada affrontera les Pays-Bas ou le Maroc en 8es de finale, samedi \u00e0 Houston (19h00 en Suisse).<\/p>\n<p class=\"sources\">ats\/adav<\/p>\n","protected":false},"excerpt":{"rendered":"Le Canada est qualifi\u00e9 pour les 8es de finale de \u00ab\u00a0son\u00a0\u00bb Mondial. Un but de Stephen Eustaquio dans&hellip;\n","protected":false},"author":2,"featured_media":145482,"comment_status":"","ping_status":"","sticky":false,"template":"","format":"standard","meta":{"footnotes":"","_share_on_mastodon":"0"},"categories":[123],"tags":[140,46813,2904,295,46717,41141,36155,41381,46814,301,42735,46719,42736,46815,308,41411,46,46419],"class_list":["post-145481","post","type-post","status-publish","format-standard","has-post-thumbnail","category-afrique-du-sud","tag-afrique-du-sud","tag-afrique-du-sud-canada","tag-canada","tag-coupe-du-monde","tag-coupe-du-monde-2026-phase-finale-seiziemes-de-finale","tag-coupe-du-monde-de-football-2026","tag-coupe-du-monde-de-la-fifa","tag-coupe-du-monde-fifa","tag-coupe-mondiale","tag-fifa","tag-fifa-2018","tag-fifa-2026-16e","tag-fifa-2026-equipe-dafrique-du-sud","tag-fifa-2026-equipe-du-canada","tag-football","tag-los-angeles","tag-sport","tag-stephen-eustaquio"],"share_on_mastodon":{"url":"https:\/\/pubeurope.com\/@afrique\/116844799167615822","error":""},"_links":{"self":[{"href":"https:\/\/www.europesays.com\/afrique\/wp-json\/wp\/v2\/posts\/145481","targetHints":{"allow":["GET"]}}],"collection":[{"href":"https:\/\/www.europesays.com\/afrique\/wp-json\/wp\/v2\/posts"}],"about":[{"href":"https:\/\/www.europesays.com\/afrique\/wp-json\/wp\/v2\/types\/post"}],"author":[{"embeddable":true,"href":"https:\/\/www.europesays.com\/afrique\/wp-json\/wp\/v2\/users\/2"}],"replies":[{"embeddable":true,"href":"https:\/\/www.europesays.com\/afrique\/wp-json\/wp\/v2\/comments?post=145481"}],"version-history":[{"count":0,"href":"https:\/\/www.europesays.com\/afrique\/wp-json\/wp\/v2\/posts\/145481\/revisions"}],"wp:featuredmedia":[{"embeddable":true,"href":"https:\/\/www.europesays.com\/afrique\/wp-json\/wp\/v2\/media\/145482"}],"wp:attachment":[{"href":"https:\/\/www.europesays.com\/afrique\/wp-json\/wp\/v2\/media?parent=145481"}],"wp:term":[{"taxonomy":"category","embeddable":true,"href":"https:\/\/www.europesays.com\/afrique\/wp-json\/wp\/v2\/categories?post=145481"},{"taxonomy":"post_tag","embeddable":true,"href":"https:\/\/www.europesays.com\/afrique\/wp-json\/wp\/v2\/tags?post=145481"}],"curies":[{"name":"wp","href":"https:\/\/api.w.org\/{rel}","templated":true}]}}