{"id":146316,"date":"2026-07-02T13:36:12","date_gmt":"2026-07-02T13:36:12","guid":{"rendered":"https:\/\/www.europesays.com\/afrique\/146316\/"},"modified":"2026-07-02T13:36:12","modified_gmt":"2026-07-02T13:36:12","slug":"actes-contre-nature-transmission-volontaire-du-vih-un-reseau-criminel-demantele-a-yeumbeul-comico","status":"publish","type":"post","link":"https:\/\/www.europesays.com\/afrique\/146316\/","title":{"rendered":"Actes contre nature, transmission volontaire du VIH\u00a0: un r\u00e9seau criminel d\u00e9mantel\u00e9 \u00e0 Yeumbeul COMICO"},"content":{"rendered":"<p>Un r\u00e9seau criminel a \u00e9t\u00e9 d\u00e9mantel\u00e9 \u00e0 Yeumbeul Comico par la police. Ils ont \u00e9t\u00e9 d\u00e9f\u00e9r\u00e9s devant le procureur de la R\u00e9publique pour chantage, tentative d\u2019extorsion de fonds, actes contre nature, transmission volontaire du VIH et mise en danger de la vie d\u2019autrui.<\/p>\n<p>Le Commissariat d\u2019arrondissement de Yeumbeul Comico a proc\u00e9d\u00e9, le 1\u1d49\u02b3 juillet 2026, \u00e0 la conduite au parquet de six individus. Ces derniers sont poursuivis pour des chefs d\u2019inculpation graves : tentative d\u2019extorsion de fonds, chantage, actes contre nature, transmission volontaire du VIH et mise en danger d\u00e9lib\u00e9r\u00e9e de la vie d\u2019autrui.<\/p>\n<p>Dans une note rendue publique jeudi, la police souligne que le 27 juin dernier, aux environs de 1 heure 30, les \u00e9l\u00e9ments de la Brigade de Recherches, alors de retour d\u2019une mission d\u2019intervention, ont appr\u00e9hend\u00e9 et mis \u00e0 la disposition du Commissariat de Yeumbeul COMICO trois individus dont un tailleur et un ma\u00e7on.<\/p>\n<p>\u00ab\u00a0Il r\u00e9sulte des d\u00e9clarations de l\u2019un des mis en cause, qui s\u2019est pr\u00e9sent\u00e9 spontan\u00e9ment au service, qu\u2019il aurait \u00e9t\u00e9 victime d\u2019une tentative d\u2019extorsion de fonds de la part de deux individus rencontr\u00e9s initialement dans la commune de Mbour\u00a0\u00bb, rapporte notre source.<\/p>\n<p>Selon les d\u00e9positions de ce dernier, il est entr\u00e9 en contact avec l\u2019un des deux ma\u00eetres chanteurs par l\u2019interm\u00e9diaire du r\u00e9seau social TikTok. Apr\u00e8s un \u00e9change de coordonn\u00e9es t\u00e9l\u00e9phoniques, des conversations r\u00e9guli\u00e8res se sont poursuivies entre eux.<\/p>\n<p>De Mbour \u00e0 Dakar<\/p>\n<p>Ainsi, sur invitation de son interlocuteur, le plaignant s\u2019est rendu \u00e0 Mbour le 27 juin 2026. Alors qu\u2019ils se trouvaient dans une chambre plong\u00e9e dans l\u2019obscurit\u00e9, le second suspect a fait irruption dans la pi\u00e8ce, arm\u00e9 d\u2019une machette.<\/p>\n<p>\u00ab\u00a0Apr\u00e8s l\u2019avoir accus\u00e9 d\u2019homosexualit\u00e9, les agresseurs ont pris des clich\u00e9s photographiques de force, avant d\u2019exiger du plaignant la somme de 200 000 francs CFA, sous la menace d\u2019une diffusion imm\u00e9diate des images sur les r\u00e9seaux sociaux en cas de refus de paiement\u00a0\u00bb, indique le texte.<\/p>\n<p>Ne disposant pas de cette somme, poursuit la police, la victime a simul\u00e9 un accord en proposant de se rendre \u00e0 son domicile situ\u00e9 \u00e0 Boune (Dakar) afin d\u2019y r\u00e9unir les fonds. Une fois sur les lieux, l\u2019intervention des \u00e9l\u00e9ments de la Brigade de Recherches a \u00e9t\u00e9 sollicit\u00e9e, ce qui a permis l\u2019interpellation en flagrant d\u00e9lit et la conduite des deux suspects au commissariat.<\/p>\n<p>\u00ab\u00a0Entr\u00e9 en audition sommaire, le premier suspect a reconnu avoir r\u00e9clam\u00e9 les 200 000 francs CFA, tout en d\u00e9signant son complice comme l\u2019instigateur principal des faits. Entendu \u00e0 son tour, le pr\u00e9sum\u00e9 cerveau a confess\u00e9 les faits reproch\u00e9s, all\u00e9guant pour sa d\u00e9fense avoir agi en r\u00e9action \u00e0 des avances \u00e0 caract\u00e8re sexuel r\u00e9p\u00e9t\u00e9es de la part du plaignant\u00a0\u00bb, lit-on dans le texte.<\/p>\n<p>\u00c0 l\u2019issue de ces premi\u00e8res auditions, les deux ma\u00eetres chanteurs ont \u00e9t\u00e9 plac\u00e9s en garde \u00e0 vue pour chantage et tentative d\u2019extorsion de fonds, tandis que le plaignant initial a \u00e9galement \u00e9t\u00e9 maintenu en garde \u00e0 vue pour les n\u00e9cessit\u00e9s de l\u2019enqu\u00eate.<\/p>\n<p>Les t\u00e9l\u00e9phones ont parl\u00e9<\/p>\n<p>Sur ce, interrog\u00e9 ult\u00e9rieurement sur proc\u00e8s-verbal concernant les accusations d\u2019homosexualit\u00e9, le plaignant initial a d\u2019abord tent\u00e9 de nier. Cependant, l\u2019exploitation technique de son t\u00e9l\u00e9phone portable a apport\u00e9 des preuves irr\u00e9futables, le contraignant \u00e0 admettre son statut. Il a par la suite divulgu\u00e9 l\u2019identit\u00e9 de plusieurs de ses partenaires sexuels domicili\u00e9s entre Yeumbeul, Keur Mbaye Fall et Pikine.<\/p>\n<p>Les investigations men\u00e9es sur la base de ces aveux ont permis, d\u2019apr\u00e8s les \u00e9l\u00e9ments de la police, l\u2019interpellation de trois autres individus. Il s\u2019agit respectivement d\u2019un marchand ambulant, d\u2019un m\u00e9canicien et d\u2019un tailleur de profession.<\/p>\n<p>Par ailleurs, pr\u00e9cise la note, l\u2019examen des donn\u00e9es num\u00e9riques issues de l\u2019ensemble des t\u00e9l\u00e9phones portables a mis en \u00e9vidence l\u2019existence d\u2019un v\u00e9ritable r\u00e9seau structur\u00e9 d\u2019\u00e9changes et de rencontres via les applications WhatsApp et Messenger.<\/p>\n<p>Trois des mis en cause porteurs du VIH<\/p>\n<p>Sur le plan sanitaire, les r\u00e9sultats des r\u00e9quisitions m\u00e9dicales adress\u00e9es au Centre de sant\u00e9 de Yeumbeul ont r\u00e9v\u00e9l\u00e9 que trois des mis en cause sont porteurs du VIH. Entendus sur proc\u00e8s-verbal, ces trois porteurs ont reconnu avoir entretenu \u00e0 plusieurs reprises des relations sexuelles crois\u00e9es.<\/p>\n<p>L\u2019un d\u2019eux a pr\u00e9cis\u00e9 que certains rapports avec le premier mis en cause s\u2019\u00e9taient faits sans protection. Le troisi\u00e8me a quant \u00e0 lui affirm\u00e9 que l\u2019ensemble de ses rapports avec ce dernier \u00e9taient prot\u00e9g\u00e9s. Enfin, l\u2019un des partenaires cit\u00e9s dans le r\u00e9pertoire a formellement ni\u00e9 toute relation sexuelle, admettant uniquement conna\u00eetre le concern\u00e9 via TikTok.<\/p>\n<p>Mariama DIEME<\/p>\n","protected":false},"excerpt":{"rendered":"Un r\u00e9seau criminel a \u00e9t\u00e9 d\u00e9mantel\u00e9 \u00e0 Yeumbeul Comico par la police. Ils ont \u00e9t\u00e9 d\u00e9f\u00e9r\u00e9s devant le&hellip;\n","protected":false},"author":2,"featured_media":146317,"comment_status":"","ping_status":"","sticky":false,"template":"","format":"standard","meta":{"footnotes":"","_share_on_mastodon":"0"},"categories":[84],"tags":[18359,36179,3783,6565,47075,11,47076,29170],"class_list":["post-146316","post","type-post","status-publish","format-standard","has-post-thumbnail","category-senegal","tag-actes-contre-nature","tag-homosexualite-au-senegal","tag-pape-cheikh-diallo","tag-police-nationale","tag-police-senegalaise","tag-senegal","tag-transmission-volontaire-du-vih","tag-yeumbeul-comico"],"share_on_mastodon":{"url":"https:\/\/pubeurope.com\/@afrique\/116850654316862091","error":""},"_links":{"self":[{"href":"https:\/\/www.europesays.com\/afrique\/wp-json\/wp\/v2\/posts\/146316","targetHints":{"allow":["GET"]}}],"collection":[{"href":"https:\/\/www.europesays.com\/afrique\/wp-json\/wp\/v2\/posts"}],"about":[{"href":"https:\/\/www.europesays.com\/afrique\/wp-json\/wp\/v2\/types\/post"}],"author":[{"embeddable":true,"href":"https:\/\/www.europesays.com\/afrique\/wp-json\/wp\/v2\/users\/2"}],"replies":[{"embeddable":true,"href":"https:\/\/www.europesays.com\/afrique\/wp-json\/wp\/v2\/comments?post=146316"}],"version-history":[{"count":0,"href":"https:\/\/www.europesays.com\/afrique\/wp-json\/wp\/v2\/posts\/146316\/revisions"}],"wp:featuredmedia":[{"embeddable":true,"href":"https:\/\/www.europesays.com\/afrique\/wp-json\/wp\/v2\/media\/146317"}],"wp:attachment":[{"href":"https:\/\/www.europesays.com\/afrique\/wp-json\/wp\/v2\/media?parent=146316"}],"wp:term":[{"taxonomy":"category","embeddable":true,"href":"https:\/\/www.europesays.com\/afrique\/wp-json\/wp\/v2\/categories?post=146316"},{"taxonomy":"post_tag","embeddable":true,"href":"https:\/\/www.europesays.com\/afrique\/wp-json\/wp\/v2\/tags?post=146316"}],"curies":[{"name":"wp","href":"https:\/\/api.w.org\/{rel}","templated":true}]}}