{"id":1466,"date":"2026-02-04T17:14:06","date_gmt":"2026-02-04T17:14:06","guid":{"rendered":"https:\/\/www.europesays.com\/afrique\/1466\/"},"modified":"2026-02-04T17:14:06","modified_gmt":"2026-02-04T17:14:06","slug":"assassinat-de-saif-al-islam-kadhafi-il-y-a-aussi-tres-probablement-des-interets-etrangers-invite-afrique-midi","status":"publish","type":"post","link":"https:\/\/www.europesays.com\/afrique\/1466\/","title":{"rendered":"Assassinat de Sa\u00eff al-Islam Kadhafi: \u00abIl y a aussi tr\u00e8s probablement des int\u00e9r\u00eats \u00e9trangers\u00bb &#8211; Invit\u00e9 Afrique Midi"},"content":{"rendered":"<p>\n                                                Sa\u00eff al-Islam Kadhafi a \u00e9t\u00e9 assassin\u00e9 en Libye ce mardi 3 f\u00e9vrier \u00e0 l&rsquo;\u00e2ge de 53 ans. Le fils cadet de l&rsquo;ancien dictateur libyen Mouammar Kadhafi a \u00e9t\u00e9 tu\u00e9 par balles \u00e0 son domicile \u00e0 Zintan dans le nord-ouest du pays. Une enqu\u00eate a \u00e9t\u00e9 ouverte dans la foul\u00e9e pour faire la lumi\u00e8re sur cet assassinat. Explications avec Virginie Colombier, docteure en sciences politiques et professeure \u00e0 l&rsquo;universit\u00e9 Luiss Guido Carli de Rome.                    <\/p>\n<p>RFI\u00a0: \u00c0 qui profite le crime de tuer Sa\u00eff al-Islam Kadhafi en Libye ? <\/p>\n<p>Virginie Collombier\u00a0: D\u2019une certaine mani\u00e8re, \u00e7a profite \u00e0 un certain nombre d&rsquo;acteurs politiques qui continuent \u00e0 le percevoir comme ses rivaux. Mais il y a aussi beaucoup de personnes qui ne vont pas forc\u00e9ment b\u00e9n\u00e9ficier de ce nouvel \u00e9pisode, parce qu&rsquo;il est \u00e0 craindre que \u00e7a cr\u00e9e beaucoup d&rsquo;instabilit\u00e9 de nouveau. Mais ses principaux adversaires politiques, que ce soit Dabaiba, que ce soit le clan <a href=\"https:\/\/www.rfi.fr\/fr\/tag\/khalifa-haftar\/\" target=\"_self\" rel=\"nofollow noopener\">Haftar<\/a>, que ce soit m\u00eame certains acteurs r\u00e9gionaux, peuvent avoir \u00e0 gagner \u00e0 la disparition de cette personnalit\u00e9 capable de rassembler malgr\u00e9 tout derri\u00e8re lui.<\/p>\n<p>Justement, Sa\u00eff al-Islam Kadhafi \u00e9tait l&rsquo;une des rares personnalit\u00e9s politiques en Libye qui appelait \u00e0 la r\u00e9unification du pays. Est-ce que c&rsquo;est une raison pour se d\u00e9barrasser de lui ? <\/p>\n<p>Il avait compris qu&rsquo;il avait int\u00e9r\u00eat \u00e0 jouer cette carte de la r\u00e9conciliation nationale. Je ne dis pas s&rsquo;il y croyait, s&rsquo;il n&rsquo;y croyait pas, mais disons qu&rsquo;il a tent\u00e9 de se positionner de cette mani\u00e8re dans un contexte o\u00f9, depuis maintenant plus de dix ans, on a un pays qui est divis\u00e9 entre deux camps. Et donc, lui, tentait de reprendre le flambeau de l&rsquo;id\u00e9e d&rsquo;une <a href=\"https:\/\/www.rfi.fr\/fr\/tag\/libye\/\" target=\"_self\" rel=\"nofollow noopener\">Libye<\/a> unie qui pouvait travailler ensemble et qui \u00e9tait rassembl\u00e9e autour d&rsquo;un grand projet de r\u00e9conciliation nationale. Ce n&rsquo;est pas quelque chose qui \u00e9tait n\u00e9cessairement bien vue de la part des deux principaux centres de pouvoir, qui vraiment voient cette perspective d&rsquo;une troisi\u00e8me voie ou d&rsquo;une troisi\u00e8me composante du camp politique comme un possible danger pour leur capacit\u00e9 \u00e0 se mettre d&rsquo;accord et \u00e0 continuer \u00e0 partager le g\u00e2teau du pouvoir et des ressources.<\/p>\n<p class=\"a-read-more\">\u00c0 lire aussi<a href=\"https:\/\/www.rfi.fr\/fr\/afrique\/20260204-d\u00e9c\u00e8s-de-sa\u00eff-al-islam-kadhafi-retour-sur-la-trajectoire-contrari\u00e9e-d-une-succession-libyenne\" target=\"_self\" class=\"a-read-more__link\" rel=\"nofollow noopener\">D\u00e9c\u00e8s de Sa\u00eff al-Islam Kadhafi: retour sur la trajectoire contrari\u00e9e d&rsquo;une succession libyenne<\/a><\/p>\n<p>Cet assassinat intervient moins de trois semaines apr\u00e8s la mort, accidentelle ou pas, de Mohamed Al-Haddad, qui dirigeait l&rsquo;arm\u00e9e de l&rsquo;ouest libyen. Est-ce que vous y voyez un rapport ? <\/p>\n<p>Malheureusement, on peut se poser cette question. Il y a eu la mort de Mohamed Haddad il y a quelques semaines, il y a aussi quelques mois, la mort pas du tout accidentelle, dans le cadre d&rsquo;affrontements arm\u00e9s avec des groupes li\u00e9s \u00e0 Dabaiba, d&rsquo;un autre chef, un autre acteur s\u00e9curitaire tr\u00e8s important de Tripoli. Ce qui fait donc na\u00eetre beaucoup de soup\u00e7ons et de doutes sur la nature de ces assassinats, qui sont pr\u00e9sent\u00e9s par le public libyen comme des assassinats politiques. On a l&rsquo;impression qu&rsquo;il y a une sorte de processus pour \u00e9liminer les uns apr\u00e8s les autres les acteurs qui, potentiellement, ont une capacit\u00e9 \u00e0 rassembler autour d&rsquo;eux ou \u00e0 jouer un r\u00f4le sur le plan s\u00e9curitaire. Donc, \u00e7a fait penser \u00e0 beaucoup, que ce soit du c\u00f4t\u00e9 du clan Dabaiba, soit du c\u00f4t\u00e9 du camp Haftar. Il y a de toute fa\u00e7on un int\u00e9r\u00eat \u00e0 \u00e9liminer ces figures-l\u00e0 pour \u00e9liminer toute opposition \u00e0 un nouveau projet politique et \u00e0 une nouvelle reconfiguration du pouvoir. Effectivement, on peut difficilement ne pas faire le lien entre au moins ces trois assassinats importants qui tous les trois sont survenus dans des conditions particuli\u00e8rement troubles.<\/p>\n<p>Justement, beaucoup de questions sont pos\u00e9es par beaucoup de Libyens sur le timing de cette op\u00e9ration&#8230;<\/p>\n<p>Oui, le timing est d&rsquo;autant plus probl\u00e9matique et important que, depuis maintenant quelques semaines, a enfin commenc\u00e9 le fameux dialogue structur\u00e9 qui \u00e9tait pr\u00e9sent\u00e9 comme un des points essentiels de la nouvelle initiative de la repr\u00e9sentante des Nations unies en Libye, et qui avait vocation \u00e0 rassembler des acteurs libyens de toutes tendances pour essayer de r\u00e9fl\u00e9chir sur quatre th\u00e9matiques principales qui sont au centre du conflit, et d&rsquo;essayer d&rsquo;arriver \u00e0 proposer une sortie de crise avec un accord sur un certain nombre de questions li\u00e9es \u00e0 la base constitutionnelle, sur les principaux enjeux, en fait, les choses qui ont bloqu\u00e9 l&rsquo;accord politique depuis maintenant plusieurs ann\u00e9es. Donc, le fait que cet assassinat ait lieu \u00e0 ce moment pr\u00e9cis peut aussi \u00eatre interpr\u00e9t\u00e9 comme une tentative de faire d\u00e9railler ce processus onusien, un peu comme ce qui s&rsquo;\u00e9tait pass\u00e9 en 2019, lorsque la Conf\u00e9rence nationale pr\u00e9vue par les Nations unies au cours de l&rsquo;ann\u00e9e pr\u00e9c\u00e9dente avait compl\u00e8tement capot\u00e9 du fait de l&rsquo;intervention militaire de Haftar contre la capitale, Tripoli.\u00a0<\/p>\n<p class=\"a-read-more\">\u00c0 lire aussi<a href=\"https:\/\/www.rfi.fr\/fr\/afrique\/20260204-libye-ce-que-l-on-sait-sur-les-circonstances-de-la-mort-de-sa\u00eff-al-islam-kadhafi\" target=\"_self\" class=\"a-read-more__link\" rel=\"nofollow noopener\">Libye: ce que l&rsquo;on sait sur les circonstances de la mort de Sa\u00eff al-Islam Kadhafi<\/a><\/p>\n<p>Quelles cons\u00e9quences a cet assassinat sur les prochaines \u00e9lections qui se pr\u00e9parent avec l&rsquo;aide des \u00c9tats-Unis et les efforts de plusieurs pays ? <\/p>\n<p>On est dans un processus de dialogue et de m\u00e9diation renouvel\u00e9, guid\u00e9 par les Nations unies plus que par les \u00c9tats-Unis. Les \u00c9tats-Unis n&rsquo;expriment plus vraiment d&rsquo;int\u00e9r\u00eat particulier pour les \u00e9lections, \u00e0 vrai dire. Mais le risque maintenant, c&rsquo;est que ce processus de dialogue men\u00e9 par les Nations unies soit s\u00e9rieusement perturb\u00e9. On a un certain nombre d&rsquo;acteurs qui sont li\u00e9s aux groupes dits de l&rsquo;ancien r\u00e9gime, qui, tr\u00e8s vraisemblablement, vont avoir beaucoup de r\u00e9ticences maintenant \u00e0 continuer \u00e0 participer au dialogue national men\u00e9 par les Nations unies. Et donc, s&rsquo;il y a un retrait, en fait, de ces forces-l\u00e0 qui repr\u00e9sentent le camp de l&rsquo;Ancien r\u00e9gime, \u00e9videmment toute la tentative de construire un nouveau consensus national et d&rsquo;arriver \u00e0 une sorte de r\u00e9conciliation nationale risque d&rsquo;\u00e9chouer parce qu&rsquo;on repart dans une situation un peu comme en 2011, o\u00f9 vous avez toute une partie du champ politique et en particulier ses acteurs qui \u00e9taient plus ou moins derri\u00e8re ces faits \u00e0 l&rsquo;islam, qui vont refuser de participer. Et on risque d&rsquo;avoir de nouveau une polarisation tr\u00e8s forte. Et on le voit d\u00e9j\u00e0 dans les r\u00e9seaux sociaux ce mardi matin, il y a un discours tr\u00e8s, tr\u00e8s dur. Donc, on voit que les tensions vont tr\u00e8s vraisemblablement repartir.<\/p>\n<p class=\"a-read-more\">\u00c0 lire aussi<a href=\"https:\/\/www.rfi.fr\/fr\/podcasts\/revue-de-presse-afrique\/20260204-\u00e0-la-une-qui-a-tu\u00e9-sa\u00eff-al-islam-kadhafi\" target=\"_self\" class=\"a-read-more__link\" rel=\"nofollow noopener\">\u00c0 la Une: qui a tu\u00e9 Sa\u00eff al-Islam Kadhafi?<\/a><\/p>\n<p>Depuis l&rsquo;annonce de sa mort, il y a eu des accusations, contre la brigade 444, et aussi contre des forces internationales ou r\u00e9gionales impliqu\u00e9es en Libye et avec de nombreux int\u00e9r\u00eats dans le pays. Qu&rsquo;en pensez-vous\u00a0?<\/p>\n<p>Oui, il y a beaucoup d&rsquo;accusations et beaucoup d&rsquo;hypoth\u00e8ses qui circulent depuis lundi soir. Pour l&rsquo;instant, il y a tr\u00e8s peu d&rsquo;informations claires qui ont \u00e9merg\u00e9, simplement des communiqu\u00e9s officiels de la part de proches de Sa\u00eff al-Islam et en particulier de son bureau politique. Comme on le disait au d\u00e9but, \u00e9videmment, il y a un certain nombre d&rsquo;acteurs libyens qui peuvent avoir un int\u00e9r\u00eat \u00e0 l&rsquo;\u00e9limination de Sa\u00eff al-Islam, mais il ne faut pas oublier que depuis d\u00e9j\u00e0 de nombreuses ann\u00e9es, le contexte libyen est tr\u00e8s fortement imbriqu\u00e9 avec le contexte r\u00e9gional et international. Et toutes les principales forces libyennes, d&rsquo;une mani\u00e8re ou d&rsquo;une autre, sont li\u00e9es et ont des sortes d&rsquo;alliances plus ou moins claires avec des acteurs r\u00e9gionaux. Donc, \u00e9videmment, il y a une imbrication de ces deux \u00e9l\u00e9ments, et \u00e7a veut dire que tr\u00e8s probablement, il y a aussi des int\u00e9r\u00eats \u00e9trangers qui sont li\u00e9s \u00e0 cet assassinat. Mais pour l&rsquo;instant, c&rsquo;est difficile \u00e0 dire de mani\u00e8re tr\u00e8s claire. Il faut aussi peut-\u00eatre rappeler que les \u00e9volutions de la politique am\u00e9ricaine, si on peut l&rsquo;appeler comme \u00e7a, sont en train de perturber consid\u00e9rablement le jeu &#8211; le jeu libyen et le jeu r\u00e9gional. Et on voit qu&rsquo;il y a une sorte de tentation de regrouper et d&rsquo;essayer d&rsquo;avoir un accord entre les deux principales factions et d&rsquo;\u00e9liminer d&rsquo;\u00e9ventuels fauteurs de trouble. Donc, il y a vraiment un contexte r\u00e9gional et international qui est important, qui fait bouger les lignes, mais pour l&rsquo;instant, c&rsquo;est encore trop t\u00f4t pour en tirer des conclusions tr\u00e8s claires. En tout cas, ce n\u2019est pas forc\u00e9ment une bonne nouvelle pour la stabilit\u00e9 du pays et pour la r\u00e9conciliation nationale, et certainement pas non plus pour les tentatives onusiennes d&rsquo;arriver \u00e0 un accord sur des points principaux du conflit des forces r\u00e9gionales.<\/p>\n<p class=\"a-read-more\">\u00c0 lire aussi<a href=\"https:\/\/www.rfi.fr\/fr\/afrique\/20250121-exclusif-rfi-sa\u00eff-al-islam-kadhafi-sort-de-son-silence-et-r\u00e9it\u00e8re-ses-accusations-contre-nicolas-sarkozy\" target=\"_self\" class=\"a-read-more__link\" rel=\"nofollow noopener\">Sa\u00eff al-Islam Kadhafi sort de son silence et r\u00e9it\u00e8re ses accusations contre Nicolas Sarkozy<\/a><\/p>\n","protected":false},"excerpt":{"rendered":"Sa\u00eff al-Islam Kadhafi a \u00e9t\u00e9 assassin\u00e9 en Libye ce mardi 3 f\u00e9vrier \u00e0 l&rsquo;\u00e2ge de 53 ans. Le&hellip;\n","protected":false},"author":2,"featured_media":1467,"comment_status":"","ping_status":"","sticky":false,"template":"","format":"standard","meta":{"footnotes":""},"categories":[4],"tags":[6,1175,125],"class_list":{"0":"post-1466","1":"post","2":"type-post","3":"status-publish","4":"format-standard","5":"has-post-thumbnail","7":"category-afrique","8":"tag-afrique","9":"tag-invite-afrique-midi","10":"tag-libye"},"share_on_mastodon":{"url":"","error":""},"_links":{"self":[{"href":"https:\/\/www.europesays.com\/afrique\/wp-json\/wp\/v2\/posts\/1466","targetHints":{"allow":["GET"]}}],"collection":[{"href":"https:\/\/www.europesays.com\/afrique\/wp-json\/wp\/v2\/posts"}],"about":[{"href":"https:\/\/www.europesays.com\/afrique\/wp-json\/wp\/v2\/types\/post"}],"author":[{"embeddable":true,"href":"https:\/\/www.europesays.com\/afrique\/wp-json\/wp\/v2\/users\/2"}],"replies":[{"embeddable":true,"href":"https:\/\/www.europesays.com\/afrique\/wp-json\/wp\/v2\/comments?post=1466"}],"version-history":[{"count":0,"href":"https:\/\/www.europesays.com\/afrique\/wp-json\/wp\/v2\/posts\/1466\/revisions"}],"wp:featuredmedia":[{"embeddable":true,"href":"https:\/\/www.europesays.com\/afrique\/wp-json\/wp\/v2\/media\/1467"}],"wp:attachment":[{"href":"https:\/\/www.europesays.com\/afrique\/wp-json\/wp\/v2\/media?parent=1466"}],"wp:term":[{"taxonomy":"category","embeddable":true,"href":"https:\/\/www.europesays.com\/afrique\/wp-json\/wp\/v2\/categories?post=1466"},{"taxonomy":"post_tag","embeddable":true,"href":"https:\/\/www.europesays.com\/afrique\/wp-json\/wp\/v2\/tags?post=1466"}],"curies":[{"name":"wp","href":"https:\/\/api.w.org\/{rel}","templated":true}]}}