{"id":147935,"date":"2026-07-04T07:33:58","date_gmt":"2026-07-04T07:33:58","guid":{"rendered":"https:\/\/www.europesays.com\/afrique\/147935\/"},"modified":"2026-07-04T07:33:58","modified_gmt":"2026-07-04T07:33:58","slug":"cote-divoire-norvege-les-compositions-probables-du-16e-de-finale-de-la-coupe-du-monde-avec-diomande-et-haaland","status":"publish","type":"post","link":"https:\/\/www.europesays.com\/afrique\/147935\/","title":{"rendered":"C\u00f4te d\u2019Ivoire &#8211; Norv\u00e8ge. Les compositions probables du 16e de finale de la Coupe du monde avec Diomand\u00e9 et Haaland"},"content":{"rendered":"<p>Apr\u00e8s la victoire de la France contre la Norv\u00e8ge, Erling Haaland n\u2019avait pas l\u2019air attrist\u00e9 <a href=\"https:\/\/www.ouest-france.fr\/sport\/coupe-du-monde\/direct\/direct-norvege-france-suivez-le-dernier-match-de-poule-des-bleus-de-la-coupe-du-monde-en-live-7335a891-4cd1-4be5-ae1c-ef956abb71a4\" target=\"_blank\" rel=\"nofollow noopener\">(4-1)<\/a>. Peut-\u00eatre avait-il d\u00e9j\u00e0 les yeux tourn\u00e9s vers le 16e de finale contre la C\u00f4te d\u2019Ivoire, comme l\u2019air de dire que ses Vikings \u00e9taient pr\u00eats pour ce grand rendez-vous. Et si le s\u00e9lectionneur Stale Solbakken avait d\u00e9cid\u00e9 de faire tourner face aux Bleus, l\u2019\u00e9quipe type norv\u00e9gienne devrait, sauf grosse surprise, \u00eatre align\u00e9e ce mardi 30 juin. Avec Haaland, donc, mais aussi Alexander Sorloth et le capitaine Martin Odegaard.<\/p>\n<p>Face \u00e0 eux, se dressent toutefois des Ivoiriens ambitieux. Priv\u00e9e de Wilfried Singo, bless\u00e9, la s\u00e9lection d\u2019\u00c9merse Fa\u00e9 a de s\u00e9rieux arguments offensifs, avec notamment le ph\u00e9nom\u00e8ne Yan Diomand\u00e9 et le buteur Nicolas P\u00e9p\u00e9, en grande forme dans ce Mondial. Le coup d\u2019envoi de la rencontre sera donn\u00e9 19\u00a0h \u00e0\u00a0l\u2019AT&amp;T Stadium d\u2019Arlington.<\/p>\n<p>Lire aussi\u00a0: <a href=\"https:\/\/www.ouest-france.fr\/sport\/coupe-du-monde\/coupe-du-monde-il-va-falloir-sy-faire-le-continent-africain-bien-represente-symbole-dune-montee-en-puissance-a6fb6138-739e-11f1-82f2-8f02834cc235\" target=\"_blank\" rel=\"nofollow noopener\">\u00ab\u00a0Il va falloir s\u2019y faire\u00a0!\u00a0\u00bb\u00a0: le continent africain bien repr\u00e9sent\u00e9, symbole d\u2019une mont\u00e9e en puissance<\/a><\/p>\n<p>        Les compositions probables pour ce 16e de finale<\/p>\n<p>Norv\u00e8ge\u00a0: Haaland, Sorloth, Nusa, Berg, Berge, Odegaard, Aursnes, Ajer, Heggem, Wolfe, Nyland.<\/p>\n<p>C\u00f4te d\u2019Ivoire\u00a0: P\u00e9p\u00e9, Bonny, Inao Oulai, Kessi\u00e9, Sangar\u00e9, Y.Diomand\u00e9, Dou\u00e9, Kossounou, O. Diomand\u00e9, Op\u00e9ri, Fofana.<\/p>\n","protected":false},"excerpt":{"rendered":"Apr\u00e8s la victoire de la France contre la Norv\u00e8ge, Erling Haaland n\u2019avait pas l\u2019air attrist\u00e9 (4-1). Peut-\u00eatre avait-il&hellip;\n","protected":false},"author":2,"featured_media":147936,"comment_status":"","ping_status":"","sticky":false,"template":"","format":"standard","meta":{"footnotes":"","_share_on_mastodon":"0"},"categories":[154],"tags":[1012,216,2631,12576,23887,25090,308,5426,46],"class_list":["post-147935","post","type-post","status-publish","format-standard","has-post-thumbnail","category-cote-divoire","tag-actualite-en-continu","tag-cote-divoire","tag-coupe-du-monde-de-football","tag-equipe-cote-divoire-football","tag-equipe-norvege-football","tag-erling-haaland","tag-football","tag-norvege","tag-sport"],"share_on_mastodon":{"url":"https:\/\/pubeurope.com\/@afrique\/116860555282478091","error":""},"_links":{"self":[{"href":"https:\/\/www.europesays.com\/afrique\/wp-json\/wp\/v2\/posts\/147935","targetHints":{"allow":["GET"]}}],"collection":[{"href":"https:\/\/www.europesays.com\/afrique\/wp-json\/wp\/v2\/posts"}],"about":[{"href":"https:\/\/www.europesays.com\/afrique\/wp-json\/wp\/v2\/types\/post"}],"author":[{"embeddable":true,"href":"https:\/\/www.europesays.com\/afrique\/wp-json\/wp\/v2\/users\/2"}],"replies":[{"embeddable":true,"href":"https:\/\/www.europesays.com\/afrique\/wp-json\/wp\/v2\/comments?post=147935"}],"version-history":[{"count":0,"href":"https:\/\/www.europesays.com\/afrique\/wp-json\/wp\/v2\/posts\/147935\/revisions"}],"wp:featuredmedia":[{"embeddable":true,"href":"https:\/\/www.europesays.com\/afrique\/wp-json\/wp\/v2\/media\/147936"}],"wp:attachment":[{"href":"https:\/\/www.europesays.com\/afrique\/wp-json\/wp\/v2\/media?parent=147935"}],"wp:term":[{"taxonomy":"category","embeddable":true,"href":"https:\/\/www.europesays.com\/afrique\/wp-json\/wp\/v2\/categories?post=147935"},{"taxonomy":"post_tag","embeddable":true,"href":"https:\/\/www.europesays.com\/afrique\/wp-json\/wp\/v2\/tags?post=147935"}],"curies":[{"name":"wp","href":"https:\/\/api.w.org\/{rel}","templated":true}]}}