{"id":149982,"date":"2026-07-06T22:42:12","date_gmt":"2026-07-06T22:42:12","guid":{"rendered":"https:\/\/www.europesays.com\/afrique\/149982\/"},"modified":"2026-07-06T22:42:12","modified_gmt":"2026-07-06T22:42:12","slug":"mahrez-aura-tout-donne-pour-ses-derniers-matchs-avec-lalgerie","status":"publish","type":"post","link":"https:\/\/www.europesays.com\/afrique\/149982\/","title":{"rendered":"Mahrez aura tout donn\u00e9 pour ses derniers matchs avec l&rsquo;Alg\u00e9rie"},"content":{"rendered":"<p style=\"text-align: justify\">Riyad Mahrez (35 ans) a d\u00e9cid\u00e9 de raccrocher avec l\u2019Alg\u00e9rie apr\u00e8s plus de douze ans de loyaux services. Ces derni\u00e8res ann\u00e9es, \u00e7a n\u2019a pas \u00e9t\u00e9 tr\u00e8s \u00e9vident pour lui en s\u00e9lection. Cependant, se sachant proche de se retirer \u00e0 l\u2019international, le capitaine des Verts s\u2019est transcend\u00e9 pour ses deux derniers tournois sous le maillot Dz. D\u00e9tails.<\/p>\n<p><a href=\"https:\/\/lagazettedufennec.com\/?pm_click=213557\" target=\"_blank\" rel=\"noopener nofollow\"><img loading=\"lazy\" width=\"2560\" height=\"660\" alt=\"\" decoding=\"async\" style=\"max-width:100%;height:auto;display:block;width:100%\" class=\"perfmatters-lazy\" src=\"https:\/\/www.europesays.com\/afrique\/wp-content\/uploads\/2026\/06\/970x250.jpg-scaled.jpeg\"\/><\/a><\/p>\n<p>Avant la CAN 2025 et la Coupe du Monde 2026, le passeur historique (39 offrandes, c\u2019est le chiffre exact) d\u2019El-Khadra \u00e9tait en dedans \u00e0 l\u2019image de la s\u00e9lection qui avait rat\u00e9 les CAN 2021 et 2023. Lors de ces deux \u00e9ditions de la messe continentale, Mahrez n\u2019a pu ni marquer ni faire des passes D.<\/p>\n<p>6 contributions sur les 8 derniers matchs de phases finales<\/p>\n<p>Cette baisse de productivit\u00e9 n\u2019\u00e9tait pas sans cons\u00e9quences puisque l\u2019EN a quitt\u00e9 les \u00e9preuves d\u00e8s le premier tour terminant derni\u00e8re de la poule. C\u2019est pour d\u00e9montrer que Mahrez \u00e9tait un vrai \u201cimpact player\u201d et que quand il se sentait moins bien ou peu inspir\u00e9, cela avait des cons\u00e9quences directes sur les parcours des Guerrier du D\u00e9sert en phase finale d\u2019un tournoi. L\u2019illustration avec la CAN 2025 dans laquelle il \u00e9tait le meilleur buteur de l\u2019\u00e9quipe nationale avec 3 r\u00e9alisations en 4 apparitions gr\u00e2ce auxquelles l\u2019Alg\u00e9rie a pass\u00e9 le premier tour.<\/p>\n<p>Au Mondial 2026, il \u00e9tait aussi parvenu \u00e0 se montrer crucial avec 2 pions et 1 assist des 5 r\u00e9alisation alg\u00e9riennes (60% de contribution) pour d\u00e9gager la voie vers les seizi\u00e8mes de finale. En tout, sur ses 8 derni\u00e8res capes (7 comme titulaire) en phases finales, il a inscrit 5 buts pour 1 passe D devenant \u2013 par la m\u00eame occasion \u2013 deuxi\u00e8me meilleur buteur de la s\u00e9lection (40 banderilles) derri\u00e8re Islam Slimani, avant-centre de m\u00e9tier. Somme toute, on peut dire que Mahrez a tout donn\u00e9 pour ses derniers mois avec l\u2019Alg\u00e9rie. Il part avec le sentiment du devoir accompli.<\/p>\n<p>\u00a0<\/p>\n<p>\u00a0<\/p>\n","protected":false},"excerpt":{"rendered":"Riyad Mahrez (35 ans) a d\u00e9cid\u00e9 de raccrocher avec l\u2019Alg\u00e9rie apr\u00e8s plus de douze ans de loyaux services.&hellip;\n","protected":false},"author":2,"featured_media":149983,"comment_status":"","ping_status":"","sticky":false,"template":"","format":"standard","meta":{"footnotes":"","_share_on_mastodon":"0"},"categories":[85],"tags":[116,1176,1452,22280,2667],"class_list":["post-149982","post","type-post","status-publish","format-standard","has-post-thumbnail","category-algerie","tag-algerie","tag-can-2025","tag-coupe-du-monde-2026","tag-islam-slimani","tag-riyad-mahrez"],"share_on_mastodon":{"url":"https:\/\/pubeurope.com\/@afrique\/116875450677583387","error":""},"_links":{"self":[{"href":"https:\/\/www.europesays.com\/afrique\/wp-json\/wp\/v2\/posts\/149982","targetHints":{"allow":["GET"]}}],"collection":[{"href":"https:\/\/www.europesays.com\/afrique\/wp-json\/wp\/v2\/posts"}],"about":[{"href":"https:\/\/www.europesays.com\/afrique\/wp-json\/wp\/v2\/types\/post"}],"author":[{"embeddable":true,"href":"https:\/\/www.europesays.com\/afrique\/wp-json\/wp\/v2\/users\/2"}],"replies":[{"embeddable":true,"href":"https:\/\/www.europesays.com\/afrique\/wp-json\/wp\/v2\/comments?post=149982"}],"version-history":[{"count":0,"href":"https:\/\/www.europesays.com\/afrique\/wp-json\/wp\/v2\/posts\/149982\/revisions"}],"wp:featuredmedia":[{"embeddable":true,"href":"https:\/\/www.europesays.com\/afrique\/wp-json\/wp\/v2\/media\/149983"}],"wp:attachment":[{"href":"https:\/\/www.europesays.com\/afrique\/wp-json\/wp\/v2\/media?parent=149982"}],"wp:term":[{"taxonomy":"category","embeddable":true,"href":"https:\/\/www.europesays.com\/afrique\/wp-json\/wp\/v2\/categories?post=149982"},{"taxonomy":"post_tag","embeddable":true,"href":"https:\/\/www.europesays.com\/afrique\/wp-json\/wp\/v2\/tags?post=149982"}],"curies":[{"name":"wp","href":"https:\/\/api.w.org\/{rel}","templated":true}]}}